{"id":1015,"date":"2003-11-03T14:52:40","date_gmt":"2003-11-03T12:52:40","guid":{"rendered":"http:\/\/www.ff-oepping.at\/wp\/?p=1015"},"modified":"2003-11-03T14:52:40","modified_gmt":"2003-11-03T12:52:40","slug":"30-jahre-oeppinger-bewerbsgruppe","status":"publish","type":"post","link":"https:\/\/www.ff-oepping.at\/cms\/die-feuerwehr\/30-jahre-oeppinger-bewerbsgruppe\/","title":{"rendered":"30 Jahre Oeppinger Bewerbsgruppe"},"content":{"rendered":"<p>30 Jahre Oeppinger Bewerbsgruppe<br \/>\nLudwig Eckerstorfer lud die Oeppinger Bewerbsgruppe \u201edie Oldies\u201c zum 30 j\u00e4hrigen Jubil\u00e4um der Gruppe ein und er hielt in diesem Rahmen auch R\u00fcckschau auf 35 Jahre im Kommando der Feuerwehr. Seiner Einladung waren neben dem Kommando und den Gruppenmitgliedern auch Bezirkskommandant Erich N\u00f6\u00dflb\u00f6ck, Abschnittskommandant Johann Gr\u00fcnzweil mit Gattin, Bezirksbewerbsleiter Martin Hackl mit Gattin und E-OAW Franz Neum\u00fcller gefolgt.<br \/>\nMit einer Foto-Schau und einer Filmvorf\u00fchrung wurden die 30 erfolgreichen Bewerbsjahre wieder in Erinnerung gerufen. Im besonderen aber brachte \u201eLuck\u201c mit einf\u00fchlsamen Worten eine umfassende R\u00fcckschau auf die H\u00f6hen und Tiefen im Oeppinger Bewerbsgeschehen.<br \/>\nAls Dankesch\u00f6n f\u00fcr seine langj\u00e4hrigen Bem\u00fchungen um das Bewerbswesen in Oepping \u00fcberreichte Kommandant Helmut Reischl im Namen aller Gruppenmitglieder eine steinerne Erinnerungsplakette.<br \/>\n<a href=\"http:\/\/www.ff-oepping.at\/cms\/wp-content\/uploads\/2013\/03\/30JahreOldies3.jpg\" data-rel=\"lightbox-gallery-qpI4P9Bb\" data-rl_title=\"\" data-rl_caption=\"\" title=\"\"><img loading=\"lazy\" decoding=\"async\" class=\"alignnone size-thumbnail wp-image-1020\" alt=\"OLYMPUS DIGITAL CAMERA\" src=\"http:\/\/www.ff-oepping.at\/cms\/wp-content\/uploads\/2013\/03\/30JahreOldies3-150x150.jpg\" width=\"150\" height=\"150\" \/><\/a> <a href=\"http:\/\/www.ff-oepping.at\/cms\/wp-content\/uploads\/2013\/03\/30JahreOldies1.jpg\" data-rel=\"lightbox-gallery-qpI4P9Bb\" data-rl_title=\"\" data-rl_caption=\"\" title=\"\"><img loading=\"lazy\" decoding=\"async\" class=\"alignnone size-thumbnail wp-image-1021\" alt=\"30JahreOldies1\" src=\"http:\/\/www.ff-oepping.at\/cms\/wp-content\/uploads\/2013\/03\/30JahreOldies1-150x150.jpg\" width=\"150\" height=\"150\" \/><\/a> <a href=\"http:\/\/www.ff-oepping.at\/cms\/wp-content\/uploads\/2013\/03\/30JahreOldies2.jpg\" data-rel=\"lightbox-gallery-qpI4P9Bb\" data-rl_title=\"\" data-rl_caption=\"\" title=\"\"><img loading=\"lazy\" decoding=\"async\" class=\"alignnone size-thumbnail wp-image-1022\" alt=\"OLYMPUS DIGITAL CAMERA\" src=\"http:\/\/www.ff-oepping.at\/cms\/wp-content\/uploads\/2013\/03\/30JahreOldies2-150x150.jpg\" width=\"150\" height=\"150\" \/><\/a><\/p>\n","protected":false},"excerpt":{"rendered":"<p>30 Jahre Oeppinger Bewerbsgruppe Ludwig Eckerstorfer lud die Oeppinger Bewerbsgruppe \u201edie Oldies\u201c zum 30 j\u00e4hrigen Jubil\u00e4um der Gruppe ein und er hielt in diesem Rahmen auch R\u00fcckschau auf 35 Jahre&hellip;<\/p>\n","protected":false},"author":5,"featured_media":1022,"comment_status":"closed","ping_status":"closed","sticky":false,"template":"","format":"standard","meta":{"footnotes":""},"categories":[40,4],"tags":[],"class_list":["post-1015","post","type-post","status-publish","format-standard","has-post-thumbnail","hentry","category-aktivitaeten","category-die-feuerwehr"],"views":1061,"wps_subtitle":"","_links":{"self":[{"href":"https:\/\/www.ff-oepping.at\/cms\/wp-json\/wp\/v2\/posts\/1015","targetHints":{"allow":["GET"]}}],"collection":[{"href":"https:\/\/www.ff-oepping.at\/cms\/wp-json\/wp\/v2\/posts"}],"about":[{"href":"https:\/\/www.ff-oepping.at\/cms\/wp-json\/wp\/v2\/types\/post"}],"author":[{"embeddable":true,"href":"https:\/\/www.ff-oepping.at\/cms\/wp-json\/wp\/v2\/users\/5"}],"replies":[{"embeddable":true,"href":"https:\/\/www.ff-oepping.at\/cms\/wp-json\/wp\/v2\/comments?post=1015"}],"version-history":[{"count":0,"href":"https:\/\/www.ff-oepping.at\/cms\/wp-json\/wp\/v2\/posts\/1015\/revisions"}],"wp:featuredmedia":[{"embeddable":true,"href":"https:\/\/www.ff-oepping.at\/cms\/wp-json\/wp\/v2\/media\/1022"}],"wp:attachment":[{"href":"https:\/\/www.ff-oepping.at\/cms\/wp-json\/wp\/v2\/media?parent=1015"}],"wp:term":[{"taxonomy":"category","embeddable":true,"href":"https:\/\/www.ff-oepping.at\/cms\/wp-json\/wp\/v2\/categories?post=1015"},{"taxonomy":"post_tag","embeddable":true,"href":"https:\/\/www.ff-oepping.at\/cms\/wp-json\/wp\/v2\/tags?post=1015"}],"curies":[{"name":"wp","href":"https:\/\/api.w.org\/{rel}","templated":true}]}}