{"id":10176,"date":"2020-07-12T13:19:31","date_gmt":"2020-07-12T11:19:31","guid":{"rendered":"https:\/\/www.ff-oepping.at\/cms\/?p=10176"},"modified":"2020-07-12T15:05:34","modified_gmt":"2020-07-12T13:05:34","slug":"historisches-ereignis-bei-der-ff-oepping","status":"publish","type":"post","link":"https:\/\/www.ff-oepping.at\/cms\/die-feuerwehr\/aktivitaeten\/historisches-ereignis-bei-der-ff-oepping\/","title":{"rendered":"Historisches Ereignis bei der FF-Oepping"},"content":{"rendered":"\n<p>Vor mehr als einem Jahr hat das Kommando der Feuerwehr Oepping sich dazu entschieden, die Feuerwehrfahne aus dem Jahr 1913 restaurieren zu lassen. <\/p>\n\n\n\n<p>Die Substanz der alten Fahne war durch den jahrelangen Gebrauch und die Lagerung doch schon sehr in Mitleidenschaft gezogen worden. Dies war auch der Grund, weshalb sie seit Mitte der 1990er Jahre nicht mehr bei Ausr\u00fcckungen mitgef\u00fchrt wurde. <\/p>\n\n\n\n<p>Unter der Federf\u00fchrung von Lotsenkommandant Rudi H\u00f6fler wurde in zahlreichen Sitzungen \u00fcber die verschiedensten M\u00f6glichkeiten der Restaurierung gesprochen. Schlussendlich hat man sich entschieden, den Auftrag der Firma Fahnen K\u00f6ssinger (Deutschland) zu erteilen. <\/p>\n\n\n\n<p>Die alte Feuerwehrfahne zeigt auf der einen Seite den Schutzpatron der Feuerwehr, den heiligen Florian mit dem M\u00fchlenrad. Mit diesem wurde er in der Enns ertr\u00e4nkt. Die zweite Seite ziert das ehemalige Abzeichen der Freiwilligen Feuerwehren mit Helm, Leitern, Schl\u00e4uchen, etc.<\/p>\n\n\n\n<figure class=\"wp-block-gallery columns-2 is-cropped wp-block-gallery-1 is-layout-flex wp-block-gallery-is-layout-flex\"><ul class=\"blocks-gallery-grid\"><li class=\"blocks-gallery-item\"><figure><a href=\"https:\/\/www.ff-oepping.at\/cms\/wp-content\/uploads\/2020\/07\/2020-07-11_Feuerwehrfahne-02.jpg\" data-rel=\"lightbox-gallery-VsLzhlx1\" data-rl_title=\"\" data-rl_caption=\"\" title=\"\"><img loading=\"lazy\" decoding=\"async\" width=\"1024\" height=\"684\" src=\"https:\/\/www.ff-oepping.at\/cms\/wp-content\/uploads\/2020\/07\/2020-07-11_Feuerwehrfahne-02-1024x684.jpg\" alt=\"\" data-id=\"10186\" data-full-url=\"https:\/\/www.ff-oepping.at\/cms\/wp-content\/uploads\/2020\/07\/2020-07-11_Feuerwehrfahne-02.jpg\" data-link=\"https:\/\/www.ff-oepping.at\/cms\/?attachment_id=10186\" class=\"wp-image-10186\" srcset=\"https:\/\/www.ff-oepping.at\/cms\/wp-content\/uploads\/2020\/07\/2020-07-11_Feuerwehrfahne-02-1024x684.jpg 1024w, https:\/\/www.ff-oepping.at\/cms\/wp-content\/uploads\/2020\/07\/2020-07-11_Feuerwehrfahne-02-300x200.jpg 300w, https:\/\/www.ff-oepping.at\/cms\/wp-content\/uploads\/2020\/07\/2020-07-11_Feuerwehrfahne-02-768x513.jpg 768w, https:\/\/www.ff-oepping.at\/cms\/wp-content\/uploads\/2020\/07\/2020-07-11_Feuerwehrfahne-02-1536x1025.jpg 1536w, https:\/\/www.ff-oepping.at\/cms\/wp-content\/uploads\/2020\/07\/2020-07-11_Feuerwehrfahne-02-1320x881.jpg 1320w, https:\/\/www.ff-oepping.at\/cms\/wp-content\/uploads\/2020\/07\/2020-07-11_Feuerwehrfahne-02.jpg 2000w\" sizes=\"auto, (max-width: 1024px) 100vw, 1024px\" \/><\/a><\/figure><\/li><li class=\"blocks-gallery-item\"><figure><a href=\"https:\/\/www.ff-oepping.at\/cms\/wp-content\/uploads\/2020\/07\/2020-07-11_Feuerwehrfahne-03.jpg\" data-rel=\"lightbox-gallery-VsLzhlx1\" data-rl_title=\"\" data-rl_caption=\"\" title=\"\"><img loading=\"lazy\" decoding=\"async\" width=\"1024\" height=\"684\" src=\"https:\/\/www.ff-oepping.at\/cms\/wp-content\/uploads\/2020\/07\/2020-07-11_Feuerwehrfahne-03-1024x684.jpg\" alt=\"\" data-id=\"10187\" data-full-url=\"https:\/\/www.ff-oepping.at\/cms\/wp-content\/uploads\/2020\/07\/2020-07-11_Feuerwehrfahne-03.jpg\" data-link=\"https:\/\/www.ff-oepping.at\/cms\/?attachment_id=10187\" class=\"wp-image-10187\" srcset=\"https:\/\/www.ff-oepping.at\/cms\/wp-content\/uploads\/2020\/07\/2020-07-11_Feuerwehrfahne-03-1024x684.jpg 1024w, https:\/\/www.ff-oepping.at\/cms\/wp-content\/uploads\/2020\/07\/2020-07-11_Feuerwehrfahne-03-300x200.jpg 300w, https:\/\/www.ff-oepping.at\/cms\/wp-content\/uploads\/2020\/07\/2020-07-11_Feuerwehrfahne-03-768x513.jpg 768w, https:\/\/www.ff-oepping.at\/cms\/wp-content\/uploads\/2020\/07\/2020-07-11_Feuerwehrfahne-03-1536x1025.jpg 1536w, https:\/\/www.ff-oepping.at\/cms\/wp-content\/uploads\/2020\/07\/2020-07-11_Feuerwehrfahne-03-1320x881.jpg 1320w, https:\/\/www.ff-oepping.at\/cms\/wp-content\/uploads\/2020\/07\/2020-07-11_Feuerwehrfahne-03.jpg 2000w\" sizes=\"auto, (max-width: 1024px) 100vw, 1024px\" \/><\/a><\/figure><\/li><li class=\"blocks-gallery-item\"><figure><a href=\"https:\/\/www.ff-oepping.at\/cms\/wp-content\/uploads\/2020\/07\/2020-07-11_Feuerwehrfahne-04.jpg\" data-rel=\"lightbox-gallery-VsLzhlx1\" data-rl_title=\"\" data-rl_caption=\"\" title=\"\"><img loading=\"lazy\" decoding=\"async\" width=\"1024\" height=\"684\" src=\"https:\/\/www.ff-oepping.at\/cms\/wp-content\/uploads\/2020\/07\/2020-07-11_Feuerwehrfahne-04-1024x684.jpg\" alt=\"\" data-id=\"10188\" data-full-url=\"https:\/\/www.ff-oepping.at\/cms\/wp-content\/uploads\/2020\/07\/2020-07-11_Feuerwehrfahne-04.jpg\" data-link=\"https:\/\/www.ff-oepping.at\/cms\/?attachment_id=10188\" class=\"wp-image-10188\" srcset=\"https:\/\/www.ff-oepping.at\/cms\/wp-content\/uploads\/2020\/07\/2020-07-11_Feuerwehrfahne-04-1024x684.jpg 1024w, https:\/\/www.ff-oepping.at\/cms\/wp-content\/uploads\/2020\/07\/2020-07-11_Feuerwehrfahne-04-300x200.jpg 300w, https:\/\/www.ff-oepping.at\/cms\/wp-content\/uploads\/2020\/07\/2020-07-11_Feuerwehrfahne-04-768x513.jpg 768w, https:\/\/www.ff-oepping.at\/cms\/wp-content\/uploads\/2020\/07\/2020-07-11_Feuerwehrfahne-04-1536x1025.jpg 1536w, https:\/\/www.ff-oepping.at\/cms\/wp-content\/uploads\/2020\/07\/2020-07-11_Feuerwehrfahne-04-1320x881.jpg 1320w, https:\/\/www.ff-oepping.at\/cms\/wp-content\/uploads\/2020\/07\/2020-07-11_Feuerwehrfahne-04.jpg 2000w\" sizes=\"auto, (max-width: 1024px) 100vw, 1024px\" \/><\/a><\/figure><\/li><li class=\"blocks-gallery-item\"><figure><a href=\"https:\/\/www.ff-oepping.at\/cms\/wp-content\/uploads\/2020\/07\/2020-07-11_Feuerwehrfahne-05.jpg\" data-rel=\"lightbox-gallery-VsLzhlx1\" data-rl_title=\"\" data-rl_caption=\"\" title=\"\"><img loading=\"lazy\" decoding=\"async\" width=\"1024\" height=\"684\" src=\"https:\/\/www.ff-oepping.at\/cms\/wp-content\/uploads\/2020\/07\/2020-07-11_Feuerwehrfahne-05-1024x684.jpg\" alt=\"\" data-id=\"10189\" data-full-url=\"https:\/\/www.ff-oepping.at\/cms\/wp-content\/uploads\/2020\/07\/2020-07-11_Feuerwehrfahne-05.jpg\" data-link=\"https:\/\/www.ff-oepping.at\/cms\/?attachment_id=10189\" class=\"wp-image-10189\" srcset=\"https:\/\/www.ff-oepping.at\/cms\/wp-content\/uploads\/2020\/07\/2020-07-11_Feuerwehrfahne-05-1024x684.jpg 1024w, https:\/\/www.ff-oepping.at\/cms\/wp-content\/uploads\/2020\/07\/2020-07-11_Feuerwehrfahne-05-300x200.jpg 300w, https:\/\/www.ff-oepping.at\/cms\/wp-content\/uploads\/2020\/07\/2020-07-11_Feuerwehrfahne-05-768x513.jpg 768w, https:\/\/www.ff-oepping.at\/cms\/wp-content\/uploads\/2020\/07\/2020-07-11_Feuerwehrfahne-05-1536x1025.jpg 1536w, https:\/\/www.ff-oepping.at\/cms\/wp-content\/uploads\/2020\/07\/2020-07-11_Feuerwehrfahne-05-1320x881.jpg 1320w, https:\/\/www.ff-oepping.at\/cms\/wp-content\/uploads\/2020\/07\/2020-07-11_Feuerwehrfahne-05.jpg 2000w\" sizes=\"auto, (max-width: 1024px) 100vw, 1024px\" \/><\/a><\/figure><\/li><\/ul><\/figure>\n\n\n\n<p>Gleichzeitig wurde auch die Beschaffung einer neuen Feuerwehrfahne beschlossen und mit der Erstellung ebenso die Firma Fahnen K\u00f6ssinger beauftragt. Die neue Feuerwehrfahne bildet auf der einen Seite auch den heiligen Florian ab. Die R\u00fcckseite zeigt ein markantes Bauwerk aus der Gemeinde Oepping &#8211; die <strong>Pfarrkirche<\/strong>, die der heiligen Maria Magdalena gewidmet ist.<\/p>\n\n\n\n<figure class=\"wp-block-gallery columns-3 is-cropped wp-block-gallery-2 is-layout-flex wp-block-gallery-is-layout-flex\"><ul class=\"blocks-gallery-grid\"><li class=\"blocks-gallery-item\"><figure><a href=\"https:\/\/www.ff-oepping.at\/cms\/wp-content\/uploads\/2020\/07\/2020-07-11_Feuerwehrfahne-06.jpg\" data-rel=\"lightbox-gallery-VsLzhlx1\" data-rl_title=\"\" data-rl_caption=\"\" title=\"\"><img loading=\"lazy\" decoding=\"async\" width=\"1024\" height=\"684\" src=\"https:\/\/www.ff-oepping.at\/cms\/wp-content\/uploads\/2020\/07\/2020-07-11_Feuerwehrfahne-06-1024x684.jpg\" alt=\"\" data-id=\"10190\" data-full-url=\"https:\/\/www.ff-oepping.at\/cms\/wp-content\/uploads\/2020\/07\/2020-07-11_Feuerwehrfahne-06.jpg\" data-link=\"https:\/\/www.ff-oepping.at\/cms\/?attachment_id=10190\" class=\"wp-image-10190\" srcset=\"https:\/\/www.ff-oepping.at\/cms\/wp-content\/uploads\/2020\/07\/2020-07-11_Feuerwehrfahne-06-1024x684.jpg 1024w, https:\/\/www.ff-oepping.at\/cms\/wp-content\/uploads\/2020\/07\/2020-07-11_Feuerwehrfahne-06-300x200.jpg 300w, https:\/\/www.ff-oepping.at\/cms\/wp-content\/uploads\/2020\/07\/2020-07-11_Feuerwehrfahne-06-768x513.jpg 768w, https:\/\/www.ff-oepping.at\/cms\/wp-content\/uploads\/2020\/07\/2020-07-11_Feuerwehrfahne-06-1536x1025.jpg 1536w, https:\/\/www.ff-oepping.at\/cms\/wp-content\/uploads\/2020\/07\/2020-07-11_Feuerwehrfahne-06-1320x881.jpg 1320w, https:\/\/www.ff-oepping.at\/cms\/wp-content\/uploads\/2020\/07\/2020-07-11_Feuerwehrfahne-06.jpg 2000w\" sizes=\"auto, (max-width: 1024px) 100vw, 1024px\" \/><\/a><\/figure><\/li><li class=\"blocks-gallery-item\"><figure><a href=\"https:\/\/www.ff-oepping.at\/cms\/wp-content\/uploads\/2020\/07\/2020-07-11_Feuerwehrfahne-07.jpg\" data-rel=\"lightbox-gallery-VsLzhlx1\" data-rl_title=\"\" data-rl_caption=\"\" title=\"\"><img loading=\"lazy\" decoding=\"async\" width=\"1024\" height=\"684\" src=\"https:\/\/www.ff-oepping.at\/cms\/wp-content\/uploads\/2020\/07\/2020-07-11_Feuerwehrfahne-07-1024x684.jpg\" alt=\"\" data-id=\"10191\" data-full-url=\"https:\/\/www.ff-oepping.at\/cms\/wp-content\/uploads\/2020\/07\/2020-07-11_Feuerwehrfahne-07.jpg\" data-link=\"https:\/\/www.ff-oepping.at\/cms\/?attachment_id=10191\" class=\"wp-image-10191\" srcset=\"https:\/\/www.ff-oepping.at\/cms\/wp-content\/uploads\/2020\/07\/2020-07-11_Feuerwehrfahne-07-1024x684.jpg 1024w, https:\/\/www.ff-oepping.at\/cms\/wp-content\/uploads\/2020\/07\/2020-07-11_Feuerwehrfahne-07-300x200.jpg 300w, https:\/\/www.ff-oepping.at\/cms\/wp-content\/uploads\/2020\/07\/2020-07-11_Feuerwehrfahne-07-768x513.jpg 768w, https:\/\/www.ff-oepping.at\/cms\/wp-content\/uploads\/2020\/07\/2020-07-11_Feuerwehrfahne-07-1536x1025.jpg 1536w, https:\/\/www.ff-oepping.at\/cms\/wp-content\/uploads\/2020\/07\/2020-07-11_Feuerwehrfahne-07-1320x881.jpg 1320w, https:\/\/www.ff-oepping.at\/cms\/wp-content\/uploads\/2020\/07\/2020-07-11_Feuerwehrfahne-07.jpg 2000w\" sizes=\"auto, (max-width: 1024px) 100vw, 1024px\" \/><\/a><\/figure><\/li><li class=\"blocks-gallery-item\"><figure><a href=\"https:\/\/www.ff-oepping.at\/cms\/wp-content\/uploads\/2020\/07\/2020-07-11_Feuerwehrfahne-08.jpg\" data-rel=\"lightbox-gallery-VsLzhlx1\" data-rl_title=\"\" data-rl_caption=\"\" title=\"\"><img loading=\"lazy\" decoding=\"async\" width=\"1024\" height=\"684\" src=\"https:\/\/www.ff-oepping.at\/cms\/wp-content\/uploads\/2020\/07\/2020-07-11_Feuerwehrfahne-08-1024x684.jpg\" alt=\"\" data-id=\"10192\" data-full-url=\"https:\/\/www.ff-oepping.at\/cms\/wp-content\/uploads\/2020\/07\/2020-07-11_Feuerwehrfahne-08.jpg\" data-link=\"https:\/\/www.ff-oepping.at\/cms\/?attachment_id=10192\" class=\"wp-image-10192\" srcset=\"https:\/\/www.ff-oepping.at\/cms\/wp-content\/uploads\/2020\/07\/2020-07-11_Feuerwehrfahne-08-1024x684.jpg 1024w, https:\/\/www.ff-oepping.at\/cms\/wp-content\/uploads\/2020\/07\/2020-07-11_Feuerwehrfahne-08-300x200.jpg 300w, https:\/\/www.ff-oepping.at\/cms\/wp-content\/uploads\/2020\/07\/2020-07-11_Feuerwehrfahne-08-768x513.jpg 768w, https:\/\/www.ff-oepping.at\/cms\/wp-content\/uploads\/2020\/07\/2020-07-11_Feuerwehrfahne-08-1536x1025.jpg 1536w, https:\/\/www.ff-oepping.at\/cms\/wp-content\/uploads\/2020\/07\/2020-07-11_Feuerwehrfahne-08-1320x881.jpg 1320w, https:\/\/www.ff-oepping.at\/cms\/wp-content\/uploads\/2020\/07\/2020-07-11_Feuerwehrfahne-08.jpg 2000w\" sizes=\"auto, (max-width: 1024px) 100vw, 1024px\" \/><\/a><\/figure><\/li><\/ul><\/figure>\n\n\n\n<p>Am <strong>Samstag den 11. Juli 2020 <\/strong>hat sich eine Abordnung des Kommandos nach Bayern aufgemacht, um die beiden Fahnen abzuholen.<\/p>\n\n\n\n<figure class=\"wp-block-gallery columns-2 is-cropped wp-block-gallery-3 is-layout-flex wp-block-gallery-is-layout-flex\"><ul class=\"blocks-gallery-grid\"><li class=\"blocks-gallery-item\"><figure><a href=\"https:\/\/www.ff-oepping.at\/cms\/wp-content\/uploads\/2020\/07\/2020-07-11_Feuerwehrfahne-12.jpg\" data-rel=\"lightbox-gallery-VsLzhlx1\" data-rl_title=\"\" data-rl_caption=\"\" title=\"\"><img loading=\"lazy\" decoding=\"async\" width=\"1024\" height=\"684\" src=\"https:\/\/www.ff-oepping.at\/cms\/wp-content\/uploads\/2020\/07\/2020-07-11_Feuerwehrfahne-12-1024x684.jpg\" alt=\"\" data-id=\"10196\" data-full-url=\"https:\/\/www.ff-oepping.at\/cms\/wp-content\/uploads\/2020\/07\/2020-07-11_Feuerwehrfahne-12.jpg\" data-link=\"https:\/\/www.ff-oepping.at\/cms\/?attachment_id=10196\" class=\"wp-image-10196\" srcset=\"https:\/\/www.ff-oepping.at\/cms\/wp-content\/uploads\/2020\/07\/2020-07-11_Feuerwehrfahne-12-1024x684.jpg 1024w, https:\/\/www.ff-oepping.at\/cms\/wp-content\/uploads\/2020\/07\/2020-07-11_Feuerwehrfahne-12-300x200.jpg 300w, https:\/\/www.ff-oepping.at\/cms\/wp-content\/uploads\/2020\/07\/2020-07-11_Feuerwehrfahne-12-768x513.jpg 768w, https:\/\/www.ff-oepping.at\/cms\/wp-content\/uploads\/2020\/07\/2020-07-11_Feuerwehrfahne-12-1536x1025.jpg 1536w, https:\/\/www.ff-oepping.at\/cms\/wp-content\/uploads\/2020\/07\/2020-07-11_Feuerwehrfahne-12-1320x881.jpg 1320w, https:\/\/www.ff-oepping.at\/cms\/wp-content\/uploads\/2020\/07\/2020-07-11_Feuerwehrfahne-12.jpg 2000w\" sizes=\"auto, (max-width: 1024px) 100vw, 1024px\" \/><\/a><\/figure><\/li><li class=\"blocks-gallery-item\"><figure><a href=\"https:\/\/www.ff-oepping.at\/cms\/wp-content\/uploads\/2020\/07\/2020-07-11_Feuerwehrfahne-11.jpg\" data-rel=\"lightbox-gallery-VsLzhlx1\" data-rl_title=\"\" data-rl_caption=\"\" title=\"\"><img loading=\"lazy\" decoding=\"async\" width=\"1024\" height=\"684\" src=\"https:\/\/www.ff-oepping.at\/cms\/wp-content\/uploads\/2020\/07\/2020-07-11_Feuerwehrfahne-11-1024x684.jpg\" alt=\"\" data-id=\"10195\" data-full-url=\"https:\/\/www.ff-oepping.at\/cms\/wp-content\/uploads\/2020\/07\/2020-07-11_Feuerwehrfahne-11.jpg\" data-link=\"https:\/\/www.ff-oepping.at\/cms\/?attachment_id=10195\" class=\"wp-image-10195\" srcset=\"https:\/\/www.ff-oepping.at\/cms\/wp-content\/uploads\/2020\/07\/2020-07-11_Feuerwehrfahne-11-1024x684.jpg 1024w, https:\/\/www.ff-oepping.at\/cms\/wp-content\/uploads\/2020\/07\/2020-07-11_Feuerwehrfahne-11-300x200.jpg 300w, https:\/\/www.ff-oepping.at\/cms\/wp-content\/uploads\/2020\/07\/2020-07-11_Feuerwehrfahne-11-768x513.jpg 768w, https:\/\/www.ff-oepping.at\/cms\/wp-content\/uploads\/2020\/07\/2020-07-11_Feuerwehrfahne-11-1536x1025.jpg 1536w, https:\/\/www.ff-oepping.at\/cms\/wp-content\/uploads\/2020\/07\/2020-07-11_Feuerwehrfahne-11-1320x881.jpg 1320w, https:\/\/www.ff-oepping.at\/cms\/wp-content\/uploads\/2020\/07\/2020-07-11_Feuerwehrfahne-11.jpg 2000w\" sizes=\"auto, (max-width: 1024px) 100vw, 1024px\" \/><\/a><\/figure><\/li><li class=\"blocks-gallery-item\"><figure><a href=\"https:\/\/www.ff-oepping.at\/cms\/wp-content\/uploads\/2020\/07\/2020-07-11_Feuerwehrfahne-10.jpg\" data-rel=\"lightbox-gallery-VsLzhlx1\" data-rl_title=\"\" data-rl_caption=\"\" title=\"\"><img loading=\"lazy\" decoding=\"async\" width=\"1024\" height=\"684\" src=\"https:\/\/www.ff-oepping.at\/cms\/wp-content\/uploads\/2020\/07\/2020-07-11_Feuerwehrfahne-10-1024x684.jpg\" alt=\"\" data-id=\"10194\" data-full-url=\"https:\/\/www.ff-oepping.at\/cms\/wp-content\/uploads\/2020\/07\/2020-07-11_Feuerwehrfahne-10.jpg\" data-link=\"https:\/\/www.ff-oepping.at\/cms\/?attachment_id=10194\" class=\"wp-image-10194\" srcset=\"https:\/\/www.ff-oepping.at\/cms\/wp-content\/uploads\/2020\/07\/2020-07-11_Feuerwehrfahne-10-1024x684.jpg 1024w, https:\/\/www.ff-oepping.at\/cms\/wp-content\/uploads\/2020\/07\/2020-07-11_Feuerwehrfahne-10-300x200.jpg 300w, https:\/\/www.ff-oepping.at\/cms\/wp-content\/uploads\/2020\/07\/2020-07-11_Feuerwehrfahne-10-768x513.jpg 768w, https:\/\/www.ff-oepping.at\/cms\/wp-content\/uploads\/2020\/07\/2020-07-11_Feuerwehrfahne-10-1536x1025.jpg 1536w, https:\/\/www.ff-oepping.at\/cms\/wp-content\/uploads\/2020\/07\/2020-07-11_Feuerwehrfahne-10-1320x881.jpg 1320w, https:\/\/www.ff-oepping.at\/cms\/wp-content\/uploads\/2020\/07\/2020-07-11_Feuerwehrfahne-10.jpg 2000w\" sizes=\"auto, (max-width: 1024px) 100vw, 1024px\" \/><\/a><\/figure><\/li><li class=\"blocks-gallery-item\"><figure><a href=\"https:\/\/www.ff-oepping.at\/cms\/wp-content\/uploads\/2020\/07\/2020-07-11_Feuerwehrfahne-09.jpg\" data-rel=\"lightbox-gallery-VsLzhlx1\" data-rl_title=\"\" data-rl_caption=\"\" title=\"\"><img loading=\"lazy\" decoding=\"async\" width=\"1024\" height=\"684\" src=\"https:\/\/www.ff-oepping.at\/cms\/wp-content\/uploads\/2020\/07\/2020-07-11_Feuerwehrfahne-09-1024x684.jpg\" alt=\"\" data-id=\"10193\" data-full-url=\"https:\/\/www.ff-oepping.at\/cms\/wp-content\/uploads\/2020\/07\/2020-07-11_Feuerwehrfahne-09.jpg\" data-link=\"https:\/\/www.ff-oepping.at\/cms\/?attachment_id=10193\" class=\"wp-image-10193\" srcset=\"https:\/\/www.ff-oepping.at\/cms\/wp-content\/uploads\/2020\/07\/2020-07-11_Feuerwehrfahne-09-1024x684.jpg 1024w, https:\/\/www.ff-oepping.at\/cms\/wp-content\/uploads\/2020\/07\/2020-07-11_Feuerwehrfahne-09-300x200.jpg 300w, https:\/\/www.ff-oepping.at\/cms\/wp-content\/uploads\/2020\/07\/2020-07-11_Feuerwehrfahne-09-768x513.jpg 768w, https:\/\/www.ff-oepping.at\/cms\/wp-content\/uploads\/2020\/07\/2020-07-11_Feuerwehrfahne-09-1536x1025.jpg 1536w, https:\/\/www.ff-oepping.at\/cms\/wp-content\/uploads\/2020\/07\/2020-07-11_Feuerwehrfahne-09-1320x881.jpg 1320w, https:\/\/www.ff-oepping.at\/cms\/wp-content\/uploads\/2020\/07\/2020-07-11_Feuerwehrfahne-09.jpg 2000w\" sizes=\"auto, (max-width: 1024px) 100vw, 1024px\" \/><\/a><\/figure><\/li><\/ul><\/figure>\n\n\n\n<p><\/p>\n","protected":false},"excerpt":{"rendered":"<p>Vor mehr als einem Jahr hat das Kommando der Feuerwehr Oepping sich dazu entschieden, die Feuerwehrfahne aus dem Jahr 1913 restaurieren zu lassen. Die Substanz der alten Fahne war durch&hellip;<\/p>\n","protected":false},"author":5,"featured_media":10185,"comment_status":"open","ping_status":"open","sticky":false,"template":"","format":"standard","meta":{"footnotes":""},"categories":[40],"tags":[],"class_list":["post-10176","post","type-post","status-publish","format-standard","has-post-thumbnail","hentry","category-aktivitaeten"],"views":1448,"wps_subtitle":"11. Juli 2020","_links":{"self":[{"href":"https:\/\/www.ff-oepping.at\/cms\/wp-json\/wp\/v2\/posts\/10176","targetHints":{"allow":["GET"]}}],"collection":[{"href":"https:\/\/www.ff-oepping.at\/cms\/wp-json\/wp\/v2\/posts"}],"about":[{"href":"https:\/\/www.ff-oepping.at\/cms\/wp-json\/wp\/v2\/types\/post"}],"author":[{"embeddable":true,"href":"https:\/\/www.ff-oepping.at\/cms\/wp-json\/wp\/v2\/users\/5"}],"replies":[{"embeddable":true,"href":"https:\/\/www.ff-oepping.at\/cms\/wp-json\/wp\/v2\/comments?post=10176"}],"version-history":[{"count":14,"href":"https:\/\/www.ff-oepping.at\/cms\/wp-json\/wp\/v2\/posts\/10176\/revisions"}],"predecessor-version":[{"id":10202,"href":"https:\/\/www.ff-oepping.at\/cms\/wp-json\/wp\/v2\/posts\/10176\/revisions\/10202"}],"wp:featuredmedia":[{"embeddable":true,"href":"https:\/\/www.ff-oepping.at\/cms\/wp-json\/wp\/v2\/media\/10185"}],"wp:attachment":[{"href":"https:\/\/www.ff-oepping.at\/cms\/wp-json\/wp\/v2\/media?parent=10176"}],"wp:term":[{"taxonomy":"category","embeddable":true,"href":"https:\/\/www.ff-oepping.at\/cms\/wp-json\/wp\/v2\/categories?post=10176"},{"taxonomy":"post_tag","embeddable":true,"href":"https:\/\/www.ff-oepping.at\/cms\/wp-json\/wp\/v2\/tags?post=10176"}],"curies":[{"name":"wp","href":"https:\/\/api.w.org\/{rel}","templated":true}]}}