{"id":1039,"date":"2004-01-08T14:58:17","date_gmt":"2004-01-08T12:58:17","guid":{"rendered":"http:\/\/www.ff-oepping.at\/wp\/?p=1039"},"modified":"2004-01-08T14:58:17","modified_gmt":"2004-01-08T12:58:17","slug":"gabriel-josef-obergrunau-feiert-seinen-70er","status":"publish","type":"post","link":"https:\/\/www.ff-oepping.at\/cms\/die-feuerwehr\/gabriel-josef-obergrunau-feiert-seinen-70er\/","title":{"rendered":"Gabriel Josef, Obergr\u00fcnau feiert seinen 70er"},"content":{"rendered":"<p>Feuerwehrkamerad Josef Gabriel feierte am 08. J\u00e4nner 2004 seinen 70. Geburtstag. Eine Abordnung des Kommandos stellte sich 5 Tage sp\u00e4ter beim r\u00fcstigen Jubilar als Gratulanten ein und \u00fcberbrachte ihm eine Florianstatue aus Wachs und ein Flasche Wein. In geselliger Runde wurde \u00fcber vieles gesprochen und es erstaunte die Kommandomitglieder sehr, dass Sepp viel Zeit am Computer verbringt.<br \/>\nDie Feuerwehr w\u00fcnscht dem Jubilar jedenfalls noch viele Jahre Gesundheit und noch viel Spa\u00df mit seinen Bits und Bytes.<br \/>\n<a href=\"http:\/\/www.ff-oepping.at\/cms\/wp-content\/uploads\/2013\/03\/GabrielJosef70_1.jpg\" data-rel=\"lightbox-gallery-RhoZrABR\" data-rl_title=\"\" data-rl_caption=\"\" title=\"\"><img loading=\"lazy\" decoding=\"async\" class=\"alignnone size-thumbnail wp-image-1042\" alt=\"GabrielJosef70_1\" src=\"http:\/\/www.ff-oepping.at\/cms\/wp-content\/uploads\/2013\/03\/GabrielJosef70_1-150x150.jpg\" width=\"150\" height=\"150\" \/><\/a> <a href=\"http:\/\/www.ff-oepping.at\/cms\/wp-content\/uploads\/2013\/03\/GabrielJosef70_2.jpg\" data-rel=\"lightbox-gallery-RhoZrABR\" data-rl_title=\"\" data-rl_caption=\"\" title=\"\"><img loading=\"lazy\" decoding=\"async\" class=\"alignnone size-thumbnail wp-image-1043\" alt=\"OLYMPUS DIGITAL CAMERA\" src=\"http:\/\/www.ff-oepping.at\/cms\/wp-content\/uploads\/2013\/03\/GabrielJosef70_2-150x150.jpg\" width=\"150\" height=\"150\" \/><\/a><\/p>\n","protected":false},"excerpt":{"rendered":"<p>Feuerwehrkamerad Josef Gabriel feierte am 08. J\u00e4nner 2004 seinen 70. Geburtstag. Eine Abordnung des Kommandos stellte sich 5 Tage sp\u00e4ter beim r\u00fcstigen Jubilar als Gratulanten ein und \u00fcberbrachte ihm eine&hellip;<\/p>\n","protected":false},"author":5,"featured_media":1042,"comment_status":"closed","ping_status":"closed","sticky":false,"template":"","format":"standard","meta":{"footnotes":""},"categories":[40,4],"tags":[],"class_list":["post-1039","post","type-post","status-publish","format-standard","has-post-thumbnail","hentry","category-aktivitaeten","category-die-feuerwehr"],"views":1142,"wps_subtitle":"","_links":{"self":[{"href":"https:\/\/www.ff-oepping.at\/cms\/wp-json\/wp\/v2\/posts\/1039","targetHints":{"allow":["GET"]}}],"collection":[{"href":"https:\/\/www.ff-oepping.at\/cms\/wp-json\/wp\/v2\/posts"}],"about":[{"href":"https:\/\/www.ff-oepping.at\/cms\/wp-json\/wp\/v2\/types\/post"}],"author":[{"embeddable":true,"href":"https:\/\/www.ff-oepping.at\/cms\/wp-json\/wp\/v2\/users\/5"}],"replies":[{"embeddable":true,"href":"https:\/\/www.ff-oepping.at\/cms\/wp-json\/wp\/v2\/comments?post=1039"}],"version-history":[{"count":0,"href":"https:\/\/www.ff-oepping.at\/cms\/wp-json\/wp\/v2\/posts\/1039\/revisions"}],"wp:featuredmedia":[{"embeddable":true,"href":"https:\/\/www.ff-oepping.at\/cms\/wp-json\/wp\/v2\/media\/1042"}],"wp:attachment":[{"href":"https:\/\/www.ff-oepping.at\/cms\/wp-json\/wp\/v2\/media?parent=1039"}],"wp:term":[{"taxonomy":"category","embeddable":true,"href":"https:\/\/www.ff-oepping.at\/cms\/wp-json\/wp\/v2\/categories?post=1039"},{"taxonomy":"post_tag","embeddable":true,"href":"https:\/\/www.ff-oepping.at\/cms\/wp-json\/wp\/v2\/tags?post=1039"}],"curies":[{"name":"wp","href":"https:\/\/api.w.org\/{rel}","templated":true}]}}