{"id":10649,"date":"2021-04-17T19:57:40","date_gmt":"2021-04-17T17:57:40","guid":{"rendered":"https:\/\/www.ff-oepping.at\/cms\/?p=10649"},"modified":"2021-04-17T19:57:43","modified_gmt":"2021-04-17T17:57:43","slug":"atemschutzleistungstest-abgelegt","status":"publish","type":"post","link":"https:\/\/www.ff-oepping.at\/cms\/die-feuerwehr\/aktivitaeten\/atemschutzleistungstest-abgelegt\/","title":{"rendered":"Atemschutzleistungstest abgelegt"},"content":{"rendered":"\n<p>Zur j\u00e4hrlichen Pflichtt\u00e4tigkeit eines Atemschutztr\u00e4gers geh\u00f6rt die Abhaltung des Atemschutzleistungstests. Dieser Test soll die gesundheitliche Eignung des Atemschutztr\u00e4gers f\u00fcr den Ernstfall gew\u00e4hrleisten.<\/p>\n\n\n\n<p>In verschiedenen Stationen wurde die Koordinationsf\u00e4higkeit und die Ausdauer unter schwerem Atemschutz auf die Probe gestellt. Dieser Test in den vorgegebenen f\u00fcnf Stationen wie etwa Stiegen steigen, gef\u00fcllte Kanister auf einer Strecke von A nach B verbringen, einen H\u00fcrdenparcour meistern, Schlauch wickeln und einen Reifen mit einem Schl\u00e4gel eine vorgegebene Strecke schlagen, soll das Arbeiten im realen Einsatz simulieren.<\/p>\n\n\n\n<figure class=\"wp-block-gallery columns-3 is-cropped wp-block-gallery-1 is-layout-flex wp-block-gallery-is-layout-flex\"><ul class=\"blocks-gallery-grid\"><li class=\"blocks-gallery-item\"><figure><a href=\"https:\/\/www.ff-oepping.at\/cms\/wp-content\/uploads\/2021\/04\/2021-04-17_Atemschutzleistungstest-03-scaled.jpg\" data-rel=\"lightbox-gallery-eV7d5aCr\" data-rl_title=\"\" data-rl_caption=\"\" title=\"\"><img loading=\"lazy\" decoding=\"async\" width=\"1024\" height=\"683\" src=\"https:\/\/www.ff-oepping.at\/cms\/wp-content\/uploads\/2021\/04\/2021-04-17_Atemschutzleistungstest-03-1024x683.jpg\" alt=\"\" data-id=\"10655\" data-full-url=\"https:\/\/www.ff-oepping.at\/cms\/wp-content\/uploads\/2021\/04\/2021-04-17_Atemschutzleistungstest-03-scaled.jpg\" data-link=\"https:\/\/www.ff-oepping.at\/cms\/?attachment_id=10655\" class=\"wp-image-10655\" srcset=\"https:\/\/www.ff-oepping.at\/cms\/wp-content\/uploads\/2021\/04\/2021-04-17_Atemschutzleistungstest-03-1024x683.jpg 1024w, https:\/\/www.ff-oepping.at\/cms\/wp-content\/uploads\/2021\/04\/2021-04-17_Atemschutzleistungstest-03-300x200.jpg 300w, https:\/\/www.ff-oepping.at\/cms\/wp-content\/uploads\/2021\/04\/2021-04-17_Atemschutzleistungstest-03-768x512.jpg 768w, https:\/\/www.ff-oepping.at\/cms\/wp-content\/uploads\/2021\/04\/2021-04-17_Atemschutzleistungstest-03-1536x1025.jpg 1536w, https:\/\/www.ff-oepping.at\/cms\/wp-content\/uploads\/2021\/04\/2021-04-17_Atemschutzleistungstest-03-2048x1367.jpg 2048w, https:\/\/www.ff-oepping.at\/cms\/wp-content\/uploads\/2021\/04\/2021-04-17_Atemschutzleistungstest-03-1320x881.jpg 1320w\" sizes=\"auto, (max-width: 1024px) 100vw, 1024px\" \/><\/a><\/figure><\/li><li class=\"blocks-gallery-item\"><figure><a href=\"https:\/\/www.ff-oepping.at\/cms\/wp-content\/uploads\/2021\/04\/2021-04-17_Atemschutzleistungstest-02-scaled.jpg\" data-rel=\"lightbox-gallery-eV7d5aCr\" data-rl_title=\"\" data-rl_caption=\"\" title=\"\"><img loading=\"lazy\" decoding=\"async\" width=\"1024\" height=\"683\" src=\"https:\/\/www.ff-oepping.at\/cms\/wp-content\/uploads\/2021\/04\/2021-04-17_Atemschutzleistungstest-02-1024x683.jpg\" alt=\"\" data-id=\"10654\" data-full-url=\"https:\/\/www.ff-oepping.at\/cms\/wp-content\/uploads\/2021\/04\/2021-04-17_Atemschutzleistungstest-02-scaled.jpg\" data-link=\"https:\/\/www.ff-oepping.at\/cms\/?attachment_id=10654\" class=\"wp-image-10654\" srcset=\"https:\/\/www.ff-oepping.at\/cms\/wp-content\/uploads\/2021\/04\/2021-04-17_Atemschutzleistungstest-02-1024x683.jpg 1024w, https:\/\/www.ff-oepping.at\/cms\/wp-content\/uploads\/2021\/04\/2021-04-17_Atemschutzleistungstest-02-300x200.jpg 300w, https:\/\/www.ff-oepping.at\/cms\/wp-content\/uploads\/2021\/04\/2021-04-17_Atemschutzleistungstest-02-768x512.jpg 768w, https:\/\/www.ff-oepping.at\/cms\/wp-content\/uploads\/2021\/04\/2021-04-17_Atemschutzleistungstest-02-1536x1025.jpg 1536w, https:\/\/www.ff-oepping.at\/cms\/wp-content\/uploads\/2021\/04\/2021-04-17_Atemschutzleistungstest-02-2048x1367.jpg 2048w, https:\/\/www.ff-oepping.at\/cms\/wp-content\/uploads\/2021\/04\/2021-04-17_Atemschutzleistungstest-02-1320x881.jpg 1320w\" sizes=\"auto, (max-width: 1024px) 100vw, 1024px\" \/><\/a><\/figure><\/li><li class=\"blocks-gallery-item\"><figure><a href=\"https:\/\/www.ff-oepping.at\/cms\/wp-content\/uploads\/2021\/04\/2021-04-17_Atemschutzleistungstest-01-scaled.jpg\" data-rel=\"lightbox-gallery-eV7d5aCr\" data-rl_title=\"\" data-rl_caption=\"\" title=\"\"><img loading=\"lazy\" decoding=\"async\" width=\"1024\" height=\"683\" src=\"https:\/\/www.ff-oepping.at\/cms\/wp-content\/uploads\/2021\/04\/2021-04-17_Atemschutzleistungstest-01-1024x683.jpg\" alt=\"\" data-id=\"10653\" data-full-url=\"https:\/\/www.ff-oepping.at\/cms\/wp-content\/uploads\/2021\/04\/2021-04-17_Atemschutzleistungstest-01-scaled.jpg\" data-link=\"https:\/\/www.ff-oepping.at\/cms\/?attachment_id=10653\" class=\"wp-image-10653\" srcset=\"https:\/\/www.ff-oepping.at\/cms\/wp-content\/uploads\/2021\/04\/2021-04-17_Atemschutzleistungstest-01-1024x683.jpg 1024w, https:\/\/www.ff-oepping.at\/cms\/wp-content\/uploads\/2021\/04\/2021-04-17_Atemschutzleistungstest-01-300x200.jpg 300w, https:\/\/www.ff-oepping.at\/cms\/wp-content\/uploads\/2021\/04\/2021-04-17_Atemschutzleistungstest-01-768x512.jpg 768w, https:\/\/www.ff-oepping.at\/cms\/wp-content\/uploads\/2021\/04\/2021-04-17_Atemschutzleistungstest-01-1536x1025.jpg 1536w, https:\/\/www.ff-oepping.at\/cms\/wp-content\/uploads\/2021\/04\/2021-04-17_Atemschutzleistungstest-01-2048x1367.jpg 2048w, https:\/\/www.ff-oepping.at\/cms\/wp-content\/uploads\/2021\/04\/2021-04-17_Atemschutzleistungstest-01-1320x881.jpg 1320w\" sizes=\"auto, (max-width: 1024px) 100vw, 1024px\" \/><\/a><\/figure><\/li><li class=\"blocks-gallery-item\"><figure><a href=\"https:\/\/www.ff-oepping.at\/cms\/wp-content\/uploads\/2021\/04\/2021-04-17_Atemschutzleistungstest-04-scaled.jpg\" data-rel=\"lightbox-gallery-eV7d5aCr\" data-rl_title=\"\" data-rl_caption=\"\" title=\"\"><img loading=\"lazy\" decoding=\"async\" width=\"1024\" height=\"683\" src=\"https:\/\/www.ff-oepping.at\/cms\/wp-content\/uploads\/2021\/04\/2021-04-17_Atemschutzleistungstest-04-1024x683.jpg\" alt=\"\" data-id=\"10652\" data-full-url=\"https:\/\/www.ff-oepping.at\/cms\/wp-content\/uploads\/2021\/04\/2021-04-17_Atemschutzleistungstest-04-scaled.jpg\" data-link=\"https:\/\/www.ff-oepping.at\/cms\/?attachment_id=10652\" class=\"wp-image-10652\" srcset=\"https:\/\/www.ff-oepping.at\/cms\/wp-content\/uploads\/2021\/04\/2021-04-17_Atemschutzleistungstest-04-1024x683.jpg 1024w, https:\/\/www.ff-oepping.at\/cms\/wp-content\/uploads\/2021\/04\/2021-04-17_Atemschutzleistungstest-04-300x200.jpg 300w, https:\/\/www.ff-oepping.at\/cms\/wp-content\/uploads\/2021\/04\/2021-04-17_Atemschutzleistungstest-04-768x512.jpg 768w, https:\/\/www.ff-oepping.at\/cms\/wp-content\/uploads\/2021\/04\/2021-04-17_Atemschutzleistungstest-04-1536x1025.jpg 1536w, https:\/\/www.ff-oepping.at\/cms\/wp-content\/uploads\/2021\/04\/2021-04-17_Atemschutzleistungstest-04-2048x1367.jpg 2048w, https:\/\/www.ff-oepping.at\/cms\/wp-content\/uploads\/2021\/04\/2021-04-17_Atemschutzleistungstest-04-1320x881.jpg 1320w\" sizes=\"auto, (max-width: 1024px) 100vw, 1024px\" \/><\/a><\/figure><\/li><\/ul><\/figure>\n","protected":false},"excerpt":{"rendered":"<p>Zur j\u00e4hrlichen Pflichtt\u00e4tigkeit eines Atemschutztr\u00e4gers geh\u00f6rt die Abhaltung des Atemschutzleistungstests. Dieser Test soll die gesundheitliche Eignung des Atemschutztr\u00e4gers f\u00fcr den Ernstfall gew\u00e4hrleisten. In verschiedenen Stationen wurde die Koordinationsf\u00e4higkeit und die&hellip;<\/p>\n","protected":false},"author":5,"featured_media":10652,"comment_status":"open","ping_status":"open","sticky":false,"template":"","format":"standard","meta":{"footnotes":""},"categories":[40],"tags":[200,203,204],"class_list":["post-10649","post","type-post","status-publish","format-standard","has-post-thumbnail","hentry","category-aktivitaeten","tag-atemschutz","tag-atemschutzleistungstest","tag-finnentest"],"views":582,"wps_subtitle":"17. April 2021","_links":{"self":[{"href":"https:\/\/www.ff-oepping.at\/cms\/wp-json\/wp\/v2\/posts\/10649","targetHints":{"allow":["GET"]}}],"collection":[{"href":"https:\/\/www.ff-oepping.at\/cms\/wp-json\/wp\/v2\/posts"}],"about":[{"href":"https:\/\/www.ff-oepping.at\/cms\/wp-json\/wp\/v2\/types\/post"}],"author":[{"embeddable":true,"href":"https:\/\/www.ff-oepping.at\/cms\/wp-json\/wp\/v2\/users\/5"}],"replies":[{"embeddable":true,"href":"https:\/\/www.ff-oepping.at\/cms\/wp-json\/wp\/v2\/comments?post=10649"}],"version-history":[{"count":6,"href":"https:\/\/www.ff-oepping.at\/cms\/wp-json\/wp\/v2\/posts\/10649\/revisions"}],"predecessor-version":[{"id":10659,"href":"https:\/\/www.ff-oepping.at\/cms\/wp-json\/wp\/v2\/posts\/10649\/revisions\/10659"}],"wp:featuredmedia":[{"embeddable":true,"href":"https:\/\/www.ff-oepping.at\/cms\/wp-json\/wp\/v2\/media\/10652"}],"wp:attachment":[{"href":"https:\/\/www.ff-oepping.at\/cms\/wp-json\/wp\/v2\/media?parent=10649"}],"wp:term":[{"taxonomy":"category","embeddable":true,"href":"https:\/\/www.ff-oepping.at\/cms\/wp-json\/wp\/v2\/categories?post=10649"},{"taxonomy":"post_tag","embeddable":true,"href":"https:\/\/www.ff-oepping.at\/cms\/wp-json\/wp\/v2\/tags?post=10649"}],"curies":[{"name":"wp","href":"https:\/\/api.w.org\/{rel}","templated":true}]}}