{"id":10808,"date":"2021-07-13T23:55:13","date_gmt":"2021-07-13T21:55:13","guid":{"rendered":"https:\/\/www.ff-oepping.at\/cms\/?p=10808"},"modified":"2021-08-23T13:53:57","modified_gmt":"2021-08-23T11:53:57","slug":"brandeinsatz-bei-getreidetrocknungsanlage","status":"publish","type":"post","link":"https:\/\/www.ff-oepping.at\/cms\/einsatze\/einsatz-2021\/brandeinsatz-bei-getreidetrocknungsanlage\/","title":{"rendered":"Brandeinsatz bei Getreidetrocknungsanlage"},"content":{"rendered":"\n<p>Aufgrund starker Rauch- und W\u00e4rmeentwicklung bei einer Getreidetrocknungsanlage, wurden die Feuerwehren <a href=\"https:\/\/www.ffgoetzendorf.com\/2021\/07\/15\/brandeinsatz-in-untergruenau\/\" target=\"_blank\" rel=\"noreferrer noopener\">G\u00f6tzendorf <\/a>und Oepping zu einem Einsatz alarmiert. <\/p>\n\n\n\n<p>Noch w\u00e4hrend der Anfahrt wurde vom Einsatzleiter, aufgrund ben\u00f6tigter Atemschutzkr\u00e4fte, auf Alarmstufe 2 (<a href=\"http:\/\/www.ff-peilstein.at\/brand-im-silo-einer-getreidetrocknungsanlage\/\" target=\"_blank\" rel=\"noreferrer noopener\">Peilstein <\/a>und <a href=\"https:\/\/www.kirchbach-ooe.at\/ff\/getreidesilobrand\/\" data-type=\"URL\" data-id=\"https:\/\/www.kirchbach-ooe.at\/ff\/getreidesilobrand\/\" target=\"_blank\" rel=\"noreferrer noopener\">Kirchbach<\/a>) erh\u00f6ht. <\/p>\n\n\n\n<p>Vor Ort bestand die Aufgabe der Feuerwehren im Erstellen einer Zubringeleitung, von dem in der &#8222;M\u00fchledt&#8220; befindlichen L\u00f6schwasserbeh\u00e4lter. Die Atemschutztrupps schufen w\u00e4hrenddessen am unteren Bereich der Trocknungsanlage eine \u00d6ffnung, um einen etwaigen Brandherd zu lokalisieren.<\/p>\n\n\n\n<p>Im Anschluss wurde von oben mittels Wasser das Innere der Anlage gek\u00fchlt. Zu guter Letzt wurde noch mittels W\u00e4rmebildkamera auf bestehende W\u00e4rmequellen kontrolliert.<\/p>\n\n\n\n<figure class=\"wp-block-gallery columns-3 is-cropped wp-block-gallery-1 is-layout-flex wp-block-gallery-is-layout-flex\"><ul class=\"blocks-gallery-grid\"><li class=\"blocks-gallery-item\"><figure><a href=\"https:\/\/www.ff-oepping.at\/cms\/wp-content\/uploads\/2021\/07\/2021-07-13_Einsatz_Getreidetrockungsanlage_1.jpg\" data-rel=\"lightbox-gallery-86dSoMrv\" data-rl_title=\"\" data-rl_caption=\"\" title=\"\"><img loading=\"lazy\" decoding=\"async\" width=\"1024\" height=\"682\" src=\"https:\/\/www.ff-oepping.at\/cms\/wp-content\/uploads\/2021\/07\/2021-07-13_Einsatz_Getreidetrockungsanlage_1-1024x682.jpg\" alt=\"\" data-id=\"10812\" data-full-url=\"https:\/\/www.ff-oepping.at\/cms\/wp-content\/uploads\/2021\/07\/2021-07-13_Einsatz_Getreidetrockungsanlage_1.jpg\" data-link=\"https:\/\/www.ff-oepping.at\/cms\/?attachment_id=10812\" class=\"wp-image-10812\" srcset=\"https:\/\/www.ff-oepping.at\/cms\/wp-content\/uploads\/2021\/07\/2021-07-13_Einsatz_Getreidetrockungsanlage_1-1024x682.jpg 1024w, https:\/\/www.ff-oepping.at\/cms\/wp-content\/uploads\/2021\/07\/2021-07-13_Einsatz_Getreidetrockungsanlage_1-300x200.jpg 300w, https:\/\/www.ff-oepping.at\/cms\/wp-content\/uploads\/2021\/07\/2021-07-13_Einsatz_Getreidetrockungsanlage_1-768x512.jpg 768w, https:\/\/www.ff-oepping.at\/cms\/wp-content\/uploads\/2021\/07\/2021-07-13_Einsatz_Getreidetrockungsanlage_1.jpg 1280w\" sizes=\"auto, (max-width: 1024px) 100vw, 1024px\" \/><\/a><\/figure><\/li><li class=\"blocks-gallery-item\"><figure><a href=\"https:\/\/www.ff-oepping.at\/cms\/wp-content\/uploads\/2021\/07\/2021-07-13_Einsatz_Getreidetrockungsanlage_2.jpg\" data-rel=\"lightbox-gallery-86dSoMrv\" data-rl_title=\"\" data-rl_caption=\"\" title=\"\"><img loading=\"lazy\" decoding=\"async\" width=\"1024\" height=\"682\" src=\"https:\/\/www.ff-oepping.at\/cms\/wp-content\/uploads\/2021\/07\/2021-07-13_Einsatz_Getreidetrockungsanlage_2-1024x682.jpg\" alt=\"\" data-id=\"10813\" data-full-url=\"https:\/\/www.ff-oepping.at\/cms\/wp-content\/uploads\/2021\/07\/2021-07-13_Einsatz_Getreidetrockungsanlage_2.jpg\" data-link=\"https:\/\/www.ff-oepping.at\/cms\/?attachment_id=10813\" class=\"wp-image-10813\" srcset=\"https:\/\/www.ff-oepping.at\/cms\/wp-content\/uploads\/2021\/07\/2021-07-13_Einsatz_Getreidetrockungsanlage_2-1024x682.jpg 1024w, https:\/\/www.ff-oepping.at\/cms\/wp-content\/uploads\/2021\/07\/2021-07-13_Einsatz_Getreidetrockungsanlage_2-300x200.jpg 300w, https:\/\/www.ff-oepping.at\/cms\/wp-content\/uploads\/2021\/07\/2021-07-13_Einsatz_Getreidetrockungsanlage_2-768x512.jpg 768w, https:\/\/www.ff-oepping.at\/cms\/wp-content\/uploads\/2021\/07\/2021-07-13_Einsatz_Getreidetrockungsanlage_2.jpg 1280w\" sizes=\"auto, (max-width: 1024px) 100vw, 1024px\" \/><\/a><\/figure><\/li><li class=\"blocks-gallery-item\"><figure><a href=\"https:\/\/www.ff-oepping.at\/cms\/wp-content\/uploads\/2021\/07\/2021-07-13_Einsatz_Getreidetrockungsanlage_3.jpg\" data-rel=\"lightbox-gallery-86dSoMrv\" data-rl_title=\"\" data-rl_caption=\"\" title=\"\"><img loading=\"lazy\" decoding=\"async\" width=\"1024\" height=\"682\" src=\"https:\/\/www.ff-oepping.at\/cms\/wp-content\/uploads\/2021\/07\/2021-07-13_Einsatz_Getreidetrockungsanlage_3-1024x682.jpg\" alt=\"\" data-id=\"10814\" data-full-url=\"https:\/\/www.ff-oepping.at\/cms\/wp-content\/uploads\/2021\/07\/2021-07-13_Einsatz_Getreidetrockungsanlage_3.jpg\" data-link=\"https:\/\/www.ff-oepping.at\/cms\/?attachment_id=10814\" class=\"wp-image-10814\" srcset=\"https:\/\/www.ff-oepping.at\/cms\/wp-content\/uploads\/2021\/07\/2021-07-13_Einsatz_Getreidetrockungsanlage_3-1024x682.jpg 1024w, https:\/\/www.ff-oepping.at\/cms\/wp-content\/uploads\/2021\/07\/2021-07-13_Einsatz_Getreidetrockungsanlage_3-300x200.jpg 300w, https:\/\/www.ff-oepping.at\/cms\/wp-content\/uploads\/2021\/07\/2021-07-13_Einsatz_Getreidetrockungsanlage_3-768x512.jpg 768w, https:\/\/www.ff-oepping.at\/cms\/wp-content\/uploads\/2021\/07\/2021-07-13_Einsatz_Getreidetrockungsanlage_3.jpg 1280w\" sizes=\"auto, (max-width: 1024px) 100vw, 1024px\" \/><\/a><\/figure><\/li><li class=\"blocks-gallery-item\"><figure><a href=\"https:\/\/www.ff-oepping.at\/cms\/wp-content\/uploads\/2021\/07\/2021-07-13_Einsatz_Getreidetrockungsanlage_4.jpg\" data-rel=\"lightbox-gallery-86dSoMrv\" data-rl_title=\"\" data-rl_caption=\"\" title=\"\"><img loading=\"lazy\" decoding=\"async\" width=\"1024\" height=\"682\" src=\"https:\/\/www.ff-oepping.at\/cms\/wp-content\/uploads\/2021\/07\/2021-07-13_Einsatz_Getreidetrockungsanlage_4-1024x682.jpg\" alt=\"\" data-id=\"10815\" data-full-url=\"https:\/\/www.ff-oepping.at\/cms\/wp-content\/uploads\/2021\/07\/2021-07-13_Einsatz_Getreidetrockungsanlage_4.jpg\" data-link=\"https:\/\/www.ff-oepping.at\/cms\/?attachment_id=10815\" class=\"wp-image-10815\" srcset=\"https:\/\/www.ff-oepping.at\/cms\/wp-content\/uploads\/2021\/07\/2021-07-13_Einsatz_Getreidetrockungsanlage_4-1024x682.jpg 1024w, https:\/\/www.ff-oepping.at\/cms\/wp-content\/uploads\/2021\/07\/2021-07-13_Einsatz_Getreidetrockungsanlage_4-300x200.jpg 300w, https:\/\/www.ff-oepping.at\/cms\/wp-content\/uploads\/2021\/07\/2021-07-13_Einsatz_Getreidetrockungsanlage_4-768x512.jpg 768w, https:\/\/www.ff-oepping.at\/cms\/wp-content\/uploads\/2021\/07\/2021-07-13_Einsatz_Getreidetrockungsanlage_4.jpg 1280w\" sizes=\"auto, (max-width: 1024px) 100vw, 1024px\" \/><\/a><\/figure><\/li><li class=\"blocks-gallery-item\"><figure><a href=\"https:\/\/www.ff-oepping.at\/cms\/wp-content\/uploads\/2021\/07\/2021-07-13_Einsatz_Getreidetrockungsanlage_5.jpg\" data-rel=\"lightbox-gallery-86dSoMrv\" data-rl_title=\"\" data-rl_caption=\"\" title=\"\"><img loading=\"lazy\" decoding=\"async\" width=\"1024\" height=\"682\" src=\"https:\/\/www.ff-oepping.at\/cms\/wp-content\/uploads\/2021\/07\/2021-07-13_Einsatz_Getreidetrockungsanlage_5-1024x682.jpg\" alt=\"\" data-id=\"10816\" data-full-url=\"https:\/\/www.ff-oepping.at\/cms\/wp-content\/uploads\/2021\/07\/2021-07-13_Einsatz_Getreidetrockungsanlage_5.jpg\" data-link=\"https:\/\/www.ff-oepping.at\/cms\/?attachment_id=10816\" class=\"wp-image-10816\" srcset=\"https:\/\/www.ff-oepping.at\/cms\/wp-content\/uploads\/2021\/07\/2021-07-13_Einsatz_Getreidetrockungsanlage_5-1024x682.jpg 1024w, https:\/\/www.ff-oepping.at\/cms\/wp-content\/uploads\/2021\/07\/2021-07-13_Einsatz_Getreidetrockungsanlage_5-300x200.jpg 300w, https:\/\/www.ff-oepping.at\/cms\/wp-content\/uploads\/2021\/07\/2021-07-13_Einsatz_Getreidetrockungsanlage_5-768x512.jpg 768w, https:\/\/www.ff-oepping.at\/cms\/wp-content\/uploads\/2021\/07\/2021-07-13_Einsatz_Getreidetrockungsanlage_5.jpg 1280w\" sizes=\"auto, (max-width: 1024px) 100vw, 1024px\" \/><\/a><\/figure><\/li><li class=\"blocks-gallery-item\"><figure><a href=\"https:\/\/www.ff-oepping.at\/cms\/wp-content\/uploads\/2021\/07\/2021-07-13_Einsatz_Getreidetrockungsanlage_6.jpeg\" data-rel=\"lightbox-gallery-86dSoMrv\" data-rl_title=\"\" data-rl_caption=\"\" title=\"\"><img loading=\"lazy\" decoding=\"async\" width=\"1024\" height=\"682\" src=\"https:\/\/www.ff-oepping.at\/cms\/wp-content\/uploads\/2021\/07\/2021-07-13_Einsatz_Getreidetrockungsanlage_6-1024x682.jpeg\" alt=\"\" data-id=\"10817\" data-full-url=\"https:\/\/www.ff-oepping.at\/cms\/wp-content\/uploads\/2021\/07\/2021-07-13_Einsatz_Getreidetrockungsanlage_6.jpeg\" data-link=\"https:\/\/www.ff-oepping.at\/cms\/?attachment_id=10817\" class=\"wp-image-10817\" srcset=\"https:\/\/www.ff-oepping.at\/cms\/wp-content\/uploads\/2021\/07\/2021-07-13_Einsatz_Getreidetrockungsanlage_6-1024x682.jpeg 1024w, https:\/\/www.ff-oepping.at\/cms\/wp-content\/uploads\/2021\/07\/2021-07-13_Einsatz_Getreidetrockungsanlage_6-300x200.jpeg 300w, https:\/\/www.ff-oepping.at\/cms\/wp-content\/uploads\/2021\/07\/2021-07-13_Einsatz_Getreidetrockungsanlage_6-768x512.jpeg 768w, https:\/\/www.ff-oepping.at\/cms\/wp-content\/uploads\/2021\/07\/2021-07-13_Einsatz_Getreidetrockungsanlage_6.jpeg 1280w\" sizes=\"auto, (max-width: 1024px) 100vw, 1024px\" \/><\/a><\/figure><\/li><li class=\"blocks-gallery-item\"><figure><a href=\"https:\/\/www.ff-oepping.at\/cms\/wp-content\/uploads\/2021\/07\/2021-07-13_Einsatz_Getreidetrockungsanlage_7.jpeg\" data-rel=\"lightbox-gallery-86dSoMrv\" data-rl_title=\"\" data-rl_caption=\"\" title=\"\"><img loading=\"lazy\" decoding=\"async\" width=\"1024\" height=\"682\" src=\"https:\/\/www.ff-oepping.at\/cms\/wp-content\/uploads\/2021\/07\/2021-07-13_Einsatz_Getreidetrockungsanlage_7-1024x682.jpeg\" alt=\"\" data-id=\"10818\" data-full-url=\"https:\/\/www.ff-oepping.at\/cms\/wp-content\/uploads\/2021\/07\/2021-07-13_Einsatz_Getreidetrockungsanlage_7.jpeg\" data-link=\"https:\/\/www.ff-oepping.at\/cms\/?attachment_id=10818\" class=\"wp-image-10818\" srcset=\"https:\/\/www.ff-oepping.at\/cms\/wp-content\/uploads\/2021\/07\/2021-07-13_Einsatz_Getreidetrockungsanlage_7-1024x682.jpeg 1024w, https:\/\/www.ff-oepping.at\/cms\/wp-content\/uploads\/2021\/07\/2021-07-13_Einsatz_Getreidetrockungsanlage_7-300x200.jpeg 300w, https:\/\/www.ff-oepping.at\/cms\/wp-content\/uploads\/2021\/07\/2021-07-13_Einsatz_Getreidetrockungsanlage_7-768x512.jpeg 768w, https:\/\/www.ff-oepping.at\/cms\/wp-content\/uploads\/2021\/07\/2021-07-13_Einsatz_Getreidetrockungsanlage_7.jpeg 1280w\" sizes=\"auto, (max-width: 1024px) 100vw, 1024px\" \/><\/a><\/figure><\/li><li class=\"blocks-gallery-item\"><figure><a href=\"https:\/\/www.ff-oepping.at\/cms\/wp-content\/uploads\/2021\/07\/2021-07-13_Einsatz_Getreidetrockungsanlage_8.jpeg\" data-rel=\"lightbox-gallery-86dSoMrv\" data-rl_title=\"\" data-rl_caption=\"\" title=\"\"><img loading=\"lazy\" decoding=\"async\" width=\"1024\" height=\"682\" src=\"https:\/\/www.ff-oepping.at\/cms\/wp-content\/uploads\/2021\/07\/2021-07-13_Einsatz_Getreidetrockungsanlage_8-1024x682.jpeg\" alt=\"\" data-id=\"10819\" data-full-url=\"https:\/\/www.ff-oepping.at\/cms\/wp-content\/uploads\/2021\/07\/2021-07-13_Einsatz_Getreidetrockungsanlage_8.jpeg\" data-link=\"https:\/\/www.ff-oepping.at\/cms\/?attachment_id=10819\" class=\"wp-image-10819\" srcset=\"https:\/\/www.ff-oepping.at\/cms\/wp-content\/uploads\/2021\/07\/2021-07-13_Einsatz_Getreidetrockungsanlage_8-1024x682.jpeg 1024w, https:\/\/www.ff-oepping.at\/cms\/wp-content\/uploads\/2021\/07\/2021-07-13_Einsatz_Getreidetrockungsanlage_8-300x200.jpeg 300w, https:\/\/www.ff-oepping.at\/cms\/wp-content\/uploads\/2021\/07\/2021-07-13_Einsatz_Getreidetrockungsanlage_8-768x512.jpeg 768w, https:\/\/www.ff-oepping.at\/cms\/wp-content\/uploads\/2021\/07\/2021-07-13_Einsatz_Getreidetrockungsanlage_8.jpeg 1280w\" sizes=\"auto, (max-width: 1024px) 100vw, 1024px\" \/><\/a><\/figure><\/li><li class=\"blocks-gallery-item\"><figure><a href=\"https:\/\/www.ff-oepping.at\/cms\/wp-content\/uploads\/2021\/07\/2021-07-13_Einsatz_Getreidetrockungsanlage_9.jpeg\" data-rel=\"lightbox-gallery-86dSoMrv\" data-rl_title=\"\" data-rl_caption=\"\" title=\"\"><img loading=\"lazy\" decoding=\"async\" width=\"1024\" height=\"682\" src=\"https:\/\/www.ff-oepping.at\/cms\/wp-content\/uploads\/2021\/07\/2021-07-13_Einsatz_Getreidetrockungsanlage_9-1024x682.jpeg\" alt=\"\" data-id=\"10820\" data-full-url=\"https:\/\/www.ff-oepping.at\/cms\/wp-content\/uploads\/2021\/07\/2021-07-13_Einsatz_Getreidetrockungsanlage_9.jpeg\" data-link=\"https:\/\/www.ff-oepping.at\/cms\/?attachment_id=10820\" class=\"wp-image-10820\" srcset=\"https:\/\/www.ff-oepping.at\/cms\/wp-content\/uploads\/2021\/07\/2021-07-13_Einsatz_Getreidetrockungsanlage_9-1024x682.jpeg 1024w, https:\/\/www.ff-oepping.at\/cms\/wp-content\/uploads\/2021\/07\/2021-07-13_Einsatz_Getreidetrockungsanlage_9-300x200.jpeg 300w, https:\/\/www.ff-oepping.at\/cms\/wp-content\/uploads\/2021\/07\/2021-07-13_Einsatz_Getreidetrockungsanlage_9-768x512.jpeg 768w, https:\/\/www.ff-oepping.at\/cms\/wp-content\/uploads\/2021\/07\/2021-07-13_Einsatz_Getreidetrockungsanlage_9.jpeg 1280w\" sizes=\"auto, (max-width: 1024px) 100vw, 1024px\" \/><\/a><\/figure><\/li><\/ul><\/figure>\n","protected":false},"excerpt":{"rendered":"<p>Aufgrund starker Rauch- und W\u00e4rmeentwicklung bei einer Getreidetrocknungsanlage, wurden die Feuerwehren G\u00f6tzendorf und Oepping zu einem Einsatz alarmiert. Noch w\u00e4hrend der Anfahrt wurde vom Einsatzleiter, aufgrund ben\u00f6tigter Atemschutzkr\u00e4fte, auf Alarmstufe&hellip;<\/p>\n","protected":false},"author":3,"featured_media":10821,"comment_status":"open","ping_status":"open","sticky":false,"template":"","format":"standard","meta":{"footnotes":""},"categories":[184],"tags":[200,114,199,170,221,220,218,219],"class_list":["post-10808","post","type-post","status-publish","format-standard","has-post-thumbnail","hentry","category-einsatz-2021","tag-atemschutz","tag-brand","tag-ffgoetzendorf-2","tag-ffkirchbach","tag-ffpeilstein","tag-getreidetrockungsanlage","tag-rauchentwicklung","tag-waerme"],"views":2008,"wps_subtitle":"13. Juli 2021","_links":{"self":[{"href":"https:\/\/www.ff-oepping.at\/cms\/wp-json\/wp\/v2\/posts\/10808","targetHints":{"allow":["GET"]}}],"collection":[{"href":"https:\/\/www.ff-oepping.at\/cms\/wp-json\/wp\/v2\/posts"}],"about":[{"href":"https:\/\/www.ff-oepping.at\/cms\/wp-json\/wp\/v2\/types\/post"}],"author":[{"embeddable":true,"href":"https:\/\/www.ff-oepping.at\/cms\/wp-json\/wp\/v2\/users\/3"}],"replies":[{"embeddable":true,"href":"https:\/\/www.ff-oepping.at\/cms\/wp-json\/wp\/v2\/comments?post=10808"}],"version-history":[{"count":11,"href":"https:\/\/www.ff-oepping.at\/cms\/wp-json\/wp\/v2\/posts\/10808\/revisions"}],"predecessor-version":[{"id":10832,"href":"https:\/\/www.ff-oepping.at\/cms\/wp-json\/wp\/v2\/posts\/10808\/revisions\/10832"}],"wp:featuredmedia":[{"embeddable":true,"href":"https:\/\/www.ff-oepping.at\/cms\/wp-json\/wp\/v2\/media\/10821"}],"wp:attachment":[{"href":"https:\/\/www.ff-oepping.at\/cms\/wp-json\/wp\/v2\/media?parent=10808"}],"wp:term":[{"taxonomy":"category","embeddable":true,"href":"https:\/\/www.ff-oepping.at\/cms\/wp-json\/wp\/v2\/categories?post=10808"},{"taxonomy":"post_tag","embeddable":true,"href":"https:\/\/www.ff-oepping.at\/cms\/wp-json\/wp\/v2\/tags?post=10808"}],"curies":[{"name":"wp","href":"https:\/\/api.w.org\/{rel}","templated":true}]}}