{"id":11188,"date":"2021-12-24T16:28:57","date_gmt":"2021-12-24T15:28:57","guid":{"rendered":"https:\/\/www.ff-oepping.at\/cms\/?p=11188"},"modified":"2021-12-24T16:44:00","modified_gmt":"2021-12-24T15:44:00","slug":"friedenslichtaktion","status":"publish","type":"post","link":"https:\/\/www.ff-oepping.at\/cms\/die-feuerwehr\/aktivitaeten\/friedenslichtaktion\/","title":{"rendered":"Friedenslichtaktion"},"content":{"rendered":"\n<p>Aufgrund der anhaltenden Corona-Pandemie, w\u00e4re es 2021 nur unter erschwerten Bedingungen m\u00f6glich gewesen, das Friedenslicht zu verteilen. Es wurde daher entschieden, dass sich die Bev\u00f6lkerung das heilige Licht beim Feuerwehrhaus in Oepping abholen kann.<\/p>\n\n\n\n<p>Reger Betrieb herschte in der Zeit zwischen 09:00 und 12:00 Uhr. Der Erl\u00f6s der Sammlung kam dieses Jahr Familie Schaubmeier aus Oepping zugute:<\/p>\n\n\n\n<p><em>Martin Schaubmeier hatte am 24. September 2020 einen schweren Autounfall und k\u00e4mpft sich nun Tag f\u00fcr Tag weiter ins Leben zur\u00fcck. Die Spenden sollen ihm und seiner Familie bei den n\u00f6tigen Therapien, sowie den anstehenden Anschaffungen als Unterst\u00fctzung dienen.<\/em><\/p>\n\n\n\n<p>Nachdem die Spenden gez\u00e4hlt und sortiert wurden, gings mit dem Spendenbetrag in H\u00f6he von rund 3.500 Euro zur \u00dcbergabe.<\/p>\n\n\n\n<p>Wir w\u00fcnschen Martin und seiner Familie viel Kraft und alles Gute f\u00fcr die noch bevorstehenden Therapien und auf eine schnelle Genesung.<\/p>\n\n\n\n<p><strong>Danke an alle, die sich f\u00fcr diesen guten Zweck auf den Weg zum Feuerwehrhaus gemacht haben, um so einen kleinen Beitrag f\u00fcr eine gr\u00f6\u00dfere Sache zu leisten!<\/strong><\/p>\n\n\n\n<div style=\"height:16px\" aria-hidden=\"true\" class=\"wp-block-spacer\"><\/div>\n\n\n\n<figure class=\"wp-block-gallery columns-2 is-cropped wp-block-gallery-1 is-layout-flex wp-block-gallery-is-layout-flex\"><ul class=\"blocks-gallery-grid\"><li class=\"blocks-gallery-item\"><figure><a href=\"https:\/\/www.ff-oepping.at\/cms\/wp-content\/uploads\/2021\/12\/2021-12-24_Friedenslicht.jpeg\" data-rel=\"lightbox-gallery-2U40EE4Q\" data-rl_title=\"\" data-rl_caption=\"\" title=\"\"><img loading=\"lazy\" decoding=\"async\" width=\"1024\" height=\"682\" src=\"https:\/\/www.ff-oepping.at\/cms\/wp-content\/uploads\/2021\/12\/2021-12-24_Friedenslicht-1024x682.jpeg\" alt=\"\" data-id=\"11194\" data-full-url=\"https:\/\/www.ff-oepping.at\/cms\/wp-content\/uploads\/2021\/12\/2021-12-24_Friedenslicht.jpeg\" data-link=\"https:\/\/www.ff-oepping.at\/cms\/die-feuerwehr\/aktivitaeten\/friedenslichtaktion\/attachment\/2021-12-24_friedenslicht\/\" class=\"wp-image-11194\" srcset=\"https:\/\/www.ff-oepping.at\/cms\/wp-content\/uploads\/2021\/12\/2021-12-24_Friedenslicht-1024x682.jpeg 1024w, https:\/\/www.ff-oepping.at\/cms\/wp-content\/uploads\/2021\/12\/2021-12-24_Friedenslicht-300x200.jpeg 300w, https:\/\/www.ff-oepping.at\/cms\/wp-content\/uploads\/2021\/12\/2021-12-24_Friedenslicht-768x512.jpeg 768w, https:\/\/www.ff-oepping.at\/cms\/wp-content\/uploads\/2021\/12\/2021-12-24_Friedenslicht.jpeg 1280w\" sizes=\"auto, (max-width: 1024px) 100vw, 1024px\" \/><\/a><\/figure><\/li><li class=\"blocks-gallery-item\"><figure><a href=\"https:\/\/www.ff-oepping.at\/cms\/wp-content\/uploads\/2021\/12\/2021-12-24_Friedenslicht_2.jpeg\" data-rel=\"lightbox-gallery-2U40EE4Q\" data-rl_title=\"\" data-rl_caption=\"\" title=\"\"><img loading=\"lazy\" decoding=\"async\" width=\"1024\" height=\"682\" src=\"https:\/\/www.ff-oepping.at\/cms\/wp-content\/uploads\/2021\/12\/2021-12-24_Friedenslicht_2-1024x682.jpeg\" alt=\"\" data-id=\"11196\" data-full-url=\"https:\/\/www.ff-oepping.at\/cms\/wp-content\/uploads\/2021\/12\/2021-12-24_Friedenslicht_2.jpeg\" data-link=\"https:\/\/www.ff-oepping.at\/cms\/die-feuerwehr\/aktivitaeten\/friedenslichtaktion\/attachment\/2021-12-24_friedenslicht_2\/\" class=\"wp-image-11196\" srcset=\"https:\/\/www.ff-oepping.at\/cms\/wp-content\/uploads\/2021\/12\/2021-12-24_Friedenslicht_2-1024x682.jpeg 1024w, https:\/\/www.ff-oepping.at\/cms\/wp-content\/uploads\/2021\/12\/2021-12-24_Friedenslicht_2-300x200.jpeg 300w, https:\/\/www.ff-oepping.at\/cms\/wp-content\/uploads\/2021\/12\/2021-12-24_Friedenslicht_2-768x512.jpeg 768w, https:\/\/www.ff-oepping.at\/cms\/wp-content\/uploads\/2021\/12\/2021-12-24_Friedenslicht_2.jpeg 1280w\" sizes=\"auto, (max-width: 1024px) 100vw, 1024px\" \/><\/a><\/figure><\/li><li class=\"blocks-gallery-item\"><figure><a href=\"https:\/\/www.ff-oepping.at\/cms\/wp-content\/uploads\/2021\/12\/2021-12-24_Friedenslicht_1.jpeg\" data-rel=\"lightbox-gallery-2U40EE4Q\" data-rl_title=\"\" data-rl_caption=\"\" title=\"\"><img loading=\"lazy\" decoding=\"async\" width=\"1024\" height=\"682\" src=\"https:\/\/www.ff-oepping.at\/cms\/wp-content\/uploads\/2021\/12\/2021-12-24_Friedenslicht_1-1024x682.jpeg\" alt=\"\" data-id=\"11195\" data-full-url=\"https:\/\/www.ff-oepping.at\/cms\/wp-content\/uploads\/2021\/12\/2021-12-24_Friedenslicht_1.jpeg\" data-link=\"https:\/\/www.ff-oepping.at\/cms\/die-feuerwehr\/aktivitaeten\/friedenslichtaktion\/attachment\/2021-12-24_friedenslicht_1\/\" class=\"wp-image-11195\" srcset=\"https:\/\/www.ff-oepping.at\/cms\/wp-content\/uploads\/2021\/12\/2021-12-24_Friedenslicht_1-1024x682.jpeg 1024w, https:\/\/www.ff-oepping.at\/cms\/wp-content\/uploads\/2021\/12\/2021-12-24_Friedenslicht_1-300x200.jpeg 300w, https:\/\/www.ff-oepping.at\/cms\/wp-content\/uploads\/2021\/12\/2021-12-24_Friedenslicht_1-768x512.jpeg 768w, https:\/\/www.ff-oepping.at\/cms\/wp-content\/uploads\/2021\/12\/2021-12-24_Friedenslicht_1.jpeg 1280w\" sizes=\"auto, (max-width: 1024px) 100vw, 1024px\" \/><\/a><\/figure><\/li><\/ul><\/figure>\n","protected":false},"excerpt":{"rendered":"<p>Aufgrund der anhaltenden Corona-Pandemie, w\u00e4re es 2021 nur unter erschwerten Bedingungen m\u00f6glich gewesen, das Friedenslicht zu verteilen. Es wurde daher entschieden, dass sich die Bev\u00f6lkerung das heilige Licht beim Feuerwehrhaus&hellip;<\/p>\n","protected":false},"author":3,"featured_media":11194,"comment_status":"open","ping_status":"open","sticky":false,"template":"","format":"standard","meta":{"footnotes":""},"categories":[40],"tags":[196,260,257,258,256,259,261],"class_list":["post-11188","post","type-post","status-publish","format-standard","has-post-thumbnail","hentry","category-aktivitaeten","tag-ffoepping-2","tag-gemeindeoepping","tag-guterzweck","tag-lichtdesfriedens","tag-weihnachten","tag-weihnachten2021","tag-zusammenhalt"],"views":709,"wps_subtitle":"24. Dezember 2021","_links":{"self":[{"href":"https:\/\/www.ff-oepping.at\/cms\/wp-json\/wp\/v2\/posts\/11188","targetHints":{"allow":["GET"]}}],"collection":[{"href":"https:\/\/www.ff-oepping.at\/cms\/wp-json\/wp\/v2\/posts"}],"about":[{"href":"https:\/\/www.ff-oepping.at\/cms\/wp-json\/wp\/v2\/types\/post"}],"author":[{"embeddable":true,"href":"https:\/\/www.ff-oepping.at\/cms\/wp-json\/wp\/v2\/users\/3"}],"replies":[{"embeddable":true,"href":"https:\/\/www.ff-oepping.at\/cms\/wp-json\/wp\/v2\/comments?post=11188"}],"version-history":[{"count":14,"href":"https:\/\/www.ff-oepping.at\/cms\/wp-json\/wp\/v2\/posts\/11188\/revisions"}],"predecessor-version":[{"id":11209,"href":"https:\/\/www.ff-oepping.at\/cms\/wp-json\/wp\/v2\/posts\/11188\/revisions\/11209"}],"wp:featuredmedia":[{"embeddable":true,"href":"https:\/\/www.ff-oepping.at\/cms\/wp-json\/wp\/v2\/media\/11194"}],"wp:attachment":[{"href":"https:\/\/www.ff-oepping.at\/cms\/wp-json\/wp\/v2\/media?parent=11188"}],"wp:term":[{"taxonomy":"category","embeddable":true,"href":"https:\/\/www.ff-oepping.at\/cms\/wp-json\/wp\/v2\/categories?post=11188"},{"taxonomy":"post_tag","embeddable":true,"href":"https:\/\/www.ff-oepping.at\/cms\/wp-json\/wp\/v2\/tags?post=11188"}],"curies":[{"name":"wp","href":"https:\/\/api.w.org\/{rel}","templated":true}]}}