{"id":1120,"date":"2005-01-07T15:15:39","date_gmt":"2005-01-07T13:15:39","guid":{"rendered":"http:\/\/www.ff-oepping.at\/wp\/?p=1120"},"modified":"2005-01-07T15:15:39","modified_gmt":"2005-01-07T13:15:39","slug":"jahreshauptversammlung-2005","status":"publish","type":"post","link":"https:\/\/www.ff-oepping.at\/cms\/die-feuerwehr\/jahreshauptversammlung-2005\/","title":{"rendered":"Jahreshauptversammlung 2005"},"content":{"rendered":"<p>Kommandant Reischl Helmut konnte bei der Jahreshauptversammlung auf ein arbeitsreiches Jahr mit vielen Erfolgen und auch mit schwierigen Eins\u00e4tzen R\u00fcckschau halten.<br \/>\nEin besonders erfreuliches Ereignis war aber sicherlich die Gr\u00fcndung der Jugendfeuerwehr und so konnte der Kommandant die Jungfeuerwehrm\u00e4nner trotz etwas sp\u00e4ter Stunde fast vollz\u00e4hlig zur Jahreshauptversammlung begr\u00fc\u00dfen. Auch die Ehreng\u00e4ste wie Hw. Pfarrer Mag. Gerhard Kobler, B\u00fcrgermeister Willi Peinbauer und auch Bezirkskommandant N\u00f6\u00dflb\u00f6ck dr\u00fcckten in Ihren Referaten Ihre Freude \u00fcber die Feuerwehrjugend aus.<br \/>\n<a href=\"http:\/\/www.ff-oepping.at\/cms\/wp-content\/uploads\/2013\/03\/JHV2005_2.jpg\" data-rel=\"lightbox-gallery-T50ifHua\" data-rl_title=\"\" data-rl_caption=\"\" title=\"\"><img loading=\"lazy\" decoding=\"async\" class=\"alignnone size-full wp-image-1129\" alt=\"OLYMPUS DIGITAL CAMERA\" src=\"http:\/\/www.ff-oepping.at\/cms\/wp-content\/uploads\/2013\/03\/JHV2005_2.jpg\" width=\"250\" height=\"188\" \/><\/a> <a href=\"http:\/\/www.ff-oepping.at\/cms\/wp-content\/uploads\/2013\/03\/JHV2005_1.jpg\" data-rel=\"lightbox-gallery-T50ifHua\" data-rl_title=\"\" data-rl_caption=\"\" title=\"\"><img loading=\"lazy\" decoding=\"async\" class=\"alignnone size-full wp-image-1130\" alt=\"OLYMPUS DIGITAL CAMERA\" src=\"http:\/\/www.ff-oepping.at\/cms\/wp-content\/uploads\/2013\/03\/JHV2005_1.jpg\" width=\"250\" height=\"188\" \/><\/a><\/p>\n","protected":false},"excerpt":{"rendered":"<p>Kommandant Reischl Helmut konnte bei der Jahreshauptversammlung auf ein arbeitsreiches Jahr mit vielen Erfolgen und auch mit schwierigen Eins\u00e4tzen R\u00fcckschau halten. Ein besonders erfreuliches Ereignis war aber sicherlich die Gr\u00fcndung&hellip;<\/p>\n","protected":false},"author":5,"featured_media":1129,"comment_status":"closed","ping_status":"closed","sticky":false,"template":"","format":"standard","meta":{"footnotes":""},"categories":[40,4],"tags":[],"class_list":["post-1120","post","type-post","status-publish","format-standard","has-post-thumbnail","hentry","category-aktivitaeten","category-die-feuerwehr"],"views":948,"wps_subtitle":"","_links":{"self":[{"href":"https:\/\/www.ff-oepping.at\/cms\/wp-json\/wp\/v2\/posts\/1120","targetHints":{"allow":["GET"]}}],"collection":[{"href":"https:\/\/www.ff-oepping.at\/cms\/wp-json\/wp\/v2\/posts"}],"about":[{"href":"https:\/\/www.ff-oepping.at\/cms\/wp-json\/wp\/v2\/types\/post"}],"author":[{"embeddable":true,"href":"https:\/\/www.ff-oepping.at\/cms\/wp-json\/wp\/v2\/users\/5"}],"replies":[{"embeddable":true,"href":"https:\/\/www.ff-oepping.at\/cms\/wp-json\/wp\/v2\/comments?post=1120"}],"version-history":[{"count":0,"href":"https:\/\/www.ff-oepping.at\/cms\/wp-json\/wp\/v2\/posts\/1120\/revisions"}],"wp:featuredmedia":[{"embeddable":true,"href":"https:\/\/www.ff-oepping.at\/cms\/wp-json\/wp\/v2\/media\/1129"}],"wp:attachment":[{"href":"https:\/\/www.ff-oepping.at\/cms\/wp-json\/wp\/v2\/media?parent=1120"}],"wp:term":[{"taxonomy":"category","embeddable":true,"href":"https:\/\/www.ff-oepping.at\/cms\/wp-json\/wp\/v2\/categories?post=1120"},{"taxonomy":"post_tag","embeddable":true,"href":"https:\/\/www.ff-oepping.at\/cms\/wp-json\/wp\/v2\/tags?post=1120"}],"curies":[{"name":"wp","href":"https:\/\/api.w.org\/{rel}","templated":true}]}}