{"id":11268,"date":"2022-03-25T15:50:23","date_gmt":"2022-03-25T14:50:23","guid":{"rendered":"https:\/\/www.ff-oepping.at\/cms\/?p=11268"},"modified":"2022-03-25T15:53:53","modified_gmt":"2022-03-25T14:53:53","slug":"brand-eines-heizstrahlers","status":"publish","type":"post","link":"https:\/\/www.ff-oepping.at\/cms\/einsatze\/einsatz-2022\/brand-eines-heizstrahlers\/","title":{"rendered":"Brand eines Heizstrahlers"},"content":{"rendered":"\n<p>Aus ungekl\u00e4rter Ursache fing am Vormittag des Freitag, 25. M\u00e4rz 2022, ein Heizstrahler am Gel\u00e4nde der ehemaligen Kl\u00e4ranlage in Oepping Feuer. Dieses konnte aber noch vor Eintreffen der Feuerwehren mittels Feuerl\u00f6scher gel\u00f6scht werden.<\/p>\n\n\n\n<p>Laut Alarmplan bei &#8222;Brand Klein&#8220;, r\u00fcckten die Feuerwehr G\u00f6tzendorf und Oepping zum Einsatzort aus.<\/p>\n\n\n\n<p>Mittels schwerem Atemschutz und unter Verwendung der W\u00e4rmebildkamera, wurden noch Nachkontrollen durchgef\u00fchrt.<\/p>\n\n\n\n<p>Nach rund einer Stunde konnte die Einsatzbereitschaft wiederhergestellt werden.<\/p>\n\n\n\n<figure class=\"wp-block-gallery has-nested-images columns-default is-cropped wp-block-gallery-1 is-layout-flex wp-block-gallery-is-layout-flex\">\n<figure class=\"wp-block-image size-large\"><a href=\"https:\/\/www.ff-oepping.at\/cms\/wp-content\/uploads\/2022\/03\/2022-03-25_Einsatz_Heizstrahler_1.jpg\" data-rel=\"lightbox-gallery-zlnExRow\" data-rl_title=\"\" data-rl_caption=\"\" title=\"\"><img loading=\"lazy\" decoding=\"async\" width=\"1024\" height=\"682\" data-id=\"11271\" src=\"https:\/\/www.ff-oepping.at\/cms\/wp-content\/uploads\/2022\/03\/2022-03-25_Einsatz_Heizstrahler_1-1024x682.jpg\" alt=\"\" class=\"wp-image-11271\" srcset=\"https:\/\/www.ff-oepping.at\/cms\/wp-content\/uploads\/2022\/03\/2022-03-25_Einsatz_Heizstrahler_1-1024x682.jpg 1024w, https:\/\/www.ff-oepping.at\/cms\/wp-content\/uploads\/2022\/03\/2022-03-25_Einsatz_Heizstrahler_1-300x200.jpg 300w, https:\/\/www.ff-oepping.at\/cms\/wp-content\/uploads\/2022\/03\/2022-03-25_Einsatz_Heizstrahler_1-768x512.jpg 768w, https:\/\/www.ff-oepping.at\/cms\/wp-content\/uploads\/2022\/03\/2022-03-25_Einsatz_Heizstrahler_1.jpg 1280w\" sizes=\"auto, (max-width: 1024px) 100vw, 1024px\" \/><\/a><\/figure>\n\n\n\n<figure class=\"wp-block-image size-large\"><a href=\"https:\/\/www.ff-oepping.at\/cms\/wp-content\/uploads\/2022\/03\/2022-03-25_Einsatz_Heizstrahler_2.jpg\" data-rel=\"lightbox-gallery-zlnExRow\" data-rl_title=\"\" data-rl_caption=\"\" title=\"\"><img loading=\"lazy\" decoding=\"async\" width=\"1024\" height=\"682\" data-id=\"11272\" src=\"https:\/\/www.ff-oepping.at\/cms\/wp-content\/uploads\/2022\/03\/2022-03-25_Einsatz_Heizstrahler_2-1024x682.jpg\" alt=\"\" class=\"wp-image-11272\" srcset=\"https:\/\/www.ff-oepping.at\/cms\/wp-content\/uploads\/2022\/03\/2022-03-25_Einsatz_Heizstrahler_2-1024x682.jpg 1024w, https:\/\/www.ff-oepping.at\/cms\/wp-content\/uploads\/2022\/03\/2022-03-25_Einsatz_Heizstrahler_2-300x200.jpg 300w, https:\/\/www.ff-oepping.at\/cms\/wp-content\/uploads\/2022\/03\/2022-03-25_Einsatz_Heizstrahler_2-768x512.jpg 768w, https:\/\/www.ff-oepping.at\/cms\/wp-content\/uploads\/2022\/03\/2022-03-25_Einsatz_Heizstrahler_2.jpg 1280w\" sizes=\"auto, (max-width: 1024px) 100vw, 1024px\" \/><\/a><\/figure>\n<\/figure>\n","protected":false},"excerpt":{"rendered":"<p>Aus ungekl\u00e4rter Ursache fing am Vormittag des Freitag, 25. M\u00e4rz 2022, ein Heizstrahler am Gel\u00e4nde der ehemaligen Kl\u00e4ranlage in Oepping Feuer. Dieses konnte aber noch vor Eintreffen der Feuerwehren mittels&hellip;<\/p>\n","protected":false},"author":3,"featured_media":11272,"comment_status":"open","ping_status":"open","sticky":false,"template":"","format":"standard","meta":{"footnotes":""},"categories":[264],"tags":[200,64,199,269,270],"class_list":["post-11268","post","type-post","status-publish","format-standard","has-post-thumbnail","hentry","category-einsatz-2022","tag-atemschutz","tag-einsatz-2","tag-ffgoetzendorf-2","tag-heizstrahler","tag-waermebildkamera"],"views":638,"wps_subtitle":"23. M\u00e4rz 2022","_links":{"self":[{"href":"https:\/\/www.ff-oepping.at\/cms\/wp-json\/wp\/v2\/posts\/11268","targetHints":{"allow":["GET"]}}],"collection":[{"href":"https:\/\/www.ff-oepping.at\/cms\/wp-json\/wp\/v2\/posts"}],"about":[{"href":"https:\/\/www.ff-oepping.at\/cms\/wp-json\/wp\/v2\/types\/post"}],"author":[{"embeddable":true,"href":"https:\/\/www.ff-oepping.at\/cms\/wp-json\/wp\/v2\/users\/3"}],"replies":[{"embeddable":true,"href":"https:\/\/www.ff-oepping.at\/cms\/wp-json\/wp\/v2\/comments?post=11268"}],"version-history":[{"count":8,"href":"https:\/\/www.ff-oepping.at\/cms\/wp-json\/wp\/v2\/posts\/11268\/revisions"}],"predecessor-version":[{"id":11279,"href":"https:\/\/www.ff-oepping.at\/cms\/wp-json\/wp\/v2\/posts\/11268\/revisions\/11279"}],"wp:featuredmedia":[{"embeddable":true,"href":"https:\/\/www.ff-oepping.at\/cms\/wp-json\/wp\/v2\/media\/11272"}],"wp:attachment":[{"href":"https:\/\/www.ff-oepping.at\/cms\/wp-json\/wp\/v2\/media?parent=11268"}],"wp:term":[{"taxonomy":"category","embeddable":true,"href":"https:\/\/www.ff-oepping.at\/cms\/wp-json\/wp\/v2\/categories?post=11268"},{"taxonomy":"post_tag","embeddable":true,"href":"https:\/\/www.ff-oepping.at\/cms\/wp-json\/wp\/v2\/tags?post=11268"}],"curies":[{"name":"wp","href":"https:\/\/api.w.org\/{rel}","templated":true}]}}