{"id":11688,"date":"2022-11-07T20:20:40","date_gmt":"2022-11-07T19:20:40","guid":{"rendered":"https:\/\/www.ff-oepping.at\/cms\/?p=11688"},"modified":"2022-12-05T20:39:33","modified_gmt":"2022-12-05T19:39:33","slug":"laufen-ansaugen-wissen-schneiden","status":"publish","type":"post","link":"https:\/\/www.ff-oepping.at\/cms\/die-feuerwehr\/bewerbe\/laufen-ansaugen-wissen-schneiden\/","title":{"rendered":"Laufen, ansaugen, wissen, schneiden,\u2026"},"content":{"rendered":"\n<p>Das sind nur ein paar Stichworte, welche die Mitglieder der Feuerwehr Oepping bei den Bewerben und Leistungspr\u00fcfungen in den vergangenen Monaten als Aufgaben zu bew\u00e4ltigen hatten.<\/p>\n\n\n\n<div style=\"height:25px\" aria-hidden=\"true\" class=\"wp-block-spacer\"><\/div>\n\n\n\n<h3 class=\"wp-block-heading\">Goldene Jugend<\/h3>\n\n\n\n<p>Bereits im April, noch vor Beginn des Bewerbsgeschehen, konnte die Jugend beim Feuerwehrjugendleistungsabzeichen in Gold gl\u00e4nzen. Am Samstag den 23. April konnten zwei Teilnehmerinnen der FF Oepping zeigen, dass sie daf\u00fcr gut vorbereitet waren und das Abzeichen ohne Probleme ihr eigenes nennen.<\/p>\n\n\n\n<figure class=\"wp-block-gallery has-nested-images columns-2 is-cropped wp-block-gallery-1 is-layout-flex wp-block-gallery-is-layout-flex\">\n<figure class=\"wp-block-image size-full\"><a href=\"https:\/\/www.ff-oepping.at\/cms\/wp-content\/uploads\/2022\/11\/2022-04-23_Jugend_Gold_01.jpg\" data-rel=\"lightbox-gallery-UWiBRrAl\" data-rl_title=\"\" data-rl_caption=\"\" title=\"\"><img loading=\"lazy\" decoding=\"async\" width=\"300\" height=\"400\" data-id=\"11713\" src=\"https:\/\/www.ff-oepping.at\/cms\/wp-content\/uploads\/2022\/11\/2022-04-23_Jugend_Gold_01.jpg\" alt=\"\" class=\"wp-image-11713\" srcset=\"https:\/\/www.ff-oepping.at\/cms\/wp-content\/uploads\/2022\/11\/2022-04-23_Jugend_Gold_01.jpg 300w, https:\/\/www.ff-oepping.at\/cms\/wp-content\/uploads\/2022\/11\/2022-04-23_Jugend_Gold_01-225x300.jpg 225w\" sizes=\"auto, (max-width: 300px) 100vw, 300px\" \/><\/a><\/figure>\n\n\n\n<figure class=\"wp-block-image size-full\"><a href=\"https:\/\/www.ff-oepping.at\/cms\/wp-content\/uploads\/2022\/11\/2022-04-23_Jugend_Gold_02.jpg\" data-rel=\"lightbox-gallery-UWiBRrAl\" data-rl_title=\"\" data-rl_caption=\"\" title=\"\"><img loading=\"lazy\" decoding=\"async\" width=\"800\" height=\"533\" data-id=\"11716\" src=\"https:\/\/www.ff-oepping.at\/cms\/wp-content\/uploads\/2022\/11\/2022-04-23_Jugend_Gold_02.jpg\" alt=\"\" class=\"wp-image-11716\" srcset=\"https:\/\/www.ff-oepping.at\/cms\/wp-content\/uploads\/2022\/11\/2022-04-23_Jugend_Gold_02.jpg 800w, https:\/\/www.ff-oepping.at\/cms\/wp-content\/uploads\/2022\/11\/2022-04-23_Jugend_Gold_02-300x200.jpg 300w, https:\/\/www.ff-oepping.at\/cms\/wp-content\/uploads\/2022\/11\/2022-04-23_Jugend_Gold_02-768x512.jpg 768w\" sizes=\"auto, (max-width: 800px) 100vw, 800px\" \/><\/a><\/figure>\n<\/figure>\n\n\n\n<div style=\"height:25px\" aria-hidden=\"true\" class=\"wp-block-spacer\"><\/div>\n\n\n\n<h3 class=\"wp-block-heading\">FLA und FjLA Bewerbssaison<\/h3>\n\n\n\n<p>In der regul\u00e4ren Bewerbssaison ging es f\u00fcr die Kameradinnen und Kameraden um das Feuerwehrleistungsabzeichen in Bronze bzw. bei der Jugend um das Feuerwehrjugendabzeichen in Bronze und Silber sowie um die Teilnahme beim Landes-Feuerwehrleistungsbewerb. Dieser fand heuer in St. Peter am Wimberg statt.<\/p>\n\n\n\n<figure class=\"wp-block-gallery has-nested-images columns-default is-cropped wp-block-gallery-2 is-layout-flex wp-block-gallery-is-layout-flex\">\n<figure class=\"wp-block-image size-large\"><a href=\"https:\/\/www.ff-oepping.at\/cms\/wp-content\/uploads\/2022\/11\/2022-07-03_Bezirksbewerb_Jugend_01.jpg\" data-rel=\"lightbox-gallery-UWiBRrAl\" data-rl_title=\"\" data-rl_caption=\"\" title=\"\"><img loading=\"lazy\" decoding=\"async\" width=\"533\" height=\"400\" data-id=\"11711\" src=\"https:\/\/www.ff-oepping.at\/cms\/wp-content\/uploads\/2022\/11\/2022-07-03_Bezirksbewerb_Jugend_01.jpg\" alt=\"\" class=\"wp-image-11711\" srcset=\"https:\/\/www.ff-oepping.at\/cms\/wp-content\/uploads\/2022\/11\/2022-07-03_Bezirksbewerb_Jugend_01.jpg 533w, https:\/\/www.ff-oepping.at\/cms\/wp-content\/uploads\/2022\/11\/2022-07-03_Bezirksbewerb_Jugend_01-300x225.jpg 300w\" sizes=\"auto, (max-width: 533px) 100vw, 533px\" \/><\/a><\/figure>\n\n\n\n<figure class=\"wp-block-image size-large\"><a href=\"https:\/\/www.ff-oepping.at\/cms\/wp-content\/uploads\/2022\/11\/2022-07-03_Bezirksbewerb_Jugend_02.jpg\" data-rel=\"lightbox-gallery-UWiBRrAl\" data-rl_title=\"\" data-rl_caption=\"\" title=\"\"><img loading=\"lazy\" decoding=\"async\" width=\"533\" height=\"400\" data-id=\"11712\" src=\"https:\/\/www.ff-oepping.at\/cms\/wp-content\/uploads\/2022\/11\/2022-07-03_Bezirksbewerb_Jugend_02.jpg\" alt=\"\" class=\"wp-image-11712\" srcset=\"https:\/\/www.ff-oepping.at\/cms\/wp-content\/uploads\/2022\/11\/2022-07-03_Bezirksbewerb_Jugend_02.jpg 533w, https:\/\/www.ff-oepping.at\/cms\/wp-content\/uploads\/2022\/11\/2022-07-03_Bezirksbewerb_Jugend_02-300x225.jpg 300w\" sizes=\"auto, (max-width: 533px) 100vw, 533px\" \/><\/a><\/figure>\n<\/figure>\n\n\n\n<div style=\"height:25px\" aria-hidden=\"true\" class=\"wp-block-spacer\"><\/div>\n\n\n\n<h3 class=\"wp-block-heading\">Nach dem Landesbewerb, ist vor dem n\u00e4chsten (Nassl\u00f6sch-)Bewerb<\/h3>\n\n\n\n<p>Denn kaum waren die &#8222;trockenen&#8220; Bewerbe vorbei, ging es zu den Nassbewerben. So konnten es vor allem die &#8222;Superoldies&#8220; nicht lassen und hatten zum Teil sogar zwei Bewerbe an einem Tag zu absolvieren (dies sogar \u00fcber die Bezirksgrenzen hinweg). Auch eine neue entstandene und bunt zusammengew\u00fcrfelte Gruppe, stellte sich der Aufgabe des Nassl\u00f6schbewerbes.<\/p>\n\n\n\n<figure class=\"wp-block-gallery has-nested-images columns-default is-cropped wp-block-gallery-3 is-layout-flex wp-block-gallery-is-layout-flex\">\n<figure class=\"wp-block-image size-large\"><a href=\"https:\/\/www.ff-oepping.at\/cms\/wp-content\/uploads\/2022\/11\/2022-08-13_Nassbewerb_St-Stefan.jpg\" data-rel=\"lightbox-gallery-UWiBRrAl\" data-rl_title=\"\" data-rl_caption=\"\" title=\"\"><img loading=\"lazy\" decoding=\"async\" width=\"800\" height=\"534\" data-id=\"11704\" src=\"https:\/\/www.ff-oepping.at\/cms\/wp-content\/uploads\/2022\/11\/2022-08-13_Nassbewerb_St-Stefan.jpg\" alt=\"\" class=\"wp-image-11704\" srcset=\"https:\/\/www.ff-oepping.at\/cms\/wp-content\/uploads\/2022\/11\/2022-08-13_Nassbewerb_St-Stefan.jpg 800w, https:\/\/www.ff-oepping.at\/cms\/wp-content\/uploads\/2022\/11\/2022-08-13_Nassbewerb_St-Stefan-300x200.jpg 300w, https:\/\/www.ff-oepping.at\/cms\/wp-content\/uploads\/2022\/11\/2022-08-13_Nassbewerb_St-Stefan-768x513.jpg 768w\" sizes=\"auto, (max-width: 800px) 100vw, 800px\" \/><\/a><\/figure>\n\n\n\n<figure class=\"wp-block-image size-large\"><a href=\"https:\/\/www.ff-oepping.at\/cms\/wp-content\/uploads\/2022\/11\/2022-09-11_Nassbewerb_Dietrichschlag_01.jpg\" data-rel=\"lightbox-gallery-UWiBRrAl\" data-rl_title=\"\" data-rl_caption=\"\" title=\"\"><img loading=\"lazy\" decoding=\"async\" width=\"1024\" height=\"683\" data-id=\"11705\" src=\"https:\/\/www.ff-oepping.at\/cms\/wp-content\/uploads\/2022\/11\/2022-09-11_Nassbewerb_Dietrichschlag_01-1024x683.jpg\" alt=\"\" class=\"wp-image-11705\" srcset=\"https:\/\/www.ff-oepping.at\/cms\/wp-content\/uploads\/2022\/11\/2022-09-11_Nassbewerb_Dietrichschlag_01-1024x683.jpg 1024w, https:\/\/www.ff-oepping.at\/cms\/wp-content\/uploads\/2022\/11\/2022-09-11_Nassbewerb_Dietrichschlag_01-300x200.jpg 300w, https:\/\/www.ff-oepping.at\/cms\/wp-content\/uploads\/2022\/11\/2022-09-11_Nassbewerb_Dietrichschlag_01-768x512.jpg 768w, https:\/\/www.ff-oepping.at\/cms\/wp-content\/uploads\/2022\/11\/2022-09-11_Nassbewerb_Dietrichschlag_01-1536x1024.jpg 1536w, https:\/\/www.ff-oepping.at\/cms\/wp-content\/uploads\/2022\/11\/2022-09-11_Nassbewerb_Dietrichschlag_01-1320x880.jpg 1320w, https:\/\/www.ff-oepping.at\/cms\/wp-content\/uploads\/2022\/11\/2022-09-11_Nassbewerb_Dietrichschlag_01.jpg 2048w\" sizes=\"auto, (max-width: 1024px) 100vw, 1024px\" \/><\/a><figcaption class=\"wp-element-caption\">(c) Bezirk UU &#8211; Denkmayr<\/figcaption><\/figure>\n\n\n\n<figure class=\"wp-block-image size-large\"><a href=\"https:\/\/www.ff-oepping.at\/cms\/wp-content\/uploads\/2022\/11\/2022-09-11_Nassbewerb_Dietrichschlag_03.jpg\" data-rel=\"lightbox-gallery-UWiBRrAl\" data-rl_title=\"\" data-rl_caption=\"\" title=\"\"><img loading=\"lazy\" decoding=\"async\" width=\"1024\" height=\"683\" data-id=\"11708\" src=\"https:\/\/www.ff-oepping.at\/cms\/wp-content\/uploads\/2022\/11\/2022-09-11_Nassbewerb_Dietrichschlag_03-1024x683.jpg\" alt=\"\" class=\"wp-image-11708\" srcset=\"https:\/\/www.ff-oepping.at\/cms\/wp-content\/uploads\/2022\/11\/2022-09-11_Nassbewerb_Dietrichschlag_03-1024x683.jpg 1024w, https:\/\/www.ff-oepping.at\/cms\/wp-content\/uploads\/2022\/11\/2022-09-11_Nassbewerb_Dietrichschlag_03-300x200.jpg 300w, https:\/\/www.ff-oepping.at\/cms\/wp-content\/uploads\/2022\/11\/2022-09-11_Nassbewerb_Dietrichschlag_03-768x512.jpg 768w, https:\/\/www.ff-oepping.at\/cms\/wp-content\/uploads\/2022\/11\/2022-09-11_Nassbewerb_Dietrichschlag_03-1536x1024.jpg 1536w, https:\/\/www.ff-oepping.at\/cms\/wp-content\/uploads\/2022\/11\/2022-09-11_Nassbewerb_Dietrichschlag_03-1320x880.jpg 1320w, https:\/\/www.ff-oepping.at\/cms\/wp-content\/uploads\/2022\/11\/2022-09-11_Nassbewerb_Dietrichschlag_03.jpg 2048w\" sizes=\"auto, (max-width: 1024px) 100vw, 1024px\" \/><\/a><figcaption class=\"wp-element-caption\">(c) Bezirk UU &#8211; Denkmayr<\/figcaption><\/figure>\n\n\n\n<figure class=\"wp-block-image size-large\"><a href=\"https:\/\/www.ff-oepping.at\/cms\/wp-content\/uploads\/2022\/11\/2022-09-11_Nassbewerb_Dietrichschlag_04.jpg\" data-rel=\"lightbox-gallery-UWiBRrAl\" data-rl_title=\"\" data-rl_caption=\"\" title=\"\"><img loading=\"lazy\" decoding=\"async\" width=\"1024\" height=\"683\" data-id=\"11706\" src=\"https:\/\/www.ff-oepping.at\/cms\/wp-content\/uploads\/2022\/11\/2022-09-11_Nassbewerb_Dietrichschlag_04-1024x683.jpg\" alt=\"\" class=\"wp-image-11706\" srcset=\"https:\/\/www.ff-oepping.at\/cms\/wp-content\/uploads\/2022\/11\/2022-09-11_Nassbewerb_Dietrichschlag_04-1024x683.jpg 1024w, https:\/\/www.ff-oepping.at\/cms\/wp-content\/uploads\/2022\/11\/2022-09-11_Nassbewerb_Dietrichschlag_04-300x200.jpg 300w, https:\/\/www.ff-oepping.at\/cms\/wp-content\/uploads\/2022\/11\/2022-09-11_Nassbewerb_Dietrichschlag_04-768x512.jpg 768w, https:\/\/www.ff-oepping.at\/cms\/wp-content\/uploads\/2022\/11\/2022-09-11_Nassbewerb_Dietrichschlag_04-1536x1024.jpg 1536w, https:\/\/www.ff-oepping.at\/cms\/wp-content\/uploads\/2022\/11\/2022-09-11_Nassbewerb_Dietrichschlag_04-1320x880.jpg 1320w, https:\/\/www.ff-oepping.at\/cms\/wp-content\/uploads\/2022\/11\/2022-09-11_Nassbewerb_Dietrichschlag_04.jpg 2048w\" sizes=\"auto, (max-width: 1024px) 100vw, 1024px\" \/><\/a><figcaption class=\"wp-element-caption\">(c) Bezirk UU &#8211; Denkmayr<\/figcaption><\/figure>\n\n\n\n<figure class=\"wp-block-image size-large\"><a href=\"https:\/\/www.ff-oepping.at\/cms\/wp-content\/uploads\/2022\/11\/2022-09-11_Nassbewerb_Dietrichschlag_02.jpg\" data-rel=\"lightbox-gallery-UWiBRrAl\" data-rl_title=\"\" data-rl_caption=\"\" title=\"\"><img loading=\"lazy\" decoding=\"async\" width=\"1024\" height=\"683\" data-id=\"11707\" src=\"https:\/\/www.ff-oepping.at\/cms\/wp-content\/uploads\/2022\/11\/2022-09-11_Nassbewerb_Dietrichschlag_02-1024x683.jpg\" alt=\"\" class=\"wp-image-11707\" srcset=\"https:\/\/www.ff-oepping.at\/cms\/wp-content\/uploads\/2022\/11\/2022-09-11_Nassbewerb_Dietrichschlag_02-1024x683.jpg 1024w, https:\/\/www.ff-oepping.at\/cms\/wp-content\/uploads\/2022\/11\/2022-09-11_Nassbewerb_Dietrichschlag_02-300x200.jpg 300w, https:\/\/www.ff-oepping.at\/cms\/wp-content\/uploads\/2022\/11\/2022-09-11_Nassbewerb_Dietrichschlag_02-768x512.jpg 768w, https:\/\/www.ff-oepping.at\/cms\/wp-content\/uploads\/2022\/11\/2022-09-11_Nassbewerb_Dietrichschlag_02-1536x1024.jpg 1536w, https:\/\/www.ff-oepping.at\/cms\/wp-content\/uploads\/2022\/11\/2022-09-11_Nassbewerb_Dietrichschlag_02-1320x880.jpg 1320w, https:\/\/www.ff-oepping.at\/cms\/wp-content\/uploads\/2022\/11\/2022-09-11_Nassbewerb_Dietrichschlag_02.jpg 2048w\" sizes=\"auto, (max-width: 1024px) 100vw, 1024px\" \/><\/a><figcaption class=\"wp-element-caption\">(c) Bezirk UU &#8211; Denkmayr<\/figcaption><\/figure>\n<\/figure>\n\n\n\n<div style=\"height:25px\" aria-hidden=\"true\" class=\"wp-block-spacer\"><\/div>\n\n\n\n<h3 class=\"wp-block-heading\">Internationales Bewerbsgeschehen<\/h3>\n\n\n\n<p>Im September stand nach der zwangsm\u00e4\u00dfigen Coronapause wieder der altbekannte Besuch unserer deutschen Nachbarn f\u00fcr das bayrische Leistungsabzeichen am Plan. Am Samstag den 17. September ging es bereits fr\u00fch morgens Richtung Passau. Genauer gesagt nach Grubweg und Schalding rechts der Donau.<\/p>\n\n\n\n<p>Nach kurzer Traininsphase ging es dann bereits ums Abzeichen, welches aber kein Problem f\u00fcr die teilnehmenden Mannschaften darstellte.<\/p>\n\n\n\n<figure class=\"wp-block-gallery has-nested-images columns-default is-cropped wp-block-gallery-4 is-layout-flex wp-block-gallery-is-layout-flex\">\n<figure class=\"wp-block-image size-large\"><a href=\"https:\/\/www.ff-oepping.at\/cms\/wp-content\/uploads\/2022\/11\/2022-09-17_Bayrisches_Leistungsabzeichen_01.jpeg\" data-rel=\"lightbox-gallery-UWiBRrAl\" data-rl_title=\"\" data-rl_caption=\"\" title=\"\"><img loading=\"lazy\" decoding=\"async\" width=\"1024\" height=\"682\" data-id=\"11719\" src=\"https:\/\/www.ff-oepping.at\/cms\/wp-content\/uploads\/2022\/11\/2022-09-17_Bayrisches_Leistungsabzeichen_01-1024x682.jpeg\" alt=\"\" class=\"wp-image-11719\" srcset=\"https:\/\/www.ff-oepping.at\/cms\/wp-content\/uploads\/2022\/11\/2022-09-17_Bayrisches_Leistungsabzeichen_01-1024x682.jpeg 1024w, https:\/\/www.ff-oepping.at\/cms\/wp-content\/uploads\/2022\/11\/2022-09-17_Bayrisches_Leistungsabzeichen_01-300x200.jpeg 300w, https:\/\/www.ff-oepping.at\/cms\/wp-content\/uploads\/2022\/11\/2022-09-17_Bayrisches_Leistungsabzeichen_01-768x512.jpeg 768w, https:\/\/www.ff-oepping.at\/cms\/wp-content\/uploads\/2022\/11\/2022-09-17_Bayrisches_Leistungsabzeichen_01.jpeg 1280w\" sizes=\"auto, (max-width: 1024px) 100vw, 1024px\" \/><\/a><\/figure>\n\n\n\n<figure class=\"wp-block-image size-large\"><a href=\"https:\/\/www.ff-oepping.at\/cms\/wp-content\/uploads\/2022\/11\/2022-09-17_Bayrisches_Leistungsabzeichen_02.jpg\" data-rel=\"lightbox-gallery-UWiBRrAl\" data-rl_title=\"\" data-rl_caption=\"\" title=\"\"><img loading=\"lazy\" decoding=\"async\" width=\"1024\" height=\"682\" data-id=\"11717\" src=\"https:\/\/www.ff-oepping.at\/cms\/wp-content\/uploads\/2022\/11\/2022-09-17_Bayrisches_Leistungsabzeichen_02-1024x682.jpg\" alt=\"\" class=\"wp-image-11717\" srcset=\"https:\/\/www.ff-oepping.at\/cms\/wp-content\/uploads\/2022\/11\/2022-09-17_Bayrisches_Leistungsabzeichen_02-1024x682.jpg 1024w, https:\/\/www.ff-oepping.at\/cms\/wp-content\/uploads\/2022\/11\/2022-09-17_Bayrisches_Leistungsabzeichen_02-300x200.jpg 300w, https:\/\/www.ff-oepping.at\/cms\/wp-content\/uploads\/2022\/11\/2022-09-17_Bayrisches_Leistungsabzeichen_02-768x512.jpg 768w, https:\/\/www.ff-oepping.at\/cms\/wp-content\/uploads\/2022\/11\/2022-09-17_Bayrisches_Leistungsabzeichen_02.jpg 1280w\" sizes=\"auto, (max-width: 1024px) 100vw, 1024px\" \/><\/a><\/figure>\n\n\n\n<figure class=\"wp-block-image size-large\"><a href=\"https:\/\/www.ff-oepping.at\/cms\/wp-content\/uploads\/2022\/11\/2022-09-17_Bayrisches_Leistungsabzeichen_03.jpg\" data-rel=\"lightbox-gallery-UWiBRrAl\" data-rl_title=\"\" data-rl_caption=\"\" title=\"\"><img loading=\"lazy\" decoding=\"async\" width=\"1024\" height=\"682\" data-id=\"11718\" src=\"https:\/\/www.ff-oepping.at\/cms\/wp-content\/uploads\/2022\/11\/2022-09-17_Bayrisches_Leistungsabzeichen_03-1024x682.jpg\" alt=\"\" class=\"wp-image-11718\" srcset=\"https:\/\/www.ff-oepping.at\/cms\/wp-content\/uploads\/2022\/11\/2022-09-17_Bayrisches_Leistungsabzeichen_03-1024x682.jpg 1024w, https:\/\/www.ff-oepping.at\/cms\/wp-content\/uploads\/2022\/11\/2022-09-17_Bayrisches_Leistungsabzeichen_03-300x200.jpg 300w, https:\/\/www.ff-oepping.at\/cms\/wp-content\/uploads\/2022\/11\/2022-09-17_Bayrisches_Leistungsabzeichen_03-768x512.jpg 768w, https:\/\/www.ff-oepping.at\/cms\/wp-content\/uploads\/2022\/11\/2022-09-17_Bayrisches_Leistungsabzeichen_03.jpg 1280w\" sizes=\"auto, (max-width: 1024px) 100vw, 1024px\" \/><\/a><\/figure>\n\n\n\n<figure class=\"wp-block-image size-large\"><a href=\"https:\/\/www.ff-oepping.at\/cms\/wp-content\/uploads\/2022\/11\/2022-09-17_Bayrisches_Leistungsabzeichen_04.jpg\" data-rel=\"lightbox-gallery-UWiBRrAl\" data-rl_title=\"\" data-rl_caption=\"\" title=\"\"><img loading=\"lazy\" decoding=\"async\" width=\"1024\" height=\"682\" data-id=\"11720\" src=\"https:\/\/www.ff-oepping.at\/cms\/wp-content\/uploads\/2022\/11\/2022-09-17_Bayrisches_Leistungsabzeichen_04-1024x682.jpg\" alt=\"\" class=\"wp-image-11720\" srcset=\"https:\/\/www.ff-oepping.at\/cms\/wp-content\/uploads\/2022\/11\/2022-09-17_Bayrisches_Leistungsabzeichen_04-1024x682.jpg 1024w, https:\/\/www.ff-oepping.at\/cms\/wp-content\/uploads\/2022\/11\/2022-09-17_Bayrisches_Leistungsabzeichen_04-300x200.jpg 300w, https:\/\/www.ff-oepping.at\/cms\/wp-content\/uploads\/2022\/11\/2022-09-17_Bayrisches_Leistungsabzeichen_04-768x512.jpg 768w, https:\/\/www.ff-oepping.at\/cms\/wp-content\/uploads\/2022\/11\/2022-09-17_Bayrisches_Leistungsabzeichen_04.jpg 1280w\" sizes=\"auto, (max-width: 1024px) 100vw, 1024px\" \/><\/a><\/figure>\n\n\n\n<figure class=\"wp-block-image size-large\"><a href=\"https:\/\/www.ff-oepping.at\/cms\/wp-content\/uploads\/2022\/11\/2022-09-17_Bayrisches_Leistungsabzeichen_05.jpeg\" data-rel=\"lightbox-gallery-UWiBRrAl\" data-rl_title=\"\" data-rl_caption=\"\" title=\"\"><img loading=\"lazy\" decoding=\"async\" width=\"1024\" height=\"682\" data-id=\"11721\" src=\"https:\/\/www.ff-oepping.at\/cms\/wp-content\/uploads\/2022\/11\/2022-09-17_Bayrisches_Leistungsabzeichen_05-1024x682.jpeg\" alt=\"\" class=\"wp-image-11721\" srcset=\"https:\/\/www.ff-oepping.at\/cms\/wp-content\/uploads\/2022\/11\/2022-09-17_Bayrisches_Leistungsabzeichen_05-1024x682.jpeg 1024w, https:\/\/www.ff-oepping.at\/cms\/wp-content\/uploads\/2022\/11\/2022-09-17_Bayrisches_Leistungsabzeichen_05-300x200.jpeg 300w, https:\/\/www.ff-oepping.at\/cms\/wp-content\/uploads\/2022\/11\/2022-09-17_Bayrisches_Leistungsabzeichen_05-768x512.jpeg 768w, https:\/\/www.ff-oepping.at\/cms\/wp-content\/uploads\/2022\/11\/2022-09-17_Bayrisches_Leistungsabzeichen_05.jpeg 1280w\" sizes=\"auto, (max-width: 1024px) 100vw, 1024px\" \/><\/a><\/figure>\n<\/figure>\n\n\n\n<div style=\"height:25px\" aria-hidden=\"true\" class=\"wp-block-spacer\"><\/div>\n\n\n\n<h3 class=\"wp-block-heading\">Wissenstest der Feuerwehrjugend<\/h3>\n\n\n\n<p>Der Herbst ist bei der Jugend ebenfalls keine ruhige Zeit. So mussten die jungen Florianis, auch wenn es Samstag war, zur\u00fcck in die Schule. Der Wissenstest &#8211; zumindest die praktischen Stationen &#8211; fanden in der Volksschule Rohrbach statt. F\u00fcr den gut vorbereiteten Feuerwehrnachwuchs stellten diese Aufgaben ebenfalls kein Problem dar und somit konnten nach kurzer Zeit alle teilnehmenden das begehrte Abzeichen entgegennehmen.<\/p>\n\n\n\n<div style=\"height:25px\" aria-hidden=\"true\" class=\"wp-block-spacer\"><\/div>\n\n\n\n<h3 class=\"wp-block-heading\">Keine Zeit f\u00fcr einen ruhigen Herbst<\/h3>\n\n\n\n<p>Kaum dachte man jetzt w\u00fcrde es ruhiger werden, stand schon das THL (Technische Hilfeleistung) Abzeichen vor der T\u00fcr. Nach mehreren Stunden der Vorbereitung, ging es ein letztes Mal zum Ort des Geschehens. Am Freitag, 04. November um 17:00 Uhr hie\u00df es dann zeigen ob das gelernte umgesetzt werden kann. Nach ein paar Startschwierigkeiten konnten dann aber im Anschluss die Abzeichen \u00fcberreicht werden.<\/p>\n\n\n\n<figure class=\"wp-block-gallery has-nested-images columns-default is-cropped wp-block-gallery-5 is-layout-flex wp-block-gallery-is-layout-flex\">\n<figure class=\"wp-block-image size-large\"><a href=\"https:\/\/www.ff-oepping.at\/cms\/wp-content\/uploads\/2022\/11\/2022-11-04_THL_01.jpg\" data-rel=\"lightbox-gallery-UWiBRrAl\" data-rl_title=\"\" data-rl_caption=\"\" title=\"\"><img loading=\"lazy\" decoding=\"async\" width=\"1024\" height=\"682\" data-id=\"11696\" src=\"https:\/\/www.ff-oepping.at\/cms\/wp-content\/uploads\/2022\/11\/2022-11-04_THL_01-1024x682.jpg\" alt=\"\" class=\"wp-image-11696\" srcset=\"https:\/\/www.ff-oepping.at\/cms\/wp-content\/uploads\/2022\/11\/2022-11-04_THL_01-1024x682.jpg 1024w, https:\/\/www.ff-oepping.at\/cms\/wp-content\/uploads\/2022\/11\/2022-11-04_THL_01-300x200.jpg 300w, https:\/\/www.ff-oepping.at\/cms\/wp-content\/uploads\/2022\/11\/2022-11-04_THL_01-768x512.jpg 768w, https:\/\/www.ff-oepping.at\/cms\/wp-content\/uploads\/2022\/11\/2022-11-04_THL_01.jpg 1280w\" sizes=\"auto, (max-width: 1024px) 100vw, 1024px\" \/><\/a><\/figure>\n\n\n\n<figure class=\"wp-block-image size-large\"><a href=\"https:\/\/www.ff-oepping.at\/cms\/wp-content\/uploads\/2022\/11\/2022-11-04_THL_02.jpg\" data-rel=\"lightbox-gallery-UWiBRrAl\" data-rl_title=\"\" data-rl_caption=\"\" title=\"\"><img loading=\"lazy\" decoding=\"async\" width=\"1024\" height=\"682\" data-id=\"11695\" src=\"https:\/\/www.ff-oepping.at\/cms\/wp-content\/uploads\/2022\/11\/2022-11-04_THL_02-1024x682.jpg\" alt=\"\" class=\"wp-image-11695\" srcset=\"https:\/\/www.ff-oepping.at\/cms\/wp-content\/uploads\/2022\/11\/2022-11-04_THL_02-1024x682.jpg 1024w, https:\/\/www.ff-oepping.at\/cms\/wp-content\/uploads\/2022\/11\/2022-11-04_THL_02-300x200.jpg 300w, https:\/\/www.ff-oepping.at\/cms\/wp-content\/uploads\/2022\/11\/2022-11-04_THL_02-768x512.jpg 768w, https:\/\/www.ff-oepping.at\/cms\/wp-content\/uploads\/2022\/11\/2022-11-04_THL_02.jpg 1280w\" sizes=\"auto, (max-width: 1024px) 100vw, 1024px\" \/><\/a><\/figure>\n\n\n\n<figure class=\"wp-block-image size-large\"><a href=\"https:\/\/www.ff-oepping.at\/cms\/wp-content\/uploads\/2022\/11\/2022-11-04_THL_03.jpg\" data-rel=\"lightbox-gallery-UWiBRrAl\" data-rl_title=\"\" data-rl_caption=\"\" title=\"\"><img loading=\"lazy\" decoding=\"async\" width=\"1024\" height=\"682\" data-id=\"11699\" src=\"https:\/\/www.ff-oepping.at\/cms\/wp-content\/uploads\/2022\/11\/2022-11-04_THL_03-1024x682.jpg\" alt=\"\" class=\"wp-image-11699\" srcset=\"https:\/\/www.ff-oepping.at\/cms\/wp-content\/uploads\/2022\/11\/2022-11-04_THL_03-1024x682.jpg 1024w, https:\/\/www.ff-oepping.at\/cms\/wp-content\/uploads\/2022\/11\/2022-11-04_THL_03-300x200.jpg 300w, https:\/\/www.ff-oepping.at\/cms\/wp-content\/uploads\/2022\/11\/2022-11-04_THL_03-768x512.jpg 768w, https:\/\/www.ff-oepping.at\/cms\/wp-content\/uploads\/2022\/11\/2022-11-04_THL_03.jpg 1280w\" sizes=\"auto, (max-width: 1024px) 100vw, 1024px\" \/><\/a><\/figure>\n\n\n\n<figure class=\"wp-block-image size-large\"><a href=\"https:\/\/www.ff-oepping.at\/cms\/wp-content\/uploads\/2022\/11\/2022-11-04_THL_05-rotated.jpg\" data-rel=\"lightbox-gallery-UWiBRrAl\" data-rl_title=\"\" data-rl_caption=\"\" title=\"\"><img loading=\"lazy\" decoding=\"async\" width=\"682\" height=\"1024\" data-id=\"11702\" src=\"https:\/\/www.ff-oepping.at\/cms\/wp-content\/uploads\/2022\/11\/2022-11-04_THL_05-682x1024.jpg\" alt=\"\" class=\"wp-image-11702\" srcset=\"https:\/\/www.ff-oepping.at\/cms\/wp-content\/uploads\/2022\/11\/2022-11-04_THL_05-682x1024.jpg 682w, https:\/\/www.ff-oepping.at\/cms\/wp-content\/uploads\/2022\/11\/2022-11-04_THL_05-200x300.jpg 200w, https:\/\/www.ff-oepping.at\/cms\/wp-content\/uploads\/2022\/11\/2022-11-04_THL_05-768x1152.jpg 768w, https:\/\/www.ff-oepping.at\/cms\/wp-content\/uploads\/2022\/11\/2022-11-04_THL_05-rotated.jpg 853w\" sizes=\"auto, (max-width: 682px) 100vw, 682px\" \/><\/a><\/figure>\n\n\n\n<figure class=\"wp-block-image size-large\"><a href=\"https:\/\/www.ff-oepping.at\/cms\/wp-content\/uploads\/2022\/11\/2022-11-04_THL_06.jpg\" data-rel=\"lightbox-gallery-UWiBRrAl\" data-rl_title=\"\" data-rl_caption=\"\" title=\"\"><img loading=\"lazy\" decoding=\"async\" width=\"1024\" height=\"682\" data-id=\"11701\" src=\"https:\/\/www.ff-oepping.at\/cms\/wp-content\/uploads\/2022\/11\/2022-11-04_THL_06-1024x682.jpg\" alt=\"\" class=\"wp-image-11701\" srcset=\"https:\/\/www.ff-oepping.at\/cms\/wp-content\/uploads\/2022\/11\/2022-11-04_THL_06-1024x682.jpg 1024w, https:\/\/www.ff-oepping.at\/cms\/wp-content\/uploads\/2022\/11\/2022-11-04_THL_06-300x200.jpg 300w, https:\/\/www.ff-oepping.at\/cms\/wp-content\/uploads\/2022\/11\/2022-11-04_THL_06-768x512.jpg 768w, https:\/\/www.ff-oepping.at\/cms\/wp-content\/uploads\/2022\/11\/2022-11-04_THL_06.jpg 1280w\" sizes=\"auto, (max-width: 1024px) 100vw, 1024px\" \/><\/a><\/figure>\n\n\n\n<figure class=\"wp-block-image size-large\"><a href=\"https:\/\/www.ff-oepping.at\/cms\/wp-content\/uploads\/2022\/11\/2022-11-04_THL_07.jpg\" data-rel=\"lightbox-gallery-UWiBRrAl\" data-rl_title=\"\" data-rl_caption=\"\" title=\"\"><img loading=\"lazy\" decoding=\"async\" width=\"1024\" height=\"682\" data-id=\"11697\" src=\"https:\/\/www.ff-oepping.at\/cms\/wp-content\/uploads\/2022\/11\/2022-11-04_THL_07-1024x682.jpg\" alt=\"\" class=\"wp-image-11697\" srcset=\"https:\/\/www.ff-oepping.at\/cms\/wp-content\/uploads\/2022\/11\/2022-11-04_THL_07-1024x682.jpg 1024w, https:\/\/www.ff-oepping.at\/cms\/wp-content\/uploads\/2022\/11\/2022-11-04_THL_07-300x200.jpg 300w, https:\/\/www.ff-oepping.at\/cms\/wp-content\/uploads\/2022\/11\/2022-11-04_THL_07-768x512.jpg 768w, https:\/\/www.ff-oepping.at\/cms\/wp-content\/uploads\/2022\/11\/2022-11-04_THL_07.jpg 1280w\" sizes=\"auto, (max-width: 1024px) 100vw, 1024px\" \/><\/a><\/figure>\n\n\n\n<figure class=\"wp-block-image size-large\"><a href=\"https:\/\/www.ff-oepping.at\/cms\/wp-content\/uploads\/2022\/11\/2022-11-04_THL_08.jpg\" data-rel=\"lightbox-gallery-UWiBRrAl\" data-rl_title=\"\" data-rl_caption=\"\" title=\"\"><img loading=\"lazy\" decoding=\"async\" width=\"1024\" height=\"682\" data-id=\"11703\" src=\"https:\/\/www.ff-oepping.at\/cms\/wp-content\/uploads\/2022\/11\/2022-11-04_THL_08-1024x682.jpg\" alt=\"\" class=\"wp-image-11703\" srcset=\"https:\/\/www.ff-oepping.at\/cms\/wp-content\/uploads\/2022\/11\/2022-11-04_THL_08-1024x682.jpg 1024w, https:\/\/www.ff-oepping.at\/cms\/wp-content\/uploads\/2022\/11\/2022-11-04_THL_08-300x200.jpg 300w, https:\/\/www.ff-oepping.at\/cms\/wp-content\/uploads\/2022\/11\/2022-11-04_THL_08-768x512.jpg 768w, https:\/\/www.ff-oepping.at\/cms\/wp-content\/uploads\/2022\/11\/2022-11-04_THL_08.jpg 1280w\" sizes=\"auto, (max-width: 1024px) 100vw, 1024px\" \/><\/a><\/figure>\n\n\n\n<figure class=\"wp-block-image size-large\"><a href=\"https:\/\/www.ff-oepping.at\/cms\/wp-content\/uploads\/2022\/11\/2022-11-04_THL_09.jpg\" data-rel=\"lightbox-gallery-UWiBRrAl\" data-rl_title=\"\" data-rl_caption=\"\" title=\"\"><img loading=\"lazy\" decoding=\"async\" width=\"1024\" height=\"682\" data-id=\"11700\" src=\"https:\/\/www.ff-oepping.at\/cms\/wp-content\/uploads\/2022\/11\/2022-11-04_THL_09-1024x682.jpg\" alt=\"\" class=\"wp-image-11700\" srcset=\"https:\/\/www.ff-oepping.at\/cms\/wp-content\/uploads\/2022\/11\/2022-11-04_THL_09-1024x682.jpg 1024w, https:\/\/www.ff-oepping.at\/cms\/wp-content\/uploads\/2022\/11\/2022-11-04_THL_09-300x200.jpg 300w, https:\/\/www.ff-oepping.at\/cms\/wp-content\/uploads\/2022\/11\/2022-11-04_THL_09-768x512.jpg 768w, https:\/\/www.ff-oepping.at\/cms\/wp-content\/uploads\/2022\/11\/2022-11-04_THL_09.jpg 1280w\" sizes=\"auto, (max-width: 1024px) 100vw, 1024px\" \/><\/a><\/figure>\n<\/figure>\n\n\n\n<div style=\"height:25px\" aria-hidden=\"true\" class=\"wp-block-spacer\"><\/div>\n\n\n\n<h3 class=\"wp-block-heading\">Danke!<\/h3>\n\n\n\n<p>Die Feuerwehr Oepping bedankt sich bei allen beteiligten Kameradinnen und Kameraden f\u00fcr die aufgewendete Zeit, welche in die Ausbildung investiert wurde und gratuliert recht herzlich zu den erbrachten Leistungen.<\/p>\n","protected":false},"excerpt":{"rendered":"<p>Das sind nur ein paar Stichworte, welche die Mitglieder der Feuerwehr Oepping bei den Bewerben und Leistungspr\u00fcfungen in den vergangenen Monaten als Aufgaben zu bew\u00e4ltigen hatten. Goldene Jugend Bereits im&hellip;<\/p>\n","protected":false},"author":3,"featured_media":11720,"comment_status":"open","ping_status":"open","sticky":false,"template":"","format":"standard","meta":{"footnotes":""},"categories":[45],"tags":[],"class_list":["post-11688","post","type-post","status-publish","format-standard","has-post-thumbnail","hentry","category-bewerbe"],"views":292,"wps_subtitle":"Jahr 2022","_links":{"self":[{"href":"https:\/\/www.ff-oepping.at\/cms\/wp-json\/wp\/v2\/posts\/11688","targetHints":{"allow":["GET"]}}],"collection":[{"href":"https:\/\/www.ff-oepping.at\/cms\/wp-json\/wp\/v2\/posts"}],"about":[{"href":"https:\/\/www.ff-oepping.at\/cms\/wp-json\/wp\/v2\/types\/post"}],"author":[{"embeddable":true,"href":"https:\/\/www.ff-oepping.at\/cms\/wp-json\/wp\/v2\/users\/3"}],"replies":[{"embeddable":true,"href":"https:\/\/www.ff-oepping.at\/cms\/wp-json\/wp\/v2\/comments?post=11688"}],"version-history":[{"count":30,"href":"https:\/\/www.ff-oepping.at\/cms\/wp-json\/wp\/v2\/posts\/11688\/revisions"}],"predecessor-version":[{"id":11810,"href":"https:\/\/www.ff-oepping.at\/cms\/wp-json\/wp\/v2\/posts\/11688\/revisions\/11810"}],"wp:featuredmedia":[{"embeddable":true,"href":"https:\/\/www.ff-oepping.at\/cms\/wp-json\/wp\/v2\/media\/11720"}],"wp:attachment":[{"href":"https:\/\/www.ff-oepping.at\/cms\/wp-json\/wp\/v2\/media?parent=11688"}],"wp:term":[{"taxonomy":"category","embeddable":true,"href":"https:\/\/www.ff-oepping.at\/cms\/wp-json\/wp\/v2\/categories?post=11688"},{"taxonomy":"post_tag","embeddable":true,"href":"https:\/\/www.ff-oepping.at\/cms\/wp-json\/wp\/v2\/tags?post=11688"}],"curies":[{"name":"wp","href":"https:\/\/api.w.org\/{rel}","templated":true}]}}