{"id":11742,"date":"2022-11-10T14:44:16","date_gmt":"2022-11-10T13:44:16","guid":{"rendered":"https:\/\/www.ff-oepping.at\/cms\/?p=11742"},"modified":"2022-11-10T14:45:08","modified_gmt":"2022-11-10T13:45:08","slug":"wir-trauern-um-unseren-kameraden-ewald-natschlaeger","status":"publish","type":"post","link":"https:\/\/www.ff-oepping.at\/cms\/die-feuerwehr\/mitglieder\/wir-trauern-um-unseren-kameraden-ewald-natschlaeger\/","title":{"rendered":"Wir trauern um unseren Kameraden Ewald Natschl\u00e4ger"},"content":{"rendered":"\n<p>Unser Kamerad, L\u00f6schmeister Ewald Natschl\u00e4ger ist am Montag den 07.11.2022 verstorben.<\/p>\n\n\n\n<p>Ewald Natschl\u00e4ger ist mit 01. J\u00e4nner 1975 der Freiwilligen Feuerwehr Oepping beigetreten. Nach wenigen Monaten in der Feuerwehr, ist Ewald gemeinsam mit den Kameraden der Bewerbsgruppe beim Landes-Feuerwehrbewerb in Eferding an den Start gegangen. Anfang Juli 1975 konnte er bei diesem Bewerb das bronzerne und silberne Leistungsabzeichen entgegennehmen. Keine zwei Monate sp\u00e4ter ging es bereits ins benachbarte Deutschland, zur Pr\u00fcfung um das bayerische Leistungsabzeichen.<\/p>\n\n\n\n<p>Gemeinsam erreichte die Bewerbsgruppe rund um Ewald zahlreiche Erfolge bei den einzelnen Bewerben. Der H\u00f6hepunkt jedoch war sicherlich im September 1978 die Teilnahme beim Bundes-Feuerwehrbewerb in Wiener Neustadt.<\/p>\n\n\n\n<p>Bei der Florianiausr\u00fcckung im Mai 2015 erhielt Ewald f\u00fcr seine langj\u00e4hrige Treue zur Feuerwehr, die 40 j\u00e4hrige Feuerwehrdienstmedaille verliehen.<\/p>\n\n\n\n<p><em>Lieber Ewald, wir werden dir als Freund stets ein ehrendes Andenken bewahren und sprechen deinen Angeh\u00f6rigen unser tiefstes Mitgef\u00fchl aus.<\/em><\/p>\n\n\n\n<figure class=\"wp-block-image size-large\"><img loading=\"lazy\" decoding=\"async\" width=\"724\" height=\"1024\" src=\"https:\/\/www.ff-oepping.at\/cms\/wp-content\/uploads\/2022\/11\/Parte-EwaldNatschlaeger-724x1024.jpg\" alt=\"\" class=\"wp-image-11743\" srcset=\"https:\/\/www.ff-oepping.at\/cms\/wp-content\/uploads\/2022\/11\/Parte-EwaldNatschlaeger-724x1024.jpg 724w, https:\/\/www.ff-oepping.at\/cms\/wp-content\/uploads\/2022\/11\/Parte-EwaldNatschlaeger-212x300.jpg 212w, https:\/\/www.ff-oepping.at\/cms\/wp-content\/uploads\/2022\/11\/Parte-EwaldNatschlaeger-768x1086.jpg 768w, https:\/\/www.ff-oepping.at\/cms\/wp-content\/uploads\/2022\/11\/Parte-EwaldNatschlaeger-1086x1536.jpg 1086w, https:\/\/www.ff-oepping.at\/cms\/wp-content\/uploads\/2022\/11\/Parte-EwaldNatschlaeger-1448x2048.jpg 1448w, https:\/\/www.ff-oepping.at\/cms\/wp-content\/uploads\/2022\/11\/Parte-EwaldNatschlaeger-1320x1866.jpg 1320w, https:\/\/www.ff-oepping.at\/cms\/wp-content\/uploads\/2022\/11\/Parte-EwaldNatschlaeger-scaled.jpg 1811w\" sizes=\"auto, (max-width: 724px) 100vw, 724px\" \/><\/figure>\n","protected":false},"excerpt":{"rendered":"<p>Unser Kamerad, L\u00f6schmeister Ewald Natschl\u00e4ger ist am Montag den 07.11.2022 verstorben. Ewald Natschl\u00e4ger ist mit 01. J\u00e4nner 1975 der Freiwilligen Feuerwehr Oepping beigetreten. Nach wenigen Monaten in der Feuerwehr, ist&hellip;<\/p>\n","protected":false},"author":1,"featured_media":10481,"comment_status":"open","ping_status":"open","sticky":false,"template":"","format":"standard","meta":{"footnotes":""},"categories":[28],"tags":[],"class_list":["post-11742","post","type-post","status-publish","format-standard","has-post-thumbnail","hentry","category-mitglieder"],"views":316,"wps_subtitle":"10. November 2022","_links":{"self":[{"href":"https:\/\/www.ff-oepping.at\/cms\/wp-json\/wp\/v2\/posts\/11742","targetHints":{"allow":["GET"]}}],"collection":[{"href":"https:\/\/www.ff-oepping.at\/cms\/wp-json\/wp\/v2\/posts"}],"about":[{"href":"https:\/\/www.ff-oepping.at\/cms\/wp-json\/wp\/v2\/types\/post"}],"author":[{"embeddable":true,"href":"https:\/\/www.ff-oepping.at\/cms\/wp-json\/wp\/v2\/users\/1"}],"replies":[{"embeddable":true,"href":"https:\/\/www.ff-oepping.at\/cms\/wp-json\/wp\/v2\/comments?post=11742"}],"version-history":[{"count":4,"href":"https:\/\/www.ff-oepping.at\/cms\/wp-json\/wp\/v2\/posts\/11742\/revisions"}],"predecessor-version":[{"id":11747,"href":"https:\/\/www.ff-oepping.at\/cms\/wp-json\/wp\/v2\/posts\/11742\/revisions\/11747"}],"wp:featuredmedia":[{"embeddable":true,"href":"https:\/\/www.ff-oepping.at\/cms\/wp-json\/wp\/v2\/media\/10481"}],"wp:attachment":[{"href":"https:\/\/www.ff-oepping.at\/cms\/wp-json\/wp\/v2\/media?parent=11742"}],"wp:term":[{"taxonomy":"category","embeddable":true,"href":"https:\/\/www.ff-oepping.at\/cms\/wp-json\/wp\/v2\/categories?post=11742"},{"taxonomy":"post_tag","embeddable":true,"href":"https:\/\/www.ff-oepping.at\/cms\/wp-json\/wp\/v2\/tags?post=11742"}],"curies":[{"name":"wp","href":"https:\/\/api.w.org\/{rel}","templated":true}]}}