{"id":1180,"date":"2005-05-01T15:30:11","date_gmt":"2005-05-01T13:30:11","guid":{"rendered":"http:\/\/www.ff-oepping.at\/wp\/?p=1180"},"modified":"2005-05-01T15:30:11","modified_gmt":"2005-05-01T13:30:11","slug":"florianiausruckung","status":"publish","type":"post","link":"https:\/\/www.ff-oepping.at\/cms\/die-feuerwehr\/florianiausruckung\/","title":{"rendered":"Florianiausr\u00fcckung"},"content":{"rendered":"<p>Ehrung f\u00fcr Sirenenwart Naderhirn Johann &#8211; Angelobung der Jugend &#8211; Bef\u00f6rderungen<\/p>\n<h3>Ehrung f\u00fcr Johann Naderhirn<\/h3>\n<p>Johann Naderhirn hat \u00fcber Jahrzehnte die Sirenenprobe am Samstag Mittag betreut, das hei\u00dft er ist w\u00f6chtlich im Feuerwehrhaus gewesen um entweder die Sirene selbst auszul\u00f6sen oder das Blinklicht zur\u00fcckzusetzen. Mit dem neuen Warn- und Alarmierungssystem ist diese w\u00f6chentliche T\u00e4tigkeit nicht mehr notwendig. Dem Kommando war es nun ein Anliegen, dem nun schon\u00a0fast 80-j\u00e4hrigen Feuerwehrkamerad Johann Naderhirn f\u00fcr seine\u00a0jahrelange T\u00e4tigkeit als Sirenenwart \u00a0zu danken. Im Rahmen der Florianiausr\u00fcckung \u00fcberreicht Kommandant Reischl dem Kameraden eine Dank- und Anerkennungsurkunde.<\/p>\n<h3>\u00a0<a href=\"http:\/\/www.ff-oepping.at\/cms\/wp-content\/uploads\/2005\/05\/2005_florianiausrueckung_1.jpg\" data-rel=\"lightbox-gallery-kRCimHNM\" data-rl_title=\"\" data-rl_caption=\"\" title=\"\"><img loading=\"lazy\" decoding=\"async\" width=\"450\" height=\"338\" class=\"alignnone size-full wp-image-4368\" alt=\"OLYMPUS DIGITAL CAMERA\" src=\"http:\/\/www.ff-oepping.at\/cms\/wp-content\/uploads\/2005\/05\/2005_florianiausrueckung_1.jpg\" srcset=\"https:\/\/www.ff-oepping.at\/cms\/wp-content\/uploads\/2005\/05\/2005_florianiausrueckung_1.jpg 450w, https:\/\/www.ff-oepping.at\/cms\/wp-content\/uploads\/2005\/05\/2005_florianiausrueckung_1-300x225.jpg 300w\" sizes=\"auto, (max-width: 450px) 100vw, 450px\" \/><\/a><\/h3>\n<h3>Angelobung der Jungfeuerwehrm\u00e4nner<\/h3>\n<p>Anl\u00e4sslich der Florianiausr\u00fcckung werden die Jungfeuerwehrm\u00e4nner angelobt.<\/p>\n<h3><a href=\"http:\/\/www.ff-oepping.at\/cms\/wp-content\/uploads\/2005\/05\/2005_florianiausrueckung_2.jpg\" data-rel=\"lightbox-gallery-kRCimHNM\" data-rl_title=\"\" data-rl_caption=\"\" title=\"\"><img loading=\"lazy\" decoding=\"async\" width=\"450\" height=\"338\" class=\"alignnone size-full wp-image-4367\" alt=\"OLYMPUS DIGITAL CAMERA\" src=\"http:\/\/www.ff-oepping.at\/cms\/wp-content\/uploads\/2005\/05\/2005_florianiausrueckung_2.jpg\" srcset=\"https:\/\/www.ff-oepping.at\/cms\/wp-content\/uploads\/2005\/05\/2005_florianiausrueckung_2.jpg 450w, https:\/\/www.ff-oepping.at\/cms\/wp-content\/uploads\/2005\/05\/2005_florianiausrueckung_2-300x225.jpg 300w\" sizes=\"auto, (max-width: 450px) 100vw, 450px\" \/><\/a><\/h3>\n<h3>Erprobungsstreifen f\u00fcr Jugendgruppe<\/h3>\n<p>Im Rahmen der Florianiausr\u00fcckung erhielt die Jugendgruppe auch die ersten Erprobungsstreifen.<br \/>\nH\u00f6fler Markus (1. Erprobung)<br \/>\nGabriel Marco (1.Erprobung)<br \/>\nStarlinger Kilian (1.Erprobung)<br \/>\nLeitner Dominik (1.Erprobung)<br \/>\nSchram Florian (1.Erprobung)<br \/>\nGabriel Michael (1.Erprobung)<br \/>\nBei\u00dfmann Manuel\u00a0(1.Erprobung)<br \/>\nSonnleitner Tobias\u00a0(1.Erprobung)<br \/>\nSonnleitner Dominik (1.Erprobung)<br \/>\nH\u00f6glinger Fabian (1.Erprobung)<br \/>\nSchaubmayr Stefan\u00a0(1.Erprobung)<br \/>\nStockinger Patrick\u00a0(2.Erprobung)<br \/>\nSimmel Johannes (Wissenstestabzeichen Bronze u. 2. Erprobung)<\/p>\n<h3>Bef\u00f6rderungen<\/h3>\n<p>Folgende Bef\u00f6rderungen wurden ausgesprochen:<\/p>\n<table width=\"400\" border=\"1\" cellspacing=\"0\" cellpadding=\"0\">\n<tbody>\n<tr>\n<td>\u00a0Gumpenberger Josef<\/td>\n<td>\u00a0BM<span>\u00a0\u00a0<\/span><\/td>\n<td>\u00a0zum<\/td>\n<td>\u00a0OBM<\/td>\n<\/tr>\n<tr>\n<td>\u00a0Kern Josef<span>\u00a0\u00a0\u00a0\u00a0\u00a0\u00a0<\/span><\/td>\n<td>\u00a0HLM<\/td>\n<td>\u00a0zum<\/td>\n<td>\u00a0BM<\/td>\n<\/tr>\n<tr>\n<td>\u00a0Gabriel Josef<span>\u00a0\u00a0\u00a0\u00a0\u00a0\u00a0\u00a0\u00a0\u00a0\u00a0\u00a0\u00a0\u00a0\u00a0\u00a0\u00a0\u00a0<\/span><\/td>\n<td>\u00a0OLM<\/td>\n<td>\u00a0zum<\/td>\n<td>\u00a0HLM<\/td>\n<\/tr>\n<tr>\n<td>\u00a0Mayrhofer Martin<span>\u00a0\u00a0\u00a0\u00a0\u00a0\u00a0\u00a0\u00a0\u00a0\u00a0\u00a0<\/span><\/td>\n<td>\u00a0OLM<\/td>\n<td>\u00a0zum<\/td>\n<td>\u00a0HLM<\/td>\n<\/tr>\n<tr>\n<td>\u00a0Schwentner Albert<span>\u00a0\u00a0\u00a0\u00a0\u00a0\u00a0\u00a0\u00a0\u00a0<\/span><\/td>\n<td>\u00a0OLM<\/td>\n<td>\u00a0zum<\/td>\n<td>\u00a0HLM<\/td>\n<\/tr>\n<tr>\n<td>\u00a0Barth G\u00fcnter<span>\u00a0\u00a0<\/span><\/td>\n<td>\u00a0HFM<\/td>\n<td>\u00a0zum<\/td>\n<td>\u00a0LM<\/td>\n<\/tr>\n<tr>\n<td>\u00a0Springer Franz<span>\u00a0\u00a0<\/span><\/td>\n<td>\u00a0HFM<\/td>\n<td>\u00a0zum<\/td>\n<td>\u00a0LM<\/td>\n<\/tr>\n<tr>\n<td>\u00a0W\u00f6gerbauer Alois<\/td>\n<td>\u00a0HFM<\/td>\n<td>\u00a0zum<\/td>\n<td>\u00a0LM<\/td>\n<\/tr>\n<tr>\n<td>\u00a0Kickinger Klaus<span>\u00a0\u00a0<\/span><\/td>\n<td>\u00a0FM<\/td>\n<td>\u00a0zum<\/td>\n<td>\u00a0OFM<\/td>\n<\/tr>\n<tr>\n<td>\u00a0Simmel Andreas<\/td>\n<td>\u00a0FM<\/td>\n<td>\u00a0zum<\/td>\n<td>\u00a0OFM<\/td>\n<\/tr>\n<tr>\n<td>\u00a0Stockinger Markus<span>\u00a0<\/span><\/td>\n<td>\u00a0FM<\/td>\n<td>\u00a0zum<\/td>\n<td>\u00a0OFM<\/td>\n<\/tr>\n<tr>\n<td>\u00a0Peinbauer Heinz<span>\u00a0\u00a0\u00a0\u00a0\u00a0\u00a0\u00a0\u00a0\u00a0\u00a0\u00a0\u00a0<\/span><\/td>\n<td>\u00a0PFM<\/td>\n<td>\u00a0zum<\/td>\n<td>\u00a0FM<\/td>\n<\/tr>\n<tr>\n<td>\u00a0Schopper Michael<span>\u00a0\u00a0\u00a0\u00a0\u00a0\u00a0\u00a0\u00a0\u00a0<\/span><\/td>\n<td>\u00a0PFM<\/td>\n<td>\u00a0zum<\/td>\n<td>\u00a0FM<\/td>\n<\/tr>\n<\/tbody>\n<\/table>\n","protected":false},"excerpt":{"rendered":"<p>Ehrung f\u00fcr Sirenenwart Naderhirn Johann &#8211; Angelobung der Jugend &#8211; Bef\u00f6rderungen Ehrung f\u00fcr Johann Naderhirn Johann Naderhirn hat \u00fcber Jahrzehnte die Sirenenprobe am Samstag Mittag betreut, das hei\u00dft er ist&hellip;<\/p>\n","protected":false},"author":5,"featured_media":4368,"comment_status":"closed","ping_status":"closed","sticky":false,"template":"","format":"standard","meta":{"footnotes":""},"categories":[40,4],"tags":[],"class_list":["post-1180","post","type-post","status-publish","format-standard","has-post-thumbnail","hentry","category-aktivitaeten","category-die-feuerwehr"],"views":1096,"wps_subtitle":"","_links":{"self":[{"href":"https:\/\/www.ff-oepping.at\/cms\/wp-json\/wp\/v2\/posts\/1180","targetHints":{"allow":["GET"]}}],"collection":[{"href":"https:\/\/www.ff-oepping.at\/cms\/wp-json\/wp\/v2\/posts"}],"about":[{"href":"https:\/\/www.ff-oepping.at\/cms\/wp-json\/wp\/v2\/types\/post"}],"author":[{"embeddable":true,"href":"https:\/\/www.ff-oepping.at\/cms\/wp-json\/wp\/v2\/users\/5"}],"replies":[{"embeddable":true,"href":"https:\/\/www.ff-oepping.at\/cms\/wp-json\/wp\/v2\/comments?post=1180"}],"version-history":[{"count":0,"href":"https:\/\/www.ff-oepping.at\/cms\/wp-json\/wp\/v2\/posts\/1180\/revisions"}],"wp:featuredmedia":[{"embeddable":true,"href":"https:\/\/www.ff-oepping.at\/cms\/wp-json\/wp\/v2\/media\/4368"}],"wp:attachment":[{"href":"https:\/\/www.ff-oepping.at\/cms\/wp-json\/wp\/v2\/media?parent=1180"}],"wp:term":[{"taxonomy":"category","embeddable":true,"href":"https:\/\/www.ff-oepping.at\/cms\/wp-json\/wp\/v2\/categories?post=1180"},{"taxonomy":"post_tag","embeddable":true,"href":"https:\/\/www.ff-oepping.at\/cms\/wp-json\/wp\/v2\/tags?post=1180"}],"curies":[{"name":"wp","href":"https:\/\/api.w.org\/{rel}","templated":true}]}}