{"id":11835,"date":"2022-12-26T15:05:19","date_gmt":"2022-12-26T14:05:19","guid":{"rendered":"https:\/\/www.ff-oepping.at\/cms\/?p=11835"},"modified":"2022-12-26T15:13:15","modified_gmt":"2022-12-26T14:13:15","slug":"friedenslichtverteilung-fuer-den-guten-zweck","status":"publish","type":"post","link":"https:\/\/www.ff-oepping.at\/cms\/jugend\/friedenslichtverteilung-fuer-den-guten-zweck\/","title":{"rendered":"Friedenslichtverteilung f\u00fcr den guten Zweck"},"content":{"rendered":"\n<p>Nachdem bereits letztes Jahr unter noch schwierigen Bedingungen das Friedenslicht zumindest im Feuerwehrhaus abgeholten werden konnte, gab es f\u00fcr dieses Jahr keine Einschr\u00e4nkungen mehr.<\/p>\n\n\n\n<p>So f\u00fchrte die Feuerwehr Oepping, wie bereits vor Corona \u00fcblich, das Austragen des Friedenslichtes im Pflichtbereich der Gemeinde Oepping durch.<\/p>\n\n\n\n<p>Rund 18 Jugendfeuerwehrmitglieder und ebenfalls 18 Kameradinnen und Kameraden als Begleitperson fanden sich am 24. Dezember im Feuerwehrhaus in Oepping ein.<\/p>\n\n\n\n<p>Im Jahr 2022 fand die Sammlung abermals f\u00fcr einen guten Zweck statt. So wurde f\u00fcr die Kinder-Krebs-Hilfe in Ober\u00f6sterreich gesammelt.<\/p>\n\n\n\n<h3 class=\"wp-block-heading\"><strong>Danke an alle Spender, die eine Gesamtsumme von mehr als 4.000 Euro erm\u00f6glichten!<\/strong><\/h3>\n\n\n\n<div style=\"height:6px\" aria-hidden=\"true\" class=\"wp-block-spacer\"><\/div>\n\n\n\n<figure class=\"wp-block-gallery has-nested-images columns-default is-cropped wp-block-gallery-1 is-layout-flex wp-block-gallery-is-layout-flex\">\n<figure class=\"wp-block-image size-large\"><a href=\"https:\/\/www.ff-oepping.at\/cms\/wp-content\/uploads\/2022\/12\/2022-12-24_Friedenslichtaktion_01.jpg\" data-rel=\"lightbox-gallery-i9NIZyA1\" data-rl_title=\"\" data-rl_caption=\"\" title=\"\"><img loading=\"lazy\" decoding=\"async\" width=\"1024\" height=\"683\" data-id=\"11838\" src=\"https:\/\/www.ff-oepping.at\/cms\/wp-content\/uploads\/2022\/12\/2022-12-24_Friedenslichtaktion_01-1024x683.jpg\" alt=\"\" class=\"wp-image-11838\" srcset=\"https:\/\/www.ff-oepping.at\/cms\/wp-content\/uploads\/2022\/12\/2022-12-24_Friedenslichtaktion_01-1024x683.jpg 1024w, https:\/\/www.ff-oepping.at\/cms\/wp-content\/uploads\/2022\/12\/2022-12-24_Friedenslichtaktion_01-300x200.jpg 300w, https:\/\/www.ff-oepping.at\/cms\/wp-content\/uploads\/2022\/12\/2022-12-24_Friedenslichtaktion_01-768x512.jpg 768w, https:\/\/www.ff-oepping.at\/cms\/wp-content\/uploads\/2022\/12\/2022-12-24_Friedenslichtaktion_01-1536x1025.jpg 1536w, https:\/\/www.ff-oepping.at\/cms\/wp-content\/uploads\/2022\/12\/2022-12-24_Friedenslichtaktion_01-1320x880.jpg 1320w, https:\/\/www.ff-oepping.at\/cms\/wp-content\/uploads\/2022\/12\/2022-12-24_Friedenslichtaktion_01.jpg 2048w\" sizes=\"auto, (max-width: 1024px) 100vw, 1024px\" \/><\/a><\/figure>\n<\/figure>\n","protected":false},"excerpt":{"rendered":"<p>Nachdem bereits letztes Jahr unter noch schwierigen Bedingungen das Friedenslicht zumindest im Feuerwehrhaus abgeholten werden konnte, gab es f\u00fcr dieses Jahr keine Einschr\u00e4nkungen mehr. So f\u00fchrte die Feuerwehr Oepping, wie&hellip;<\/p>\n","protected":false},"author":3,"featured_media":11838,"comment_status":"open","ping_status":"open","sticky":false,"template":"","format":"standard","meta":{"footnotes":""},"categories":[21],"tags":[118,173,196,180,303,256],"class_list":["post-11835","post","type-post","status-publish","format-standard","has-post-thumbnail","hentry","category-jugend","tag-feuerwehr-2","tag-feuerwehrjugend","tag-ffoepping-2","tag-friedenslicht","tag-spenden","tag-weihnachten"],"views":332,"wps_subtitle":"24. Dezember 2022","_links":{"self":[{"href":"https:\/\/www.ff-oepping.at\/cms\/wp-json\/wp\/v2\/posts\/11835","targetHints":{"allow":["GET"]}}],"collection":[{"href":"https:\/\/www.ff-oepping.at\/cms\/wp-json\/wp\/v2\/posts"}],"about":[{"href":"https:\/\/www.ff-oepping.at\/cms\/wp-json\/wp\/v2\/types\/post"}],"author":[{"embeddable":true,"href":"https:\/\/www.ff-oepping.at\/cms\/wp-json\/wp\/v2\/users\/3"}],"replies":[{"embeddable":true,"href":"https:\/\/www.ff-oepping.at\/cms\/wp-json\/wp\/v2\/comments?post=11835"}],"version-history":[{"count":10,"href":"https:\/\/www.ff-oepping.at\/cms\/wp-json\/wp\/v2\/posts\/11835\/revisions"}],"predecessor-version":[{"id":11847,"href":"https:\/\/www.ff-oepping.at\/cms\/wp-json\/wp\/v2\/posts\/11835\/revisions\/11847"}],"wp:featuredmedia":[{"embeddable":true,"href":"https:\/\/www.ff-oepping.at\/cms\/wp-json\/wp\/v2\/media\/11838"}],"wp:attachment":[{"href":"https:\/\/www.ff-oepping.at\/cms\/wp-json\/wp\/v2\/media?parent=11835"}],"wp:term":[{"taxonomy":"category","embeddable":true,"href":"https:\/\/www.ff-oepping.at\/cms\/wp-json\/wp\/v2\/categories?post=11835"},{"taxonomy":"post_tag","embeddable":true,"href":"https:\/\/www.ff-oepping.at\/cms\/wp-json\/wp\/v2\/tags?post=11835"}],"curies":[{"name":"wp","href":"https:\/\/api.w.org\/{rel}","templated":true}]}}