{"id":1186,"date":"2005-05-16T15:32:27","date_gmt":"2005-05-16T13:32:27","guid":{"rendered":"http:\/\/www.ff-oepping.at\/wp\/?p=1186"},"modified":"2005-05-16T15:32:27","modified_gmt":"2005-05-16T13:32:27","slug":"feuerwehr-gratuliert-johann-naderhirn-zum-80-geburtstag","status":"publish","type":"post","link":"https:\/\/www.ff-oepping.at\/cms\/die-feuerwehr\/feuerwehr-gratuliert-johann-naderhirn-zum-80-geburtstag\/","title":{"rendered":"Feuerwehr gratuliert Johann Naderhirn zum 80. Geburtstag"},"content":{"rendered":"<p>Die Kommandomitglieder stellten sich als Gratulanten mit einer Florianistatue aus Wachs bei Feuerwehrkamerad Johann Naderhirn ein. Als Nachbar unseres Feuerwehrhauses war und ist Johann stets mit unserer Feuerwehr eng verbunden. So stellte er von 1965 bis 1978 die Traktorbespannung f\u00fcr unseren Spritzenwagen, bis wir schlie\u00dflich das LFB erhielten. F\u00fcr seine jahrzehntelange T\u00e4tigkeit als Sirenenwart bei der w\u00f6chentlichen Sirenenprobe wurde Naderhirn erst k\u00fcrzlich bei der Florianiausr\u00fcckung gedankt. Die damals \u00fcberreichte Ehrenurkunde hat in seiner Stube einen besonderen Platz erhalten, davon konnten sich die Kommandomitglieder in geselliger Runde \u00fcberzeugen.<br \/>\n<a href=\"http:\/\/www.ff-oepping.at\/cms\/wp-content\/uploads\/2005\/05\/2005_naderhirn_johann_geburtstag_1.jpg\" data-rel=\"lightbox-gallery-N8fqfwMS\" data-rl_title=\"\" data-rl_caption=\"\" title=\"\"><img loading=\"lazy\" decoding=\"async\" width=\"400\" height=\"300\" class=\"alignnone size-full wp-image-4362\" alt=\"OLYMPUS DIGITAL CAMERA\" src=\"http:\/\/www.ff-oepping.at\/cms\/wp-content\/uploads\/2005\/05\/2005_naderhirn_johann_geburtstag_1.jpg\" srcset=\"https:\/\/www.ff-oepping.at\/cms\/wp-content\/uploads\/2005\/05\/2005_naderhirn_johann_geburtstag_1.jpg 400w, https:\/\/www.ff-oepping.at\/cms\/wp-content\/uploads\/2005\/05\/2005_naderhirn_johann_geburtstag_1-300x225.jpg 300w\" sizes=\"auto, (max-width: 400px) 100vw, 400px\" \/><\/a><br \/>\nDie Feuerwehr Oepping gratuliert Johann Naderhirn herzlich zum 80. Geburtstag und wir w\u00fcnschen ihm, dass wir noch viele weitere Jubil\u00e4en mit ihm Feiern k\u00f6nnen.<br \/>\nZun\u00e4chst wurde im Freien und anschlie\u00dfend in der warmen Stube weitergefeiert.<br \/>\n<a href=\"http:\/\/www.ff-oepping.at\/cms\/wp-content\/uploads\/2005\/05\/2005_naderhirn_johann_geburtstag_2.jpg\" data-rel=\"lightbox-gallery-N8fqfwMS\" data-rl_title=\"\" data-rl_caption=\"\" title=\"\"><img loading=\"lazy\" decoding=\"async\" width=\"400\" height=\"300\" class=\"alignnone  wp-image-4363\" alt=\"2005_naderhirn_johann_geburtstag_2\" src=\"http:\/\/www.ff-oepping.at\/cms\/wp-content\/uploads\/2005\/05\/2005_naderhirn_johann_geburtstag_2.jpg\" srcset=\"https:\/\/www.ff-oepping.at\/cms\/wp-content\/uploads\/2005\/05\/2005_naderhirn_johann_geburtstag_2.jpg 400w, https:\/\/www.ff-oepping.at\/cms\/wp-content\/uploads\/2005\/05\/2005_naderhirn_johann_geburtstag_2-300x225.jpg 300w\" sizes=\"auto, (max-width: 400px) 100vw, 400px\" \/><\/a> <a href=\"http:\/\/www.ff-oepping.at\/cms\/wp-content\/uploads\/2005\/05\/2005_naderhirn_johann_geburtstag_3.jpg\" data-rel=\"lightbox-gallery-N8fqfwMS\" data-rl_title=\"\" data-rl_caption=\"\" title=\"\"><img loading=\"lazy\" decoding=\"async\" width=\"400\" height=\"300\" class=\"alignnone size-full wp-image-4361\" alt=\"2005_naderhirn_johann_geburtstag_3\" src=\"http:\/\/www.ff-oepping.at\/cms\/wp-content\/uploads\/2005\/05\/2005_naderhirn_johann_geburtstag_3.jpg\" srcset=\"https:\/\/www.ff-oepping.at\/cms\/wp-content\/uploads\/2005\/05\/2005_naderhirn_johann_geburtstag_3.jpg 400w, https:\/\/www.ff-oepping.at\/cms\/wp-content\/uploads\/2005\/05\/2005_naderhirn_johann_geburtstag_3-300x225.jpg 300w\" sizes=\"auto, (max-width: 400px) 100vw, 400px\" \/><\/a><\/p>\n","protected":false},"excerpt":{"rendered":"<p>Die Kommandomitglieder stellten sich als Gratulanten mit einer Florianistatue aus Wachs bei Feuerwehrkamerad Johann Naderhirn ein. Als Nachbar unseres Feuerwehrhauses war und ist Johann stets mit unserer Feuerwehr eng verbunden.&hellip;<\/p>\n","protected":false},"author":5,"featured_media":4362,"comment_status":"closed","ping_status":"closed","sticky":false,"template":"","format":"standard","meta":{"footnotes":""},"categories":[40,4],"tags":[],"class_list":["post-1186","post","type-post","status-publish","format-standard","has-post-thumbnail","hentry","category-aktivitaeten","category-die-feuerwehr"],"views":1052,"wps_subtitle":"","_links":{"self":[{"href":"https:\/\/www.ff-oepping.at\/cms\/wp-json\/wp\/v2\/posts\/1186","targetHints":{"allow":["GET"]}}],"collection":[{"href":"https:\/\/www.ff-oepping.at\/cms\/wp-json\/wp\/v2\/posts"}],"about":[{"href":"https:\/\/www.ff-oepping.at\/cms\/wp-json\/wp\/v2\/types\/post"}],"author":[{"embeddable":true,"href":"https:\/\/www.ff-oepping.at\/cms\/wp-json\/wp\/v2\/users\/5"}],"replies":[{"embeddable":true,"href":"https:\/\/www.ff-oepping.at\/cms\/wp-json\/wp\/v2\/comments?post=1186"}],"version-history":[{"count":0,"href":"https:\/\/www.ff-oepping.at\/cms\/wp-json\/wp\/v2\/posts\/1186\/revisions"}],"wp:featuredmedia":[{"embeddable":true,"href":"https:\/\/www.ff-oepping.at\/cms\/wp-json\/wp\/v2\/media\/4362"}],"wp:attachment":[{"href":"https:\/\/www.ff-oepping.at\/cms\/wp-json\/wp\/v2\/media?parent=1186"}],"wp:term":[{"taxonomy":"category","embeddable":true,"href":"https:\/\/www.ff-oepping.at\/cms\/wp-json\/wp\/v2\/categories?post=1186"},{"taxonomy":"post_tag","embeddable":true,"href":"https:\/\/www.ff-oepping.at\/cms\/wp-json\/wp\/v2\/tags?post=1186"}],"curies":[{"name":"wp","href":"https:\/\/api.w.org\/{rel}","templated":true}]}}