{"id":11871,"date":"2023-01-08T12:50:57","date_gmt":"2023-01-08T11:50:57","guid":{"rendered":"https:\/\/www.ff-oepping.at\/cms\/?p=11871"},"modified":"2023-01-08T12:52:04","modified_gmt":"2023-01-08T11:52:04","slug":"jahreshauptversammlung-der-ff-oepping-3","status":"publish","type":"post","link":"https:\/\/www.ff-oepping.at\/cms\/die-feuerwehr\/aktivitaeten\/jahreshauptversammlung-der-ff-oepping-3\/","title":{"rendered":"Jahreshauptversammlung der FF-Oepping"},"content":{"rendered":"\n<p>Am Freitagabend den 06. J\u00e4nner 2023 fand im Gasthaus Haidvogel die Jahreshauptversammlung der Feuerwehr Oepping statt. Vieles hat sich wieder im Jahr 2022 bei der Feuerwehr Oepping getan &#8211; ob Eins\u00e4tze, \u00dcbungen, Veranstaltungen oder einiges mehr, die Kameraden haben freiwillig nahezu 7.000 Personalstunden im vergangenen Jahr geleistet.<\/p>\n\n\n\n<p>In interessanten Vortr\u00e4gen haben die Amtswalter das vergangene Jahr revue passieren lassen. Kommandant Spindlbalker gab einen Einblick in den Wahlvorschlag der bevorstehenden Feuerwehrwahl im M\u00e4rz und in die noch zu t\u00e4tigenden Anschaffungen der n\u00e4chsten Jahre.<\/p>\n\n\n\n<figure class=\"wp-block-gallery has-nested-images columns-2 is-cropped wp-block-gallery-1 is-layout-flex wp-block-gallery-is-layout-flex\">\n<figure class=\"wp-block-image size-large\"><a href=\"https:\/\/www.ff-oepping.at\/cms\/wp-content\/uploads\/2023\/01\/2023-01-06_JHV-01-scaled.jpg\" data-rel=\"lightbox-gallery-Qb03i4IL\" data-rl_title=\"\" data-rl_caption=\"\" title=\"\"><img loading=\"lazy\" decoding=\"async\" width=\"1024\" height=\"683\" data-id=\"11874\" src=\"https:\/\/www.ff-oepping.at\/cms\/wp-content\/uploads\/2023\/01\/2023-01-06_JHV-01-1024x683.jpg\" alt=\"\" class=\"wp-image-11874\" srcset=\"https:\/\/www.ff-oepping.at\/cms\/wp-content\/uploads\/2023\/01\/2023-01-06_JHV-01-1024x683.jpg 1024w, https:\/\/www.ff-oepping.at\/cms\/wp-content\/uploads\/2023\/01\/2023-01-06_JHV-01-300x200.jpg 300w, https:\/\/www.ff-oepping.at\/cms\/wp-content\/uploads\/2023\/01\/2023-01-06_JHV-01-768x513.jpg 768w, https:\/\/www.ff-oepping.at\/cms\/wp-content\/uploads\/2023\/01\/2023-01-06_JHV-01-1536x1025.jpg 1536w, https:\/\/www.ff-oepping.at\/cms\/wp-content\/uploads\/2023\/01\/2023-01-06_JHV-01-2048x1367.jpg 2048w, https:\/\/www.ff-oepping.at\/cms\/wp-content\/uploads\/2023\/01\/2023-01-06_JHV-01-1320x881.jpg 1320w\" sizes=\"auto, (max-width: 1024px) 100vw, 1024px\" \/><\/a><\/figure>\n\n\n\n<figure class=\"wp-block-image size-large\"><a href=\"https:\/\/www.ff-oepping.at\/cms\/wp-content\/uploads\/2023\/01\/2023-01-06_JHV-02-scaled.jpg\" data-rel=\"lightbox-gallery-Qb03i4IL\" data-rl_title=\"\" data-rl_caption=\"\" title=\"\"><img loading=\"lazy\" decoding=\"async\" width=\"1024\" height=\"683\" data-id=\"11875\" src=\"https:\/\/www.ff-oepping.at\/cms\/wp-content\/uploads\/2023\/01\/2023-01-06_JHV-02-1024x683.jpg\" alt=\"\" class=\"wp-image-11875\" srcset=\"https:\/\/www.ff-oepping.at\/cms\/wp-content\/uploads\/2023\/01\/2023-01-06_JHV-02-1024x683.jpg 1024w, https:\/\/www.ff-oepping.at\/cms\/wp-content\/uploads\/2023\/01\/2023-01-06_JHV-02-300x200.jpg 300w, https:\/\/www.ff-oepping.at\/cms\/wp-content\/uploads\/2023\/01\/2023-01-06_JHV-02-768x513.jpg 768w, https:\/\/www.ff-oepping.at\/cms\/wp-content\/uploads\/2023\/01\/2023-01-06_JHV-02-1536x1025.jpg 1536w, https:\/\/www.ff-oepping.at\/cms\/wp-content\/uploads\/2023\/01\/2023-01-06_JHV-02-2048x1367.jpg 2048w, https:\/\/www.ff-oepping.at\/cms\/wp-content\/uploads\/2023\/01\/2023-01-06_JHV-02-1320x881.jpg 1320w\" sizes=\"auto, (max-width: 1024px) 100vw, 1024px\" \/><\/a><\/figure>\n\n\n\n<figure class=\"wp-block-image size-large\"><a href=\"https:\/\/www.ff-oepping.at\/cms\/wp-content\/uploads\/2023\/01\/2023-01-06_JHV-03-scaled.jpg\" data-rel=\"lightbox-gallery-Qb03i4IL\" data-rl_title=\"\" data-rl_caption=\"\" title=\"\"><img loading=\"lazy\" decoding=\"async\" width=\"1024\" height=\"683\" data-id=\"11876\" src=\"https:\/\/www.ff-oepping.at\/cms\/wp-content\/uploads\/2023\/01\/2023-01-06_JHV-03-1024x683.jpg\" alt=\"\" class=\"wp-image-11876\" srcset=\"https:\/\/www.ff-oepping.at\/cms\/wp-content\/uploads\/2023\/01\/2023-01-06_JHV-03-1024x683.jpg 1024w, https:\/\/www.ff-oepping.at\/cms\/wp-content\/uploads\/2023\/01\/2023-01-06_JHV-03-300x200.jpg 300w, https:\/\/www.ff-oepping.at\/cms\/wp-content\/uploads\/2023\/01\/2023-01-06_JHV-03-768x513.jpg 768w, https:\/\/www.ff-oepping.at\/cms\/wp-content\/uploads\/2023\/01\/2023-01-06_JHV-03-1536x1025.jpg 1536w, https:\/\/www.ff-oepping.at\/cms\/wp-content\/uploads\/2023\/01\/2023-01-06_JHV-03-2048x1367.jpg 2048w, https:\/\/www.ff-oepping.at\/cms\/wp-content\/uploads\/2023\/01\/2023-01-06_JHV-03-1320x881.jpg 1320w\" sizes=\"auto, (max-width: 1024px) 100vw, 1024px\" \/><\/a><\/figure>\n\n\n\n<figure class=\"wp-block-image size-large\"><a href=\"https:\/\/www.ff-oepping.at\/cms\/wp-content\/uploads\/2023\/01\/2023-01-06_JHV-04-scaled.jpg\" data-rel=\"lightbox-gallery-Qb03i4IL\" data-rl_title=\"\" data-rl_caption=\"\" title=\"\"><img loading=\"lazy\" decoding=\"async\" width=\"1024\" height=\"683\" data-id=\"11877\" src=\"https:\/\/www.ff-oepping.at\/cms\/wp-content\/uploads\/2023\/01\/2023-01-06_JHV-04-1024x683.jpg\" alt=\"\" class=\"wp-image-11877\" srcset=\"https:\/\/www.ff-oepping.at\/cms\/wp-content\/uploads\/2023\/01\/2023-01-06_JHV-04-1024x683.jpg 1024w, https:\/\/www.ff-oepping.at\/cms\/wp-content\/uploads\/2023\/01\/2023-01-06_JHV-04-300x200.jpg 300w, https:\/\/www.ff-oepping.at\/cms\/wp-content\/uploads\/2023\/01\/2023-01-06_JHV-04-768x513.jpg 768w, https:\/\/www.ff-oepping.at\/cms\/wp-content\/uploads\/2023\/01\/2023-01-06_JHV-04-1536x1025.jpg 1536w, https:\/\/www.ff-oepping.at\/cms\/wp-content\/uploads\/2023\/01\/2023-01-06_JHV-04-2048x1367.jpg 2048w, https:\/\/www.ff-oepping.at\/cms\/wp-content\/uploads\/2023\/01\/2023-01-06_JHV-04-1320x881.jpg 1320w\" sizes=\"auto, (max-width: 1024px) 100vw, 1024px\" \/><\/a><\/figure>\n<\/figure>\n","protected":false},"excerpt":{"rendered":"<p>Am Freitagabend den 06. J\u00e4nner 2023 fand im Gasthaus Haidvogel die Jahreshauptversammlung der Feuerwehr Oepping statt. Vieles hat sich wieder im Jahr 2022 bei der Feuerwehr Oepping getan &#8211; ob&hellip;<\/p>\n","protected":false},"author":5,"featured_media":11874,"comment_status":"open","ping_status":"open","sticky":false,"template":"","format":"standard","meta":{"footnotes":""},"categories":[40],"tags":[],"class_list":["post-11871","post","type-post","status-publish","format-standard","has-post-thumbnail","hentry","category-aktivitaeten"],"views":424,"wps_subtitle":"06. J\u00e4nner 2023","_links":{"self":[{"href":"https:\/\/www.ff-oepping.at\/cms\/wp-json\/wp\/v2\/posts\/11871","targetHints":{"allow":["GET"]}}],"collection":[{"href":"https:\/\/www.ff-oepping.at\/cms\/wp-json\/wp\/v2\/posts"}],"about":[{"href":"https:\/\/www.ff-oepping.at\/cms\/wp-json\/wp\/v2\/types\/post"}],"author":[{"embeddable":true,"href":"https:\/\/www.ff-oepping.at\/cms\/wp-json\/wp\/v2\/users\/5"}],"replies":[{"embeddable":true,"href":"https:\/\/www.ff-oepping.at\/cms\/wp-json\/wp\/v2\/comments?post=11871"}],"version-history":[{"count":6,"href":"https:\/\/www.ff-oepping.at\/cms\/wp-json\/wp\/v2\/posts\/11871\/revisions"}],"predecessor-version":[{"id":11881,"href":"https:\/\/www.ff-oepping.at\/cms\/wp-json\/wp\/v2\/posts\/11871\/revisions\/11881"}],"wp:featuredmedia":[{"embeddable":true,"href":"https:\/\/www.ff-oepping.at\/cms\/wp-json\/wp\/v2\/media\/11874"}],"wp:attachment":[{"href":"https:\/\/www.ff-oepping.at\/cms\/wp-json\/wp\/v2\/media?parent=11871"}],"wp:term":[{"taxonomy":"category","embeddable":true,"href":"https:\/\/www.ff-oepping.at\/cms\/wp-json\/wp\/v2\/categories?post=11871"},{"taxonomy":"post_tag","embeddable":true,"href":"https:\/\/www.ff-oepping.at\/cms\/wp-json\/wp\/v2\/tags?post=11871"}],"curies":[{"name":"wp","href":"https:\/\/api.w.org\/{rel}","templated":true}]}}