{"id":11979,"date":"2023-02-24T14:20:00","date_gmt":"2023-02-24T13:20:00","guid":{"rendered":"https:\/\/www.ff-oepping.at\/cms\/?p=11979"},"modified":"2023-02-24T14:35:55","modified_gmt":"2023-02-24T13:35:55","slug":"monatsuebung-februar","status":"publish","type":"post","link":"https:\/\/www.ff-oepping.at\/cms\/die-feuerwehr\/ubungen\/monatsuebung-februar\/","title":{"rendered":"Monats\u00fcbung: Atemschutz"},"content":{"rendered":"\n<p>Der Schwerpunkt der Monats\u00fcbung am 23. Februar war Atemschutz bzw. der richtige Ablauf an der Einsatzstelle im Ernstfall.<\/p>\n\n\n\n<p>Es wurden die aktuellen Richtlinien vom Abschnitt Rohrbach pr\u00e4sentiert und der Weg eines Atemschutztrupps am Einsatzort durchgespielt. Bei entsprechender Einsatzgr\u00f6\u00dfe finden sich die Atemschutztrupps am Atemschutzsammelplatz ein und werden dort aufgenommen. Wenn die Trupps anschlie\u00dfend angefordert werden, haben sich diese bei einer der Atemschutz\u00fcberwachungen einzufinden.<\/p>\n\n\n\n<p>Die wichtigsten Eckpunkte f\u00fcr den Aufbau bzw. die strategische Auswahl von diesen Punkten im Einsatzfall, wurde nochmals verinnerlicht. Weiters wurde auch die Protokollf\u00fchrung von \u00dcberwachung bzw. Sammelplatz anhand von Beispielen erkl\u00e4rt.<\/p>\n\n\n\n<p>Als Abschluss gab es f\u00fcr die anwesenden Kammeraden nochmals eine Auffrischung von den Digitalfunkger\u00e4ten und deren Handhabung. So wurden unter anderem die jeweiligen Funkkan\u00e4le und auch die Kommunikation mit dem Atemschutztrupps durchgesprochen.<\/p>\n\n\n\n<figure class=\"wp-block-gallery has-nested-images columns-default is-cropped wp-block-gallery-1 is-layout-flex wp-block-gallery-is-layout-flex\">\n<figure class=\"wp-block-image size-large\"><a href=\"https:\/\/www.ff-oepping.at\/cms\/wp-content\/uploads\/2023\/02\/2023-02-23_Monatsuebung_Februar-2-scaled.jpg\" data-rel=\"lightbox-gallery-rxkumTMO\" data-rl_title=\"\" data-rl_caption=\"\" title=\"\"><img loading=\"lazy\" decoding=\"async\" width=\"1024\" height=\"683\" data-id=\"11988\" src=\"https:\/\/www.ff-oepping.at\/cms\/wp-content\/uploads\/2023\/02\/2023-02-23_Monatsuebung_Februar-2-1024x683.jpg\" alt=\"\" class=\"wp-image-11988\" srcset=\"https:\/\/www.ff-oepping.at\/cms\/wp-content\/uploads\/2023\/02\/2023-02-23_Monatsuebung_Februar-2-1024x683.jpg 1024w, https:\/\/www.ff-oepping.at\/cms\/wp-content\/uploads\/2023\/02\/2023-02-23_Monatsuebung_Februar-2-300x200.jpg 300w, https:\/\/www.ff-oepping.at\/cms\/wp-content\/uploads\/2023\/02\/2023-02-23_Monatsuebung_Februar-2-768x512.jpg 768w, https:\/\/www.ff-oepping.at\/cms\/wp-content\/uploads\/2023\/02\/2023-02-23_Monatsuebung_Februar-2-1536x1024.jpg 1536w, https:\/\/www.ff-oepping.at\/cms\/wp-content\/uploads\/2023\/02\/2023-02-23_Monatsuebung_Februar-2-2048x1365.jpg 2048w, https:\/\/www.ff-oepping.at\/cms\/wp-content\/uploads\/2023\/02\/2023-02-23_Monatsuebung_Februar-2-1320x880.jpg 1320w\" sizes=\"auto, (max-width: 1024px) 100vw, 1024px\" \/><\/a><\/figure>\n\n\n\n<figure class=\"wp-block-image size-large\"><a href=\"https:\/\/www.ff-oepping.at\/cms\/wp-content\/uploads\/2023\/02\/2023-02-23_Monatsuebung_Februar-6-scaled.jpg\" data-rel=\"lightbox-gallery-rxkumTMO\" data-rl_title=\"\" data-rl_caption=\"\" title=\"\"><img loading=\"lazy\" decoding=\"async\" width=\"1024\" height=\"683\" data-id=\"11990\" src=\"https:\/\/www.ff-oepping.at\/cms\/wp-content\/uploads\/2023\/02\/2023-02-23_Monatsuebung_Februar-6-1024x683.jpg\" alt=\"\" class=\"wp-image-11990\" srcset=\"https:\/\/www.ff-oepping.at\/cms\/wp-content\/uploads\/2023\/02\/2023-02-23_Monatsuebung_Februar-6-1024x683.jpg 1024w, https:\/\/www.ff-oepping.at\/cms\/wp-content\/uploads\/2023\/02\/2023-02-23_Monatsuebung_Februar-6-300x200.jpg 300w, https:\/\/www.ff-oepping.at\/cms\/wp-content\/uploads\/2023\/02\/2023-02-23_Monatsuebung_Februar-6-768x512.jpg 768w, https:\/\/www.ff-oepping.at\/cms\/wp-content\/uploads\/2023\/02\/2023-02-23_Monatsuebung_Februar-6-1536x1024.jpg 1536w, https:\/\/www.ff-oepping.at\/cms\/wp-content\/uploads\/2023\/02\/2023-02-23_Monatsuebung_Februar-6-2048x1365.jpg 2048w, https:\/\/www.ff-oepping.at\/cms\/wp-content\/uploads\/2023\/02\/2023-02-23_Monatsuebung_Februar-6-1320x880.jpg 1320w\" sizes=\"auto, (max-width: 1024px) 100vw, 1024px\" \/><\/a><\/figure>\n<\/figure>\n","protected":false},"excerpt":{"rendered":"<p>Der Schwerpunkt der Monats\u00fcbung am 23. Februar war Atemschutz bzw. der richtige Ablauf an der Einsatzstelle im Ernstfall. Es wurden die aktuellen Richtlinien vom Abschnitt Rohrbach pr\u00e4sentiert und der Weg&hellip;<\/p>\n","protected":false},"author":7,"featured_media":11989,"comment_status":"open","ping_status":"open","sticky":false,"template":"","format":"standard","meta":{"footnotes":""},"categories":[38],"tags":[200,118,196,167],"class_list":["post-11979","post","type-post","status-publish","format-standard","has-post-thumbnail","hentry","category-ubungen","tag-atemschutz","tag-feuerwehr-2","tag-ffoepping-2","tag-monatsuebung"],"views":232,"wps_subtitle":"23. Februar 2023","_links":{"self":[{"href":"https:\/\/www.ff-oepping.at\/cms\/wp-json\/wp\/v2\/posts\/11979","targetHints":{"allow":["GET"]}}],"collection":[{"href":"https:\/\/www.ff-oepping.at\/cms\/wp-json\/wp\/v2\/posts"}],"about":[{"href":"https:\/\/www.ff-oepping.at\/cms\/wp-json\/wp\/v2\/types\/post"}],"author":[{"embeddable":true,"href":"https:\/\/www.ff-oepping.at\/cms\/wp-json\/wp\/v2\/users\/7"}],"replies":[{"embeddable":true,"href":"https:\/\/www.ff-oepping.at\/cms\/wp-json\/wp\/v2\/comments?post=11979"}],"version-history":[{"count":13,"href":"https:\/\/www.ff-oepping.at\/cms\/wp-json\/wp\/v2\/posts\/11979\/revisions"}],"predecessor-version":[{"id":11999,"href":"https:\/\/www.ff-oepping.at\/cms\/wp-json\/wp\/v2\/posts\/11979\/revisions\/11999"}],"wp:featuredmedia":[{"embeddable":true,"href":"https:\/\/www.ff-oepping.at\/cms\/wp-json\/wp\/v2\/media\/11989"}],"wp:attachment":[{"href":"https:\/\/www.ff-oepping.at\/cms\/wp-json\/wp\/v2\/media?parent=11979"}],"wp:term":[{"taxonomy":"category","embeddable":true,"href":"https:\/\/www.ff-oepping.at\/cms\/wp-json\/wp\/v2\/categories?post=11979"},{"taxonomy":"post_tag","embeddable":true,"href":"https:\/\/www.ff-oepping.at\/cms\/wp-json\/wp\/v2\/tags?post=11979"}],"curies":[{"name":"wp","href":"https:\/\/api.w.org\/{rel}","templated":true}]}}