{"id":12541,"date":"2024-01-08T08:48:01","date_gmt":"2024-01-08T07:48:01","guid":{"rendered":"https:\/\/www.ff-oepping.at\/cms\/?p=12541"},"modified":"2024-01-08T08:49:03","modified_gmt":"2024-01-08T07:49:03","slug":"jahreshauptversammlung-der-ff-oepping-4","status":"publish","type":"post","link":"https:\/\/www.ff-oepping.at\/cms\/die-feuerwehr\/aktivitaeten\/jahreshauptversammlung-der-ff-oepping-4\/","title":{"rendered":"Jahreshauptversammlung der FF-Oepping"},"content":{"rendered":"\n<p>In den ersten J\u00e4nnertagen wurden die Feuerwehrkameraden wieder zur j\u00e4hrlichen Hauptversammlung geladen. So gingen an die 70 Mitglieder dieser Einladung nach und fanden sich am Freitagabend, den 05. J\u00e4nner 2024 im Gasthaus Haidvogel ein. Es konnten einige Ehreng\u00e4ste von HBI Spindlbalker begr\u00fc\u00dft werden, bevor Schriftf\u00fchrer, Ger\u00e4tewart und Kassier mit ihren Vortr\u00e4gen starteten.<\/p>\n\n\n\n<p>Die wichtigsten Eins\u00e4tze, \u00dcbungen und Veranstaltungen aus dem Jahr 2023 wurden kurz Revue passiert. Neuanschaffungen in der Feuerwehr und \u00c4nderungen im Feuerwehrhaus standen auch auf dem Programmpunkt. Nach dem Einblick durch unseren Kommandanten, hielten auch die Ehreng\u00e4ste noch ein kurzes Referat. Mit aufgefrischten Erinnerungen aus dem alten Jahr, und somit mit viel Gespr\u00e4chsstoff, wurde der Abend gem\u00fctlich verbracht.<\/p>\n\n\n\n<figure class=\"wp-block-gallery has-nested-images columns-default is-cropped wp-block-gallery-1 is-layout-flex wp-block-gallery-is-layout-flex\">\n<figure class=\"wp-block-image size-large\"><a href=\"https:\/\/www.ff-oepping.at\/cms\/wp-content\/uploads\/2024\/01\/2024-01-05_JHV_01-scaled.jpg\" data-rel=\"lightbox-gallery-T6mzzGtS\" data-rl_title=\"\" data-rl_caption=\"\" title=\"\"><img loading=\"lazy\" decoding=\"async\" width=\"1024\" height=\"683\" data-id=\"12551\" src=\"https:\/\/www.ff-oepping.at\/cms\/wp-content\/uploads\/2024\/01\/2024-01-05_JHV_01-1024x683.jpg\" alt=\"\" class=\"wp-image-12551\" srcset=\"https:\/\/www.ff-oepping.at\/cms\/wp-content\/uploads\/2024\/01\/2024-01-05_JHV_01-1024x683.jpg 1024w, https:\/\/www.ff-oepping.at\/cms\/wp-content\/uploads\/2024\/01\/2024-01-05_JHV_01-300x200.jpg 300w, https:\/\/www.ff-oepping.at\/cms\/wp-content\/uploads\/2024\/01\/2024-01-05_JHV_01-768x513.jpg 768w, https:\/\/www.ff-oepping.at\/cms\/wp-content\/uploads\/2024\/01\/2024-01-05_JHV_01-1536x1025.jpg 1536w, https:\/\/www.ff-oepping.at\/cms\/wp-content\/uploads\/2024\/01\/2024-01-05_JHV_01-2048x1367.jpg 2048w, https:\/\/www.ff-oepping.at\/cms\/wp-content\/uploads\/2024\/01\/2024-01-05_JHV_01-1320x881.jpg 1320w\" sizes=\"auto, (max-width: 1024px) 100vw, 1024px\" \/><\/a><\/figure>\n\n\n\n<figure class=\"wp-block-image size-large\"><a href=\"https:\/\/www.ff-oepping.at\/cms\/wp-content\/uploads\/2024\/01\/2024-01-05_JHV_02-scaled.jpg\" data-rel=\"lightbox-gallery-T6mzzGtS\" data-rl_title=\"\" data-rl_caption=\"\" title=\"\"><img loading=\"lazy\" decoding=\"async\" width=\"1024\" height=\"683\" data-id=\"12552\" src=\"https:\/\/www.ff-oepping.at\/cms\/wp-content\/uploads\/2024\/01\/2024-01-05_JHV_02-1024x683.jpg\" alt=\"\" class=\"wp-image-12552\" srcset=\"https:\/\/www.ff-oepping.at\/cms\/wp-content\/uploads\/2024\/01\/2024-01-05_JHV_02-1024x683.jpg 1024w, https:\/\/www.ff-oepping.at\/cms\/wp-content\/uploads\/2024\/01\/2024-01-05_JHV_02-300x200.jpg 300w, https:\/\/www.ff-oepping.at\/cms\/wp-content\/uploads\/2024\/01\/2024-01-05_JHV_02-768x513.jpg 768w, https:\/\/www.ff-oepping.at\/cms\/wp-content\/uploads\/2024\/01\/2024-01-05_JHV_02-1536x1025.jpg 1536w, https:\/\/www.ff-oepping.at\/cms\/wp-content\/uploads\/2024\/01\/2024-01-05_JHV_02-2048x1367.jpg 2048w, https:\/\/www.ff-oepping.at\/cms\/wp-content\/uploads\/2024\/01\/2024-01-05_JHV_02-1320x881.jpg 1320w\" sizes=\"auto, (max-width: 1024px) 100vw, 1024px\" \/><\/a><\/figure>\n<\/figure>\n","protected":false},"excerpt":{"rendered":"<p>In den ersten J\u00e4nnertagen wurden die Feuerwehrkameraden wieder zur j\u00e4hrlichen Hauptversammlung geladen. So gingen an die 70 Mitglieder dieser Einladung nach und fanden sich am Freitagabend, den 05. J\u00e4nner 2024&hellip;<\/p>\n","protected":false},"author":7,"featured_media":12552,"comment_status":"open","ping_status":"open","sticky":false,"template":"","format":"standard","meta":{"footnotes":""},"categories":[40],"tags":[118,196,328],"class_list":["post-12541","post","type-post","status-publish","format-standard","has-post-thumbnail","hentry","category-aktivitaeten","tag-feuerwehr-2","tag-ffoepping-2","tag-jahreshauptversammlung"],"views":296,"wps_subtitle":"05. J\u00e4nner 2024","_links":{"self":[{"href":"https:\/\/www.ff-oepping.at\/cms\/wp-json\/wp\/v2\/posts\/12541","targetHints":{"allow":["GET"]}}],"collection":[{"href":"https:\/\/www.ff-oepping.at\/cms\/wp-json\/wp\/v2\/posts"}],"about":[{"href":"https:\/\/www.ff-oepping.at\/cms\/wp-json\/wp\/v2\/types\/post"}],"author":[{"embeddable":true,"href":"https:\/\/www.ff-oepping.at\/cms\/wp-json\/wp\/v2\/users\/7"}],"replies":[{"embeddable":true,"href":"https:\/\/www.ff-oepping.at\/cms\/wp-json\/wp\/v2\/comments?post=12541"}],"version-history":[{"count":11,"href":"https:\/\/www.ff-oepping.at\/cms\/wp-json\/wp\/v2\/posts\/12541\/revisions"}],"predecessor-version":[{"id":12555,"href":"https:\/\/www.ff-oepping.at\/cms\/wp-json\/wp\/v2\/posts\/12541\/revisions\/12555"}],"wp:featuredmedia":[{"embeddable":true,"href":"https:\/\/www.ff-oepping.at\/cms\/wp-json\/wp\/v2\/media\/12552"}],"wp:attachment":[{"href":"https:\/\/www.ff-oepping.at\/cms\/wp-json\/wp\/v2\/media?parent=12541"}],"wp:term":[{"taxonomy":"category","embeddable":true,"href":"https:\/\/www.ff-oepping.at\/cms\/wp-json\/wp\/v2\/categories?post=12541"},{"taxonomy":"post_tag","embeddable":true,"href":"https:\/\/www.ff-oepping.at\/cms\/wp-json\/wp\/v2\/tags?post=12541"}],"curies":[{"name":"wp","href":"https:\/\/api.w.org\/{rel}","templated":true}]}}