{"id":1271,"date":"2005-08-21T15:51:58","date_gmt":"2005-08-21T13:51:58","guid":{"rendered":"http:\/\/www.ff-oepping.at\/wp\/?p=1271"},"modified":"2005-08-21T15:51:58","modified_gmt":"2005-08-21T13:51:58","slug":"segnung-des-neuen-kommandofahrzeuges","status":"publish","type":"post","link":"https:\/\/www.ff-oepping.at\/cms\/die-feuerwehr\/segnung-des-neuen-kommandofahrzeuges\/","title":{"rendered":"Segnung des neuen Kommandofahrzeuges"},"content":{"rendered":"<p>Rund 150 Feuerwehrm\u00e4nner des Abschnittes und viele Oeppinger Gemeindeb\u00fcrger fanden sich in der Stocksch\u00fctzenhalle in Oepping ein, um an der feierlichen Segnung des neuen Kommandofahrzeuges teilzunehmen. Bei dem rund 33.000 Euro teuren modernen Kommandofahrzeug steuerte die Feuerwehr Oepping aus der Kameradschaftskasse rund 22.500,&#8211; Euro selbst bei und es lie\u00dfen die Festredner Nationalratsabgeordneten Dr. Reinhold Mitterlehner und Bundesrat Johann Kraml in Ihren Ansprachen auch ein Lob und einen Dank an die Feuerwehren anklingen, da die Feuerwehren mit ihren Eigeninitiativen den \u00e4u\u00dferst finanzschwachen Gemeinden des Bezirkes immer wieder sparen helfen.<br \/>\nAls Sponsor und Partner der Feuerwehr Oepping stellte sich von der Raiffeisenbank Oepping Bankstellenleiter Manfred Radinger mit einem Scheck \u00fcber 700 Euro ein und er begl\u00fcckw\u00fcnschte die Oeppinger Feuerwehrm\u00e4nner zu ihrem neuen Fahrzeug. Im anschlie\u00dfenden Fr\u00fchschoppen sorgte das Trio Granit f\u00fcr gute Stimmung unter den Besuchern.<br \/>\nFinanzierung des Fahrzeuges<br \/>\nFeuerwehr: 22.500,&#8211; Euro<br \/>\nGemeinde: 5.000,&#8211; Euro<br \/>\nLand O\u00d6.: 2.500,&#8211; Euro<br \/>\nLandesfeuerwehrkommando: 2.500,&#8211; Euro<br \/>\nRaiffeisenbank Oepping: 700,&#8211; Euro<br \/>\n<a href=\"http:\/\/www.ff-oepping.at\/cms\/wp-content\/uploads\/2013\/03\/Depotfest2005_2.jpg\" data-rel=\"lightbox-gallery-DxbhMEOo\" data-rl_title=\"\" data-rl_caption=\"\" title=\"\"><img loading=\"lazy\" decoding=\"async\" class=\"alignnone size-thumbnail wp-image-1277\" alt=\"Depotfest2005_2\" src=\"http:\/\/www.ff-oepping.at\/cms\/wp-content\/uploads\/2013\/03\/Depotfest2005_2-150x150.jpg\" width=\"150\" height=\"150\" \/><\/a> <a href=\"http:\/\/www.ff-oepping.at\/cms\/wp-content\/uploads\/2013\/03\/Depotfest2005_3.jpg\" data-rel=\"lightbox-gallery-DxbhMEOo\" data-rl_title=\"\" data-rl_caption=\"\" title=\"\"><img loading=\"lazy\" decoding=\"async\" class=\"alignnone size-thumbnail wp-image-1278\" alt=\"Depotfest2005_3\" src=\"http:\/\/www.ff-oepping.at\/cms\/wp-content\/uploads\/2013\/03\/Depotfest2005_3-150x150.jpg\" width=\"150\" height=\"150\" \/><\/a> <a href=\"http:\/\/www.ff-oepping.at\/cms\/wp-content\/uploads\/2013\/03\/Depotfest2005_4.jpg\" data-rel=\"lightbox-gallery-DxbhMEOo\" data-rl_title=\"\" data-rl_caption=\"\" title=\"\"><img loading=\"lazy\" decoding=\"async\" class=\"alignnone size-thumbnail wp-image-1279\" alt=\"Depotfest2005_4\" src=\"http:\/\/www.ff-oepping.at\/cms\/wp-content\/uploads\/2013\/03\/Depotfest2005_4-150x150.jpg\" width=\"150\" height=\"150\" \/><\/a> <a href=\"http:\/\/www.ff-oepping.at\/cms\/wp-content\/uploads\/2013\/03\/Depotfest2005_1.jpg\" data-rel=\"lightbox-gallery-DxbhMEOo\" data-rl_title=\"\" data-rl_caption=\"\" title=\"\"><img loading=\"lazy\" decoding=\"async\" class=\"alignnone size-thumbnail wp-image-1280\" alt=\"Depotfest2005_1\" src=\"http:\/\/www.ff-oepping.at\/cms\/wp-content\/uploads\/2013\/03\/Depotfest2005_1-150x150.jpg\" width=\"150\" height=\"150\" \/><\/a><\/p>\n","protected":false},"excerpt":{"rendered":"<p>Rund 150 Feuerwehrm\u00e4nner des Abschnittes und viele Oeppinger Gemeindeb\u00fcrger fanden sich in der Stocksch\u00fctzenhalle in Oepping ein, um an der feierlichen Segnung des neuen Kommandofahrzeuges teilzunehmen. Bei dem rund 33.000&hellip;<\/p>\n","protected":false},"author":5,"featured_media":1277,"comment_status":"closed","ping_status":"closed","sticky":false,"template":"","format":"standard","meta":{"footnotes":""},"categories":[40,4],"tags":[],"class_list":["post-1271","post","type-post","status-publish","format-standard","has-post-thumbnail","hentry","category-aktivitaeten","category-die-feuerwehr"],"views":921,"wps_subtitle":"","_links":{"self":[{"href":"https:\/\/www.ff-oepping.at\/cms\/wp-json\/wp\/v2\/posts\/1271","targetHints":{"allow":["GET"]}}],"collection":[{"href":"https:\/\/www.ff-oepping.at\/cms\/wp-json\/wp\/v2\/posts"}],"about":[{"href":"https:\/\/www.ff-oepping.at\/cms\/wp-json\/wp\/v2\/types\/post"}],"author":[{"embeddable":true,"href":"https:\/\/www.ff-oepping.at\/cms\/wp-json\/wp\/v2\/users\/5"}],"replies":[{"embeddable":true,"href":"https:\/\/www.ff-oepping.at\/cms\/wp-json\/wp\/v2\/comments?post=1271"}],"version-history":[{"count":0,"href":"https:\/\/www.ff-oepping.at\/cms\/wp-json\/wp\/v2\/posts\/1271\/revisions"}],"wp:featuredmedia":[{"embeddable":true,"href":"https:\/\/www.ff-oepping.at\/cms\/wp-json\/wp\/v2\/media\/1277"}],"wp:attachment":[{"href":"https:\/\/www.ff-oepping.at\/cms\/wp-json\/wp\/v2\/media?parent=1271"}],"wp:term":[{"taxonomy":"category","embeddable":true,"href":"https:\/\/www.ff-oepping.at\/cms\/wp-json\/wp\/v2\/categories?post=1271"},{"taxonomy":"post_tag","embeddable":true,"href":"https:\/\/www.ff-oepping.at\/cms\/wp-json\/wp\/v2\/tags?post=1271"}],"curies":[{"name":"wp","href":"https:\/\/api.w.org\/{rel}","templated":true}]}}