{"id":12803,"date":"2024-05-07T19:03:20","date_gmt":"2024-05-07T17:03:20","guid":{"rendered":"https:\/\/www.ff-oepping.at\/cms\/?p=12803"},"modified":"2024-05-07T19:03:37","modified_gmt":"2024-05-07T17:03:37","slug":"verkehrsunfall-aufraeumarbeiten-3","status":"publish","type":"post","link":"https:\/\/www.ff-oepping.at\/cms\/einsatze\/einsatz-2024\/verkehrsunfall-aufraeumarbeiten-3\/","title":{"rendered":"Verkehrsunfall Aufr\u00e4umarbeiten"},"content":{"rendered":"\n<p>Am fr\u00fchen Abend des Dienstag, 07. Mai 2024, wurde die Feuerwehr Oepping zu Aufr\u00e4umarbeiten nach einem Verkehrsunfall in die &#8222;M\u00fchledt&#8220; alarmiert. <\/p>\n\n\n\n<p>Aus unbekannter Ursache stie\u00dfen zwei PKW im Kreuzungsbereich zusammen. Beim Eintreffen am Einsatzort waren die beteiligten Personen bereits aus den Fahrzeugen befreit und vom Roten Kreuz versorgt. F\u00fcr unsere Feuerwehr bestand die Aufgabe im Regeln des Verkehrs sowie im Reinigen der Unfallstelle.<\/p>\n\n\n\n<p>Nach rund einer Stunde konnte die Einsatzbereitschaft wiederhergestellt werden.<\/p>\n\n\n\n<figure class=\"wp-block-gallery has-nested-images columns-default is-cropped wp-block-gallery-1 is-layout-flex wp-block-gallery-is-layout-flex\">\n<figure class=\"wp-block-image size-large\"><a href=\"https:\/\/www.ff-oepping.at\/cms\/wp-content\/uploads\/2024\/05\/2024-05-07_VU_Aufraeumarbeiten_01.jpg\" data-rel=\"lightbox-gallery-jtbJSGuO\" data-rl_title=\"\" data-rl_caption=\"\" title=\"\"><img loading=\"lazy\" decoding=\"async\" width=\"1024\" height=\"682\" data-id=\"12805\" src=\"https:\/\/www.ff-oepping.at\/cms\/wp-content\/uploads\/2024\/05\/2024-05-07_VU_Aufraeumarbeiten_01-1024x682.jpg\" alt=\"\" class=\"wp-image-12805\" srcset=\"https:\/\/www.ff-oepping.at\/cms\/wp-content\/uploads\/2024\/05\/2024-05-07_VU_Aufraeumarbeiten_01-1024x682.jpg 1024w, https:\/\/www.ff-oepping.at\/cms\/wp-content\/uploads\/2024\/05\/2024-05-07_VU_Aufraeumarbeiten_01-300x200.jpg 300w, https:\/\/www.ff-oepping.at\/cms\/wp-content\/uploads\/2024\/05\/2024-05-07_VU_Aufraeumarbeiten_01-768x512.jpg 768w, https:\/\/www.ff-oepping.at\/cms\/wp-content\/uploads\/2024\/05\/2024-05-07_VU_Aufraeumarbeiten_01-1536x1024.jpg 1536w, https:\/\/www.ff-oepping.at\/cms\/wp-content\/uploads\/2024\/05\/2024-05-07_VU_Aufraeumarbeiten_01-1320x880.jpg 1320w, https:\/\/www.ff-oepping.at\/cms\/wp-content\/uploads\/2024\/05\/2024-05-07_VU_Aufraeumarbeiten_01.jpg 2000w\" sizes=\"auto, (max-width: 1024px) 100vw, 1024px\" \/><\/a><\/figure>\n\n\n\n<figure class=\"wp-block-image size-large\"><a href=\"https:\/\/www.ff-oepping.at\/cms\/wp-content\/uploads\/2024\/05\/2024-05-07_VU_Aufraeumarbeiten_02.jpg\" data-rel=\"lightbox-gallery-jtbJSGuO\" data-rl_title=\"\" data-rl_caption=\"\" title=\"\"><img loading=\"lazy\" decoding=\"async\" width=\"1024\" height=\"682\" data-id=\"12804\" src=\"https:\/\/www.ff-oepping.at\/cms\/wp-content\/uploads\/2024\/05\/2024-05-07_VU_Aufraeumarbeiten_02-1024x682.jpg\" alt=\"\" class=\"wp-image-12804\" srcset=\"https:\/\/www.ff-oepping.at\/cms\/wp-content\/uploads\/2024\/05\/2024-05-07_VU_Aufraeumarbeiten_02-1024x682.jpg 1024w, https:\/\/www.ff-oepping.at\/cms\/wp-content\/uploads\/2024\/05\/2024-05-07_VU_Aufraeumarbeiten_02-300x200.jpg 300w, https:\/\/www.ff-oepping.at\/cms\/wp-content\/uploads\/2024\/05\/2024-05-07_VU_Aufraeumarbeiten_02-768x512.jpg 768w, https:\/\/www.ff-oepping.at\/cms\/wp-content\/uploads\/2024\/05\/2024-05-07_VU_Aufraeumarbeiten_02-1536x1024.jpg 1536w, https:\/\/www.ff-oepping.at\/cms\/wp-content\/uploads\/2024\/05\/2024-05-07_VU_Aufraeumarbeiten_02-1320x880.jpg 1320w, https:\/\/www.ff-oepping.at\/cms\/wp-content\/uploads\/2024\/05\/2024-05-07_VU_Aufraeumarbeiten_02.jpg 2000w\" sizes=\"auto, (max-width: 1024px) 100vw, 1024px\" \/><\/a><\/figure>\n\n\n\n<figure class=\"wp-block-image size-large\"><a href=\"https:\/\/www.ff-oepping.at\/cms\/wp-content\/uploads\/2024\/05\/2024-05-07_VU_Aufraeumarbeiten_03.jpg\" data-rel=\"lightbox-gallery-jtbJSGuO\" data-rl_title=\"\" data-rl_caption=\"\" title=\"\"><img loading=\"lazy\" decoding=\"async\" width=\"1024\" height=\"682\" data-id=\"12807\" src=\"https:\/\/www.ff-oepping.at\/cms\/wp-content\/uploads\/2024\/05\/2024-05-07_VU_Aufraeumarbeiten_03-1024x682.jpg\" alt=\"\" class=\"wp-image-12807\" srcset=\"https:\/\/www.ff-oepping.at\/cms\/wp-content\/uploads\/2024\/05\/2024-05-07_VU_Aufraeumarbeiten_03-1024x682.jpg 1024w, https:\/\/www.ff-oepping.at\/cms\/wp-content\/uploads\/2024\/05\/2024-05-07_VU_Aufraeumarbeiten_03-300x200.jpg 300w, https:\/\/www.ff-oepping.at\/cms\/wp-content\/uploads\/2024\/05\/2024-05-07_VU_Aufraeumarbeiten_03-768x512.jpg 768w, https:\/\/www.ff-oepping.at\/cms\/wp-content\/uploads\/2024\/05\/2024-05-07_VU_Aufraeumarbeiten_03-1536x1024.jpg 1536w, https:\/\/www.ff-oepping.at\/cms\/wp-content\/uploads\/2024\/05\/2024-05-07_VU_Aufraeumarbeiten_03-1320x880.jpg 1320w, https:\/\/www.ff-oepping.at\/cms\/wp-content\/uploads\/2024\/05\/2024-05-07_VU_Aufraeumarbeiten_03.jpg 2000w\" sizes=\"auto, (max-width: 1024px) 100vw, 1024px\" \/><\/a><\/figure>\n\n\n\n<figure class=\"wp-block-image size-large\"><a href=\"https:\/\/www.ff-oepping.at\/cms\/wp-content\/uploads\/2024\/05\/2024-05-07_VU_Aufraeumarbeiten_04.jpg\" data-rel=\"lightbox-gallery-jtbJSGuO\" data-rl_title=\"\" data-rl_caption=\"\" title=\"\"><img loading=\"lazy\" decoding=\"async\" width=\"1024\" height=\"682\" data-id=\"12806\" src=\"https:\/\/www.ff-oepping.at\/cms\/wp-content\/uploads\/2024\/05\/2024-05-07_VU_Aufraeumarbeiten_04-1024x682.jpg\" alt=\"\" class=\"wp-image-12806\" srcset=\"https:\/\/www.ff-oepping.at\/cms\/wp-content\/uploads\/2024\/05\/2024-05-07_VU_Aufraeumarbeiten_04-1024x682.jpg 1024w, https:\/\/www.ff-oepping.at\/cms\/wp-content\/uploads\/2024\/05\/2024-05-07_VU_Aufraeumarbeiten_04-300x200.jpg 300w, https:\/\/www.ff-oepping.at\/cms\/wp-content\/uploads\/2024\/05\/2024-05-07_VU_Aufraeumarbeiten_04-768x512.jpg 768w, https:\/\/www.ff-oepping.at\/cms\/wp-content\/uploads\/2024\/05\/2024-05-07_VU_Aufraeumarbeiten_04-1536x1024.jpg 1536w, https:\/\/www.ff-oepping.at\/cms\/wp-content\/uploads\/2024\/05\/2024-05-07_VU_Aufraeumarbeiten_04-1320x880.jpg 1320w, https:\/\/www.ff-oepping.at\/cms\/wp-content\/uploads\/2024\/05\/2024-05-07_VU_Aufraeumarbeiten_04.jpg 2000w\" sizes=\"auto, (max-width: 1024px) 100vw, 1024px\" \/><\/a><\/figure>\n<\/figure>\n","protected":false},"excerpt":{"rendered":"<p>Am fr\u00fchen Abend des Dienstag, 07. Mai 2024, wurde die Feuerwehr Oepping zu Aufr\u00e4umarbeiten nach einem Verkehrsunfall in die &#8222;M\u00fchledt&#8220; alarmiert. Aus unbekannter Ursache stie\u00dfen zwei PKW im Kreuzungsbereich zusammen.&hellip;<\/p>\n","protected":false},"author":3,"featured_media":12804,"comment_status":"open","ping_status":"open","sticky":false,"template":"","format":"standard","meta":{"footnotes":""},"categories":[331],"tags":[175,64,118,196],"class_list":["post-12803","post","type-post","status-publish","format-standard","has-post-thumbnail","hentry","category-einsatz-2024","tag-aufraeumarbeiten","tag-einsatz-2","tag-feuerwehr-2","tag-ffoepping-2"],"views":793,"wps_subtitle":"07. Mai 2024","_links":{"self":[{"href":"https:\/\/www.ff-oepping.at\/cms\/wp-json\/wp\/v2\/posts\/12803","targetHints":{"allow":["GET"]}}],"collection":[{"href":"https:\/\/www.ff-oepping.at\/cms\/wp-json\/wp\/v2\/posts"}],"about":[{"href":"https:\/\/www.ff-oepping.at\/cms\/wp-json\/wp\/v2\/types\/post"}],"author":[{"embeddable":true,"href":"https:\/\/www.ff-oepping.at\/cms\/wp-json\/wp\/v2\/users\/3"}],"replies":[{"embeddable":true,"href":"https:\/\/www.ff-oepping.at\/cms\/wp-json\/wp\/v2\/comments?post=12803"}],"version-history":[{"count":3,"href":"https:\/\/www.ff-oepping.at\/cms\/wp-json\/wp\/v2\/posts\/12803\/revisions"}],"predecessor-version":[{"id":12810,"href":"https:\/\/www.ff-oepping.at\/cms\/wp-json\/wp\/v2\/posts\/12803\/revisions\/12810"}],"wp:featuredmedia":[{"embeddable":true,"href":"https:\/\/www.ff-oepping.at\/cms\/wp-json\/wp\/v2\/media\/12804"}],"wp:attachment":[{"href":"https:\/\/www.ff-oepping.at\/cms\/wp-json\/wp\/v2\/media?parent=12803"}],"wp:term":[{"taxonomy":"category","embeddable":true,"href":"https:\/\/www.ff-oepping.at\/cms\/wp-json\/wp\/v2\/categories?post=12803"},{"taxonomy":"post_tag","embeddable":true,"href":"https:\/\/www.ff-oepping.at\/cms\/wp-json\/wp\/v2\/tags?post=12803"}],"curies":[{"name":"wp","href":"https:\/\/api.w.org\/{rel}","templated":true}]}}