{"id":13217,"date":"2024-11-13T09:48:10","date_gmt":"2024-11-13T08:48:10","guid":{"rendered":"https:\/\/www.ff-oepping.at\/cms\/?p=13217"},"modified":"2024-11-20T09:38:26","modified_gmt":"2024-11-20T08:38:26","slug":"die-feuerwehr-trauert-um-brandmeister-rupert-barth","status":"publish","type":"post","link":"https:\/\/www.ff-oepping.at\/cms\/die-feuerwehr\/mitglieder\/die-feuerwehr-trauert-um-brandmeister-rupert-barth\/","title":{"rendered":"Die Feuerwehr Oepping trauert um Brandmeister Rupert Barth"},"content":{"rendered":"\n<p>Im jungen Alter trat Rupert Barth im Jahr 1968 der Feuerwehr Oepping bei und blieb bis zu seinem Tod ein treues Mitglied unserer Gemeinschaft.<\/p>\n\n\n\n<p>Am Dienstag, den 12. November 2024, ist Rupert im 74. Lebensjahr verstorben.<\/p>\n\n\n\n<p>Die Feuerwehr Oepping trauert um einen gesch\u00e4tzten Kameraden und spricht den Angeh\u00f6rigen ihr tief empfundenes Mitgef\u00fchl aus. <\/p>\n\n\n\n<p>Das Begr\u00e4bnis unseres Kameraden findet am kommenden Samstag, den 23. November um 10.00 Uhr in der Pfarrkirche in Oepping statt.<\/p>\n\n\n\n<figure class=\"wp-block-image size-full\"><img loading=\"lazy\" decoding=\"async\" width=\"890\" height=\"360\" src=\"https:\/\/www.ff-oepping.at\/cms\/wp-content\/uploads\/2016\/04\/cover-photo-funeral-1.jpg\" alt=\"\" class=\"wp-image-6429\" srcset=\"https:\/\/www.ff-oepping.at\/cms\/wp-content\/uploads\/2016\/04\/cover-photo-funeral-1.jpg 890w, https:\/\/www.ff-oepping.at\/cms\/wp-content\/uploads\/2016\/04\/cover-photo-funeral-1-300x121.jpg 300w, https:\/\/www.ff-oepping.at\/cms\/wp-content\/uploads\/2016\/04\/cover-photo-funeral-1-768x311.jpg 768w\" sizes=\"auto, (max-width: 890px) 100vw, 890px\" \/><\/figure>\n","protected":false},"excerpt":{"rendered":"<p>Im jungen Alter trat Rupert Barth im Jahr 1968 der Feuerwehr Oepping bei und blieb bis zu seinem Tod ein treues Mitglied unserer Gemeinschaft. Am Dienstag, den 12. November 2024,&hellip;<\/p>\n","protected":false},"author":5,"featured_media":6429,"comment_status":"open","ping_status":"open","sticky":false,"template":"","format":"standard","meta":{"footnotes":""},"categories":[28],"tags":[196,362,361],"class_list":["post-13217","post","type-post","status-publish","format-standard","has-post-thumbnail","hentry","category-mitglieder","tag-ffoepping-2","tag-mitglied","tag-trauer"],"views":204,"wps_subtitle":"13. November 2024","_links":{"self":[{"href":"https:\/\/www.ff-oepping.at\/cms\/wp-json\/wp\/v2\/posts\/13217","targetHints":{"allow":["GET"]}}],"collection":[{"href":"https:\/\/www.ff-oepping.at\/cms\/wp-json\/wp\/v2\/posts"}],"about":[{"href":"https:\/\/www.ff-oepping.at\/cms\/wp-json\/wp\/v2\/types\/post"}],"author":[{"embeddable":true,"href":"https:\/\/www.ff-oepping.at\/cms\/wp-json\/wp\/v2\/users\/5"}],"replies":[{"embeddable":true,"href":"https:\/\/www.ff-oepping.at\/cms\/wp-json\/wp\/v2\/comments?post=13217"}],"version-history":[{"count":16,"href":"https:\/\/www.ff-oepping.at\/cms\/wp-json\/wp\/v2\/posts\/13217\/revisions"}],"predecessor-version":[{"id":13423,"href":"https:\/\/www.ff-oepping.at\/cms\/wp-json\/wp\/v2\/posts\/13217\/revisions\/13423"}],"wp:featuredmedia":[{"embeddable":true,"href":"https:\/\/www.ff-oepping.at\/cms\/wp-json\/wp\/v2\/media\/6429"}],"wp:attachment":[{"href":"https:\/\/www.ff-oepping.at\/cms\/wp-json\/wp\/v2\/media?parent=13217"}],"wp:term":[{"taxonomy":"category","embeddable":true,"href":"https:\/\/www.ff-oepping.at\/cms\/wp-json\/wp\/v2\/categories?post=13217"},{"taxonomy":"post_tag","embeddable":true,"href":"https:\/\/www.ff-oepping.at\/cms\/wp-json\/wp\/v2\/tags?post=13217"}],"curies":[{"name":"wp","href":"https:\/\/api.w.org\/{rel}","templated":true}]}}