{"id":1326,"date":"2005-09-18T16:02:13","date_gmt":"2005-09-18T14:02:13","guid":{"rendered":"http:\/\/www.ff-oepping.at\/wp\/?p=1326"},"modified":"2005-09-18T16:02:13","modified_gmt":"2005-09-18T14:02:13","slug":"unser-kommandant-feiert-seinen-40-geburtstag","status":"publish","type":"post","link":"https:\/\/www.ff-oepping.at\/cms\/die-feuerwehr\/unser-kommandant-feiert-seinen-40-geburtstag\/","title":{"rendered":"Unser Kommandant feiert seinen 40. Geburtstag"},"content":{"rendered":"<p>Unser Kommandant ist 40 Jahre und lud zu einer z\u00fcnftigen Feier ein. Seine Familie, seine Nachbarn, seine Freunde und wir Feuerwehrkameraden stellten uns bei seiner Geburtstagsfeier ein und hatten nat\u00fcrlich auch ein Geschenk dabei. Da unser Kommandant erst um Mitternacht tats\u00e4chlich Geburtstag hatte, dauerte die Feier umso l\u00e4nger.<br \/>\n<a href=\"http:\/\/www.ff-oepping.at\/cms\/wp-content\/uploads\/2013\/03\/Heli40Jahre_1.jpg\" data-rel=\"lightbox-gallery-sOEMW6g9\" data-rl_title=\"\" data-rl_caption=\"\" title=\"\"><img loading=\"lazy\" decoding=\"async\" class=\"alignnone size-thumbnail wp-image-1327\" alt=\"Heli40Jahre_1\" src=\"http:\/\/www.ff-oepping.at\/cms\/wp-content\/uploads\/2013\/03\/Heli40Jahre_1-150x150.jpg\" width=\"150\" height=\"150\" \/><\/a> <a href=\"http:\/\/www.ff-oepping.at\/cms\/wp-content\/uploads\/2013\/03\/Heli40Jahre_2.jpg\" data-rel=\"lightbox-gallery-sOEMW6g9\" data-rl_title=\"\" data-rl_caption=\"\" title=\"\"><img loading=\"lazy\" decoding=\"async\" class=\"alignnone size-thumbnail wp-image-1328\" alt=\"Heli40Jahre_2\" src=\"http:\/\/www.ff-oepping.at\/cms\/wp-content\/uploads\/2013\/03\/Heli40Jahre_2-150x150.jpg\" width=\"150\" height=\"150\" \/><\/a> <a href=\"http:\/\/www.ff-oepping.at\/cms\/wp-content\/uploads\/2013\/03\/Heli40Jahre_3.jpg\" data-rel=\"lightbox-gallery-sOEMW6g9\" data-rl_title=\"\" data-rl_caption=\"\" title=\"\"><img loading=\"lazy\" decoding=\"async\" class=\"alignnone size-thumbnail wp-image-1329\" alt=\"Heli40Jahre_3\" src=\"http:\/\/www.ff-oepping.at\/cms\/wp-content\/uploads\/2013\/03\/Heli40Jahre_3-150x150.jpg\" width=\"150\" height=\"150\" \/><\/a> <a href=\"http:\/\/www.ff-oepping.at\/cms\/wp-content\/uploads\/2013\/03\/Heli40Jahre_4.jpg\" data-rel=\"lightbox-gallery-sOEMW6g9\" data-rl_title=\"\" data-rl_caption=\"\" title=\"\"><img loading=\"lazy\" decoding=\"async\" class=\"alignnone size-thumbnail wp-image-1330\" alt=\"Heli40Jahre_4\" src=\"http:\/\/www.ff-oepping.at\/cms\/wp-content\/uploads\/2013\/03\/Heli40Jahre_4-150x150.jpg\" width=\"150\" height=\"150\" \/><\/a><\/p>\n","protected":false},"excerpt":{"rendered":"<p>Unser Kommandant ist 40 Jahre und lud zu einer z\u00fcnftigen Feier ein. Seine Familie, seine Nachbarn, seine Freunde und wir Feuerwehrkameraden stellten uns bei seiner Geburtstagsfeier ein und hatten nat\u00fcrlich&hellip;<\/p>\n","protected":false},"author":5,"featured_media":1329,"comment_status":"closed","ping_status":"closed","sticky":false,"template":"","format":"standard","meta":{"footnotes":""},"categories":[40,4],"tags":[],"class_list":["post-1326","post","type-post","status-publish","format-standard","has-post-thumbnail","hentry","category-aktivitaeten","category-die-feuerwehr"],"views":960,"wps_subtitle":"","_links":{"self":[{"href":"https:\/\/www.ff-oepping.at\/cms\/wp-json\/wp\/v2\/posts\/1326","targetHints":{"allow":["GET"]}}],"collection":[{"href":"https:\/\/www.ff-oepping.at\/cms\/wp-json\/wp\/v2\/posts"}],"about":[{"href":"https:\/\/www.ff-oepping.at\/cms\/wp-json\/wp\/v2\/types\/post"}],"author":[{"embeddable":true,"href":"https:\/\/www.ff-oepping.at\/cms\/wp-json\/wp\/v2\/users\/5"}],"replies":[{"embeddable":true,"href":"https:\/\/www.ff-oepping.at\/cms\/wp-json\/wp\/v2\/comments?post=1326"}],"version-history":[{"count":0,"href":"https:\/\/www.ff-oepping.at\/cms\/wp-json\/wp\/v2\/posts\/1326\/revisions"}],"wp:featuredmedia":[{"embeddable":true,"href":"https:\/\/www.ff-oepping.at\/cms\/wp-json\/wp\/v2\/media\/1329"}],"wp:attachment":[{"href":"https:\/\/www.ff-oepping.at\/cms\/wp-json\/wp\/v2\/media?parent=1326"}],"wp:term":[{"taxonomy":"category","embeddable":true,"href":"https:\/\/www.ff-oepping.at\/cms\/wp-json\/wp\/v2\/categories?post=1326"},{"taxonomy":"post_tag","embeddable":true,"href":"https:\/\/www.ff-oepping.at\/cms\/wp-json\/wp\/v2\/tags?post=1326"}],"curies":[{"name":"wp","href":"https:\/\/api.w.org\/{rel}","templated":true}]}}