{"id":13624,"date":"2025-01-05T12:17:45","date_gmt":"2025-01-05T11:17:45","guid":{"rendered":"https:\/\/www.ff-oepping.at\/cms\/?p=13624"},"modified":"2025-01-05T13:20:05","modified_gmt":"2025-01-05T12:20:05","slug":"jahreshauptversammlung-der-ff-oepping-2024","status":"publish","type":"post","link":"https:\/\/www.ff-oepping.at\/cms\/die-feuerwehr\/aktivitaeten\/jahreshauptversammlung-der-ff-oepping-2024\/","title":{"rendered":"Jahreshauptversammlung der FF-Oepping"},"content":{"rendered":"\n<p>Die Mitglieder der Feuerwehr Oepping wurden am 03. J\u00e4nner 2025 zur allj\u00e4hrlichen Hauptversammlung geladen. Mehr als 70 Mitglieder kamen der Einladung nach und fanden sich somit in den Abendstunden im Dorfsaal (ehm. Gasthaus Haidvogel) ein. Nach einer kurzen Er\u00f6ffnung und einer gemeinsamen St\u00e4rkung konnten einige Ehreng\u00e4ste von HBI Spindlbalker begr\u00fc\u00dft werden, bevor Schriftf\u00fchrer, Ger\u00e4tewart und Kassier mit ihren Vortr\u00e4gen starteten.<\/p>\n\n\n\n<p>2024 war ein sehr einsatzintensives Jahr f\u00fcr uns und dadurch standen auch diese auf der Tagesordnung. Weiters wurden die wichtigsten \u00dcbungen und Veranstaltungen aus dem vergangenen Jahr kurz Revue passiert. In Summe haben unsere Kameraden freiwillig mehr als 8.000 Personalstunden im vergangenen Jahr geleistet.<\/p>\n\n\n\n<p>Neuanschaffungen in der Feuerwehr und \u00c4nderungen im Feuerwehrhaus standen auch auf dem Programmpunkt und wurden durch unseren Ger\u00e4tewart vorgetragen. Nach dem Einblick durch unseren Kommandanten hielten auch die Ehreng\u00e4ste noch ein kurzes Referat. Besonders Bezirksfeuerwehrkommandant OBR Thomas Stockinger hob nochmals die Herausforderungen des vergangenen Jahres hervor und bereitete die Anwesenden schon auf zuk\u00fcnftige vor. Mit aufgefrischten Erinnerungen aus dem alten Jahr, und somit mit viel Gespr\u00e4chsstoff, wurde der Abend gem\u00fctlich verbracht.<\/p>\n\n\n\n<figure class=\"wp-block-gallery has-nested-images columns-default is-cropped wp-block-gallery-1 is-layout-flex wp-block-gallery-is-layout-flex\">\n<figure class=\"wp-block-image size-large\"><a href=\"https:\/\/www.ff-oepping.at\/cms\/wp-content\/uploads\/2025\/01\/2025-01-03_Jahreshauptversammlung_1-scaled.jpg\" data-rel=\"lightbox-gallery-3p6o1CRG\" data-rl_title=\"\" data-rl_caption=\"\" title=\"\"><img loading=\"lazy\" decoding=\"async\" width=\"1024\" height=\"683\" data-id=\"13627\" src=\"https:\/\/www.ff-oepping.at\/cms\/wp-content\/uploads\/2025\/01\/2025-01-03_Jahreshauptversammlung_1-1024x683.jpg\" alt=\"\" class=\"wp-image-13627\" srcset=\"https:\/\/www.ff-oepping.at\/cms\/wp-content\/uploads\/2025\/01\/2025-01-03_Jahreshauptversammlung_1-1024x683.jpg 1024w, https:\/\/www.ff-oepping.at\/cms\/wp-content\/uploads\/2025\/01\/2025-01-03_Jahreshauptversammlung_1-300x200.jpg 300w, https:\/\/www.ff-oepping.at\/cms\/wp-content\/uploads\/2025\/01\/2025-01-03_Jahreshauptversammlung_1-768x512.jpg 768w, https:\/\/www.ff-oepping.at\/cms\/wp-content\/uploads\/2025\/01\/2025-01-03_Jahreshauptversammlung_1-1536x1024.jpg 1536w, https:\/\/www.ff-oepping.at\/cms\/wp-content\/uploads\/2025\/01\/2025-01-03_Jahreshauptversammlung_1-2048x1365.jpg 2048w, https:\/\/www.ff-oepping.at\/cms\/wp-content\/uploads\/2025\/01\/2025-01-03_Jahreshauptversammlung_1-1320x880.jpg 1320w\" sizes=\"auto, (max-width: 1024px) 100vw, 1024px\" \/><\/a><\/figure>\n\n\n\n<figure class=\"wp-block-image size-large\"><a href=\"https:\/\/www.ff-oepping.at\/cms\/wp-content\/uploads\/2025\/01\/2025-01-03_Jahreshauptversammlung_2-scaled.jpg\" data-rel=\"lightbox-gallery-3p6o1CRG\" data-rl_title=\"\" data-rl_caption=\"\" title=\"\"><img loading=\"lazy\" decoding=\"async\" width=\"1024\" height=\"683\" data-id=\"13628\" src=\"https:\/\/www.ff-oepping.at\/cms\/wp-content\/uploads\/2025\/01\/2025-01-03_Jahreshauptversammlung_2-1024x683.jpg\" alt=\"\" class=\"wp-image-13628\" srcset=\"https:\/\/www.ff-oepping.at\/cms\/wp-content\/uploads\/2025\/01\/2025-01-03_Jahreshauptversammlung_2-1024x683.jpg 1024w, https:\/\/www.ff-oepping.at\/cms\/wp-content\/uploads\/2025\/01\/2025-01-03_Jahreshauptversammlung_2-300x200.jpg 300w, https:\/\/www.ff-oepping.at\/cms\/wp-content\/uploads\/2025\/01\/2025-01-03_Jahreshauptversammlung_2-768x512.jpg 768w, https:\/\/www.ff-oepping.at\/cms\/wp-content\/uploads\/2025\/01\/2025-01-03_Jahreshauptversammlung_2-1536x1024.jpg 1536w, https:\/\/www.ff-oepping.at\/cms\/wp-content\/uploads\/2025\/01\/2025-01-03_Jahreshauptversammlung_2-2048x1365.jpg 2048w, https:\/\/www.ff-oepping.at\/cms\/wp-content\/uploads\/2025\/01\/2025-01-03_Jahreshauptversammlung_2-1320x880.jpg 1320w\" sizes=\"auto, (max-width: 1024px) 100vw, 1024px\" \/><\/a><\/figure>\n\n\n\n<figure class=\"wp-block-image size-large\"><a href=\"https:\/\/www.ff-oepping.at\/cms\/wp-content\/uploads\/2025\/01\/2025-01-03_Jahreshauptversammlung_3-scaled.jpg\" data-rel=\"lightbox-gallery-3p6o1CRG\" data-rl_title=\"\" data-rl_caption=\"\" title=\"\"><img loading=\"lazy\" decoding=\"async\" width=\"1024\" height=\"683\" data-id=\"13629\" src=\"https:\/\/www.ff-oepping.at\/cms\/wp-content\/uploads\/2025\/01\/2025-01-03_Jahreshauptversammlung_3-1024x683.jpg\" alt=\"\" class=\"wp-image-13629\" srcset=\"https:\/\/www.ff-oepping.at\/cms\/wp-content\/uploads\/2025\/01\/2025-01-03_Jahreshauptversammlung_3-1024x683.jpg 1024w, https:\/\/www.ff-oepping.at\/cms\/wp-content\/uploads\/2025\/01\/2025-01-03_Jahreshauptversammlung_3-300x200.jpg 300w, https:\/\/www.ff-oepping.at\/cms\/wp-content\/uploads\/2025\/01\/2025-01-03_Jahreshauptversammlung_3-768x512.jpg 768w, https:\/\/www.ff-oepping.at\/cms\/wp-content\/uploads\/2025\/01\/2025-01-03_Jahreshauptversammlung_3-1536x1024.jpg 1536w, https:\/\/www.ff-oepping.at\/cms\/wp-content\/uploads\/2025\/01\/2025-01-03_Jahreshauptversammlung_3-2048x1365.jpg 2048w, https:\/\/www.ff-oepping.at\/cms\/wp-content\/uploads\/2025\/01\/2025-01-03_Jahreshauptversammlung_3-1320x880.jpg 1320w\" sizes=\"auto, (max-width: 1024px) 100vw, 1024px\" \/><\/a><\/figure>\n\n\n\n<figure class=\"wp-block-image size-large\"><a href=\"https:\/\/www.ff-oepping.at\/cms\/wp-content\/uploads\/2025\/01\/2025-01-03_Jahreshauptversammlung_4-scaled.jpg\" data-rel=\"lightbox-gallery-3p6o1CRG\" data-rl_title=\"\" data-rl_caption=\"\" title=\"\"><img loading=\"lazy\" decoding=\"async\" width=\"1024\" height=\"683\" data-id=\"13630\" src=\"https:\/\/www.ff-oepping.at\/cms\/wp-content\/uploads\/2025\/01\/2025-01-03_Jahreshauptversammlung_4-1024x683.jpg\" alt=\"\" class=\"wp-image-13630\" srcset=\"https:\/\/www.ff-oepping.at\/cms\/wp-content\/uploads\/2025\/01\/2025-01-03_Jahreshauptversammlung_4-1024x683.jpg 1024w, https:\/\/www.ff-oepping.at\/cms\/wp-content\/uploads\/2025\/01\/2025-01-03_Jahreshauptversammlung_4-300x200.jpg 300w, https:\/\/www.ff-oepping.at\/cms\/wp-content\/uploads\/2025\/01\/2025-01-03_Jahreshauptversammlung_4-768x512.jpg 768w, https:\/\/www.ff-oepping.at\/cms\/wp-content\/uploads\/2025\/01\/2025-01-03_Jahreshauptversammlung_4-1536x1024.jpg 1536w, https:\/\/www.ff-oepping.at\/cms\/wp-content\/uploads\/2025\/01\/2025-01-03_Jahreshauptversammlung_4-2048x1365.jpg 2048w, https:\/\/www.ff-oepping.at\/cms\/wp-content\/uploads\/2025\/01\/2025-01-03_Jahreshauptversammlung_4-1320x880.jpg 1320w\" sizes=\"auto, (max-width: 1024px) 100vw, 1024px\" \/><\/a><\/figure>\n<\/figure>\n","protected":false},"excerpt":{"rendered":"<p>Die Mitglieder der Feuerwehr Oepping wurden am 03. J\u00e4nner 2025 zur allj\u00e4hrlichen Hauptversammlung geladen. Mehr als 70 Mitglieder kamen der Einladung nach und fanden sich somit in den Abendstunden im&hellip;<\/p>\n","protected":false},"author":7,"featured_media":13637,"comment_status":"open","ping_status":"open","sticky":false,"template":"","format":"standard","meta":{"footnotes":""},"categories":[40],"tags":[118,196,328],"class_list":["post-13624","post","type-post","status-publish","format-standard","has-post-thumbnail","hentry","category-aktivitaeten","tag-feuerwehr-2","tag-ffoepping-2","tag-jahreshauptversammlung"],"views":255,"wps_subtitle":"03. J\u00e4nner 2025","_links":{"self":[{"href":"https:\/\/www.ff-oepping.at\/cms\/wp-json\/wp\/v2\/posts\/13624","targetHints":{"allow":["GET"]}}],"collection":[{"href":"https:\/\/www.ff-oepping.at\/cms\/wp-json\/wp\/v2\/posts"}],"about":[{"href":"https:\/\/www.ff-oepping.at\/cms\/wp-json\/wp\/v2\/types\/post"}],"author":[{"embeddable":true,"href":"https:\/\/www.ff-oepping.at\/cms\/wp-json\/wp\/v2\/users\/7"}],"replies":[{"embeddable":true,"href":"https:\/\/www.ff-oepping.at\/cms\/wp-json\/wp\/v2\/comments?post=13624"}],"version-history":[{"count":10,"href":"https:\/\/www.ff-oepping.at\/cms\/wp-json\/wp\/v2\/posts\/13624\/revisions"}],"predecessor-version":[{"id":13640,"href":"https:\/\/www.ff-oepping.at\/cms\/wp-json\/wp\/v2\/posts\/13624\/revisions\/13640"}],"wp:featuredmedia":[{"embeddable":true,"href":"https:\/\/www.ff-oepping.at\/cms\/wp-json\/wp\/v2\/media\/13637"}],"wp:attachment":[{"href":"https:\/\/www.ff-oepping.at\/cms\/wp-json\/wp\/v2\/media?parent=13624"}],"wp:term":[{"taxonomy":"category","embeddable":true,"href":"https:\/\/www.ff-oepping.at\/cms\/wp-json\/wp\/v2\/categories?post=13624"},{"taxonomy":"post_tag","embeddable":true,"href":"https:\/\/www.ff-oepping.at\/cms\/wp-json\/wp\/v2\/tags?post=13624"}],"curies":[{"name":"wp","href":"https:\/\/api.w.org\/{rel}","templated":true}]}}