{"id":13701,"date":"2025-02-17T07:39:51","date_gmt":"2025-02-17T06:39:51","guid":{"rendered":"https:\/\/www.ff-oepping.at\/cms\/?p=13701"},"modified":"2025-02-17T07:46:54","modified_gmt":"2025-02-17T06:46:54","slug":"erfolgreiche-ergebnisse-beim-wintersport","status":"publish","type":"post","link":"https:\/\/www.ff-oepping.at\/cms\/die-feuerwehr\/aktivitaeten\/erfolgreiche-ergebnisse-beim-wintersport\/","title":{"rendered":"Erfolgreiche Ergebnisse beim Wintersport"},"content":{"rendered":"\n<p>Viel Wintersport-Action gab es zu Jahresbeginn gleich bei der Feuerwehr Oepping. Und es konnten sogar einige erfolgreiche Ergebnisse eingefahren werden.<\/p>\n\n\n\n<p><strong>Stocksport<\/strong><br>Am 15. J\u00e4nner 2025 versammelten sich einige Kameraden bei der Eisbahn in Oepping um gemeinsam das eisige Winterwetter zu n\u00fctzen. Die Mannschaft wurde in mehreren Gruppen aufgeteilt und dann konnte mit dem Stocksport begonnen werden. Zur Ausz\u00e4hlung und Nachbesprechung der Aktivit\u00e4t wurde ins Gasthaus W\u00f6\u00df (Disco Pub Erika) eingekehrt.<\/p>\n\n\n\n<p>Schlag auf Schlag ging es dann bereits eine Woche sp\u00e4ter am 23. J\u00e4nner 2025 bei dem Eisschie\u00dfen gegen die Kameraden der Feuerwehr G\u00f6tzendorf. Das Aufw\u00e4rmen eine Woche vorher zeigte seine Wirkung, denn ein noch nie dagewesenes Ergebnis k\u00fcndigte sich an. Sowohl das Bratl als auch die Getr\u00e4nke konnten in einem knappen Sieg von unseren Kameraden gewonnen werden. Auf jeden Fall Nervenkitzel und Gaudi pur.<\/p>\n\n\n\n<figure class=\"wp-block-gallery has-nested-images columns-default is-cropped wp-block-gallery-1 is-layout-flex wp-block-gallery-is-layout-flex\">\n<figure class=\"wp-block-image size-large\"><a href=\"https:\/\/www.ff-oepping.at\/cms\/wp-content\/uploads\/2025\/02\/2025-01-23_EisschiessenGoetzendorf_01.jpeg\" data-rel=\"lightbox-gallery-fMxf4mdC\" data-rl_title=\"\" data-rl_caption=\"\" title=\"\"><img loading=\"lazy\" decoding=\"async\" width=\"1024\" height=\"576\" data-id=\"13715\" src=\"https:\/\/www.ff-oepping.at\/cms\/wp-content\/uploads\/2025\/02\/2025-01-23_EisschiessenGoetzendorf_01-1024x576.jpeg\" alt=\"\" class=\"wp-image-13715\" srcset=\"https:\/\/www.ff-oepping.at\/cms\/wp-content\/uploads\/2025\/02\/2025-01-23_EisschiessenGoetzendorf_01-1024x576.jpeg 1024w, https:\/\/www.ff-oepping.at\/cms\/wp-content\/uploads\/2025\/02\/2025-01-23_EisschiessenGoetzendorf_01-300x169.jpeg 300w, https:\/\/www.ff-oepping.at\/cms\/wp-content\/uploads\/2025\/02\/2025-01-23_EisschiessenGoetzendorf_01-768x432.jpeg 768w, https:\/\/www.ff-oepping.at\/cms\/wp-content\/uploads\/2025\/02\/2025-01-23_EisschiessenGoetzendorf_01-1536x864.jpeg 1536w, https:\/\/www.ff-oepping.at\/cms\/wp-content\/uploads\/2025\/02\/2025-01-23_EisschiessenGoetzendorf_01-1320x743.jpeg 1320w, https:\/\/www.ff-oepping.at\/cms\/wp-content\/uploads\/2025\/02\/2025-01-23_EisschiessenGoetzendorf_01.jpeg 1600w\" sizes=\"auto, (max-width: 1024px) 100vw, 1024px\" \/><\/a><\/figure>\n\n\n\n<figure class=\"wp-block-image size-large\"><a href=\"https:\/\/www.ff-oepping.at\/cms\/wp-content\/uploads\/2025\/02\/2025-01-23_EisschiessenGoetzendorf_02-scaled.jpeg\" data-rel=\"lightbox-gallery-fMxf4mdC\" data-rl_title=\"\" data-rl_caption=\"\" title=\"\"><img loading=\"lazy\" decoding=\"async\" width=\"1024\" height=\"576\" data-id=\"13714\" src=\"https:\/\/www.ff-oepping.at\/cms\/wp-content\/uploads\/2025\/02\/2025-01-23_EisschiessenGoetzendorf_02-1024x576.jpeg\" alt=\"\" class=\"wp-image-13714\" srcset=\"https:\/\/www.ff-oepping.at\/cms\/wp-content\/uploads\/2025\/02\/2025-01-23_EisschiessenGoetzendorf_02-1024x576.jpeg 1024w, https:\/\/www.ff-oepping.at\/cms\/wp-content\/uploads\/2025\/02\/2025-01-23_EisschiessenGoetzendorf_02-300x169.jpeg 300w, https:\/\/www.ff-oepping.at\/cms\/wp-content\/uploads\/2025\/02\/2025-01-23_EisschiessenGoetzendorf_02-768x432.jpeg 768w, https:\/\/www.ff-oepping.at\/cms\/wp-content\/uploads\/2025\/02\/2025-01-23_EisschiessenGoetzendorf_02-1536x864.jpeg 1536w, https:\/\/www.ff-oepping.at\/cms\/wp-content\/uploads\/2025\/02\/2025-01-23_EisschiessenGoetzendorf_02-2048x1153.jpeg 2048w, https:\/\/www.ff-oepping.at\/cms\/wp-content\/uploads\/2025\/02\/2025-01-23_EisschiessenGoetzendorf_02-1320x743.jpeg 1320w\" sizes=\"auto, (max-width: 1024px) 100vw, 1024px\" \/><\/a><\/figure>\n<\/figure>\n\n\n\n<p><strong>Skifahren<\/strong><br>Zum Feuerwehrskitag gemeinsam mit den Kameraden der Feuerwehr G\u00f6tzendorf luden wir am Samstag, den 08. Februar 2025. Bei besten Pisten- und Wetterverh\u00e4ltnissen wurde das Skigebiet in Hinterstoder erkundet.<\/p>\n\n\n\n<figure class=\"wp-block-gallery has-nested-images columns-default is-cropped wp-block-gallery-2 is-layout-flex wp-block-gallery-is-layout-flex\">\n<figure class=\"wp-block-image size-large\"><a href=\"https:\/\/www.ff-oepping.at\/cms\/wp-content\/uploads\/2025\/02\/2025-02-08_Feuerwehrskifahren_01.jpeg\" data-rel=\"lightbox-gallery-fMxf4mdC\" data-rl_title=\"\" data-rl_caption=\"\" title=\"\"><img loading=\"lazy\" decoding=\"async\" width=\"1024\" height=\"576\" data-id=\"13718\" src=\"https:\/\/www.ff-oepping.at\/cms\/wp-content\/uploads\/2025\/02\/2025-02-08_Feuerwehrskifahren_01-1024x576.jpeg\" alt=\"\" class=\"wp-image-13718\" srcset=\"https:\/\/www.ff-oepping.at\/cms\/wp-content\/uploads\/2025\/02\/2025-02-08_Feuerwehrskifahren_01-1024x576.jpeg 1024w, https:\/\/www.ff-oepping.at\/cms\/wp-content\/uploads\/2025\/02\/2025-02-08_Feuerwehrskifahren_01-300x169.jpeg 300w, https:\/\/www.ff-oepping.at\/cms\/wp-content\/uploads\/2025\/02\/2025-02-08_Feuerwehrskifahren_01-768x432.jpeg 768w, https:\/\/www.ff-oepping.at\/cms\/wp-content\/uploads\/2025\/02\/2025-02-08_Feuerwehrskifahren_01-1536x864.jpeg 1536w, https:\/\/www.ff-oepping.at\/cms\/wp-content\/uploads\/2025\/02\/2025-02-08_Feuerwehrskifahren_01-1320x743.jpeg 1320w, https:\/\/www.ff-oepping.at\/cms\/wp-content\/uploads\/2025\/02\/2025-02-08_Feuerwehrskifahren_01.jpeg 2040w\" sizes=\"auto, (max-width: 1024px) 100vw, 1024px\" \/><\/a><\/figure>\n\n\n\n<figure class=\"wp-block-image size-large\"><a href=\"https:\/\/www.ff-oepping.at\/cms\/wp-content\/uploads\/2025\/02\/2025-02-08_Feuerwehrskifahren_02.jpeg\" data-rel=\"lightbox-gallery-fMxf4mdC\" data-rl_title=\"\" data-rl_caption=\"\" title=\"\"><img loading=\"lazy\" decoding=\"async\" width=\"1024\" height=\"576\" data-id=\"13719\" src=\"https:\/\/www.ff-oepping.at\/cms\/wp-content\/uploads\/2025\/02\/2025-02-08_Feuerwehrskifahren_02-1024x576.jpeg\" alt=\"\" class=\"wp-image-13719\" srcset=\"https:\/\/www.ff-oepping.at\/cms\/wp-content\/uploads\/2025\/02\/2025-02-08_Feuerwehrskifahren_02-1024x576.jpeg 1024w, https:\/\/www.ff-oepping.at\/cms\/wp-content\/uploads\/2025\/02\/2025-02-08_Feuerwehrskifahren_02-300x169.jpeg 300w, https:\/\/www.ff-oepping.at\/cms\/wp-content\/uploads\/2025\/02\/2025-02-08_Feuerwehrskifahren_02-768x432.jpeg 768w, https:\/\/www.ff-oepping.at\/cms\/wp-content\/uploads\/2025\/02\/2025-02-08_Feuerwehrskifahren_02-1536x864.jpeg 1536w, https:\/\/www.ff-oepping.at\/cms\/wp-content\/uploads\/2025\/02\/2025-02-08_Feuerwehrskifahren_02-1320x743.jpeg 1320w, https:\/\/www.ff-oepping.at\/cms\/wp-content\/uploads\/2025\/02\/2025-02-08_Feuerwehrskifahren_02.jpeg 2040w\" sizes=\"auto, (max-width: 1024px) 100vw, 1024px\" \/><\/a><\/figure>\n\n\n\n<figure class=\"wp-block-image size-large\"><a href=\"https:\/\/www.ff-oepping.at\/cms\/wp-content\/uploads\/2025\/02\/2025-02-08_Feuerwehrskifahren_04.jpeg\" data-rel=\"lightbox-gallery-fMxf4mdC\" data-rl_title=\"\" data-rl_caption=\"\" title=\"\"><img loading=\"lazy\" decoding=\"async\" width=\"1024\" height=\"576\" data-id=\"13720\" src=\"https:\/\/www.ff-oepping.at\/cms\/wp-content\/uploads\/2025\/02\/2025-02-08_Feuerwehrskifahren_04-1024x576.jpeg\" alt=\"\" class=\"wp-image-13720\" srcset=\"https:\/\/www.ff-oepping.at\/cms\/wp-content\/uploads\/2025\/02\/2025-02-08_Feuerwehrskifahren_04-1024x576.jpeg 1024w, https:\/\/www.ff-oepping.at\/cms\/wp-content\/uploads\/2025\/02\/2025-02-08_Feuerwehrskifahren_04-300x169.jpeg 300w, https:\/\/www.ff-oepping.at\/cms\/wp-content\/uploads\/2025\/02\/2025-02-08_Feuerwehrskifahren_04-768x432.jpeg 768w, https:\/\/www.ff-oepping.at\/cms\/wp-content\/uploads\/2025\/02\/2025-02-08_Feuerwehrskifahren_04-1536x864.jpeg 1536w, https:\/\/www.ff-oepping.at\/cms\/wp-content\/uploads\/2025\/02\/2025-02-08_Feuerwehrskifahren_04-1320x743.jpeg 1320w, https:\/\/www.ff-oepping.at\/cms\/wp-content\/uploads\/2025\/02\/2025-02-08_Feuerwehrskifahren_04.jpeg 2040w\" sizes=\"auto, (max-width: 1024px) 100vw, 1024px\" \/><\/a><\/figure>\n<\/figure>\n\n\n\n<p>Der Skitag der Feuerwehrjugend fand am Sonntag, den 16. Februar 2025 am Hochficht statt. Im Zuge dessen nahmen auch gleich einige Jugendmitglieder sowie unser Kommandant und sein Stellvertreter am 21. Feuerwehr-Bezirksriesentorlauf teil. Unsere Jugendmitglieder konnten hierbei sehr gute Leistungen erbringen. Starlinger Patrick erreichte in der Klasse <em>Jugend m\u00e4nnlich II (2011 &#8211; 2012)<\/em> den zweiten Platz, Lau\u00df Alexander erreichte in der Klasse <em>Minis m\u00e4nnlich I (2015 &#8211; 2017)<\/em> ebenso den zweiten Platz und Spindlbalker Lina erreichte den dritten Platz in der Klasse <em>Minis weiblich I (2015 &#8211; 2017)<\/em>. Wir gratulieren ganz herzlich.<\/p>\n\n\n\n<figure class=\"wp-block-gallery has-nested-images columns-default is-cropped wp-block-gallery-3 is-layout-flex wp-block-gallery-is-layout-flex\">\n<figure class=\"wp-block-image size-large\"><a href=\"https:\/\/www.ff-oepping.at\/cms\/wp-content\/uploads\/2025\/02\/2025-02-16_Bezirksskirennen_09-scaled.jpg\" data-rel=\"lightbox-gallery-fMxf4mdC\" data-rl_title=\"\" data-rl_caption=\"\" title=\"\"><img loading=\"lazy\" decoding=\"async\" width=\"1024\" height=\"683\" data-id=\"13723\" src=\"https:\/\/www.ff-oepping.at\/cms\/wp-content\/uploads\/2025\/02\/2025-02-16_Bezirksskirennen_09-1024x683.jpg\" alt=\"\" class=\"wp-image-13723\" srcset=\"https:\/\/www.ff-oepping.at\/cms\/wp-content\/uploads\/2025\/02\/2025-02-16_Bezirksskirennen_09-1024x683.jpg 1024w, https:\/\/www.ff-oepping.at\/cms\/wp-content\/uploads\/2025\/02\/2025-02-16_Bezirksskirennen_09-300x200.jpg 300w, https:\/\/www.ff-oepping.at\/cms\/wp-content\/uploads\/2025\/02\/2025-02-16_Bezirksskirennen_09-768x513.jpg 768w, https:\/\/www.ff-oepping.at\/cms\/wp-content\/uploads\/2025\/02\/2025-02-16_Bezirksskirennen_09-1536x1025.jpg 1536w, https:\/\/www.ff-oepping.at\/cms\/wp-content\/uploads\/2025\/02\/2025-02-16_Bezirksskirennen_09-2048x1367.jpg 2048w, https:\/\/www.ff-oepping.at\/cms\/wp-content\/uploads\/2025\/02\/2025-02-16_Bezirksskirennen_09-1320x881.jpg 1320w\" sizes=\"auto, (max-width: 1024px) 100vw, 1024px\" \/><\/a><\/figure>\n\n\n\n<figure class=\"wp-block-image size-large\"><a href=\"https:\/\/www.ff-oepping.at\/cms\/wp-content\/uploads\/2025\/02\/2025-02-16_Bezirksskirennen_10-scaled.jpg\" data-rel=\"lightbox-gallery-fMxf4mdC\" data-rl_title=\"\" data-rl_caption=\"\" title=\"\"><img loading=\"lazy\" decoding=\"async\" width=\"1024\" height=\"683\" data-id=\"13724\" src=\"https:\/\/www.ff-oepping.at\/cms\/wp-content\/uploads\/2025\/02\/2025-02-16_Bezirksskirennen_10-1024x683.jpg\" alt=\"\" class=\"wp-image-13724\" srcset=\"https:\/\/www.ff-oepping.at\/cms\/wp-content\/uploads\/2025\/02\/2025-02-16_Bezirksskirennen_10-1024x683.jpg 1024w, https:\/\/www.ff-oepping.at\/cms\/wp-content\/uploads\/2025\/02\/2025-02-16_Bezirksskirennen_10-300x200.jpg 300w, https:\/\/www.ff-oepping.at\/cms\/wp-content\/uploads\/2025\/02\/2025-02-16_Bezirksskirennen_10-768x513.jpg 768w, https:\/\/www.ff-oepping.at\/cms\/wp-content\/uploads\/2025\/02\/2025-02-16_Bezirksskirennen_10-1536x1025.jpg 1536w, https:\/\/www.ff-oepping.at\/cms\/wp-content\/uploads\/2025\/02\/2025-02-16_Bezirksskirennen_10-2048x1367.jpg 2048w, https:\/\/www.ff-oepping.at\/cms\/wp-content\/uploads\/2025\/02\/2025-02-16_Bezirksskirennen_10-1320x881.jpg 1320w\" sizes=\"auto, (max-width: 1024px) 100vw, 1024px\" \/><\/a><\/figure>\n\n\n\n<figure class=\"wp-block-image size-large\"><a href=\"https:\/\/www.ff-oepping.at\/cms\/wp-content\/uploads\/2025\/02\/2025-02-16_Bezirksskirennen_11-scaled.jpg\" data-rel=\"lightbox-gallery-fMxf4mdC\" data-rl_title=\"\" data-rl_caption=\"\" title=\"\"><img loading=\"lazy\" decoding=\"async\" width=\"1024\" height=\"683\" data-id=\"13725\" src=\"https:\/\/www.ff-oepping.at\/cms\/wp-content\/uploads\/2025\/02\/2025-02-16_Bezirksskirennen_11-1024x683.jpg\" alt=\"\" class=\"wp-image-13725\" srcset=\"https:\/\/www.ff-oepping.at\/cms\/wp-content\/uploads\/2025\/02\/2025-02-16_Bezirksskirennen_11-1024x683.jpg 1024w, https:\/\/www.ff-oepping.at\/cms\/wp-content\/uploads\/2025\/02\/2025-02-16_Bezirksskirennen_11-300x200.jpg 300w, https:\/\/www.ff-oepping.at\/cms\/wp-content\/uploads\/2025\/02\/2025-02-16_Bezirksskirennen_11-768x513.jpg 768w, https:\/\/www.ff-oepping.at\/cms\/wp-content\/uploads\/2025\/02\/2025-02-16_Bezirksskirennen_11-1536x1025.jpg 1536w, https:\/\/www.ff-oepping.at\/cms\/wp-content\/uploads\/2025\/02\/2025-02-16_Bezirksskirennen_11-2048x1367.jpg 2048w, https:\/\/www.ff-oepping.at\/cms\/wp-content\/uploads\/2025\/02\/2025-02-16_Bezirksskirennen_11-1320x881.jpg 1320w\" sizes=\"auto, (max-width: 1024px) 100vw, 1024px\" \/><\/a><\/figure>\n\n\n\n<figure class=\"wp-block-image size-large\"><a href=\"https:\/\/www.ff-oepping.at\/cms\/wp-content\/uploads\/2025\/02\/2025-02-16_Bezirksskirennen_12-scaled.jpg\" data-rel=\"lightbox-gallery-fMxf4mdC\" data-rl_title=\"\" data-rl_caption=\"\" title=\"\"><img loading=\"lazy\" decoding=\"async\" width=\"1024\" height=\"683\" data-id=\"13726\" src=\"https:\/\/www.ff-oepping.at\/cms\/wp-content\/uploads\/2025\/02\/2025-02-16_Bezirksskirennen_12-1024x683.jpg\" alt=\"\" class=\"wp-image-13726\" srcset=\"https:\/\/www.ff-oepping.at\/cms\/wp-content\/uploads\/2025\/02\/2025-02-16_Bezirksskirennen_12-1024x683.jpg 1024w, https:\/\/www.ff-oepping.at\/cms\/wp-content\/uploads\/2025\/02\/2025-02-16_Bezirksskirennen_12-300x200.jpg 300w, https:\/\/www.ff-oepping.at\/cms\/wp-content\/uploads\/2025\/02\/2025-02-16_Bezirksskirennen_12-768x513.jpg 768w, https:\/\/www.ff-oepping.at\/cms\/wp-content\/uploads\/2025\/02\/2025-02-16_Bezirksskirennen_12-1536x1025.jpg 1536w, https:\/\/www.ff-oepping.at\/cms\/wp-content\/uploads\/2025\/02\/2025-02-16_Bezirksskirennen_12-2048x1367.jpg 2048w, https:\/\/www.ff-oepping.at\/cms\/wp-content\/uploads\/2025\/02\/2025-02-16_Bezirksskirennen_12-1320x881.jpg 1320w\" sizes=\"auto, (max-width: 1024px) 100vw, 1024px\" \/><\/a><\/figure>\n\n\n\n<figure class=\"wp-block-image size-large\"><a href=\"https:\/\/www.ff-oepping.at\/cms\/wp-content\/uploads\/2025\/02\/2025-02-16_Bezirksskirennen_13-scaled.jpg\" data-rel=\"lightbox-gallery-fMxf4mdC\" data-rl_title=\"\" data-rl_caption=\"\" title=\"\"><img loading=\"lazy\" decoding=\"async\" width=\"1024\" height=\"683\" data-id=\"13727\" src=\"https:\/\/www.ff-oepping.at\/cms\/wp-content\/uploads\/2025\/02\/2025-02-16_Bezirksskirennen_13-1024x683.jpg\" alt=\"\" class=\"wp-image-13727\" srcset=\"https:\/\/www.ff-oepping.at\/cms\/wp-content\/uploads\/2025\/02\/2025-02-16_Bezirksskirennen_13-1024x683.jpg 1024w, https:\/\/www.ff-oepping.at\/cms\/wp-content\/uploads\/2025\/02\/2025-02-16_Bezirksskirennen_13-300x200.jpg 300w, https:\/\/www.ff-oepping.at\/cms\/wp-content\/uploads\/2025\/02\/2025-02-16_Bezirksskirennen_13-768x513.jpg 768w, https:\/\/www.ff-oepping.at\/cms\/wp-content\/uploads\/2025\/02\/2025-02-16_Bezirksskirennen_13-1536x1025.jpg 1536w, https:\/\/www.ff-oepping.at\/cms\/wp-content\/uploads\/2025\/02\/2025-02-16_Bezirksskirennen_13-2048x1367.jpg 2048w, https:\/\/www.ff-oepping.at\/cms\/wp-content\/uploads\/2025\/02\/2025-02-16_Bezirksskirennen_13-1320x881.jpg 1320w\" sizes=\"auto, (max-width: 1024px) 100vw, 1024px\" \/><\/a><\/figure>\n\n\n\n<figure class=\"wp-block-image size-large\"><a href=\"https:\/\/www.ff-oepping.at\/cms\/wp-content\/uploads\/2025\/02\/2025-02-16_Bezirksskirennen_14-scaled.jpg\" data-rel=\"lightbox-gallery-fMxf4mdC\" data-rl_title=\"\" data-rl_caption=\"\" title=\"\"><img loading=\"lazy\" decoding=\"async\" width=\"1024\" height=\"683\" data-id=\"13728\" src=\"https:\/\/www.ff-oepping.at\/cms\/wp-content\/uploads\/2025\/02\/2025-02-16_Bezirksskirennen_14-1024x683.jpg\" alt=\"\" class=\"wp-image-13728\" srcset=\"https:\/\/www.ff-oepping.at\/cms\/wp-content\/uploads\/2025\/02\/2025-02-16_Bezirksskirennen_14-1024x683.jpg 1024w, https:\/\/www.ff-oepping.at\/cms\/wp-content\/uploads\/2025\/02\/2025-02-16_Bezirksskirennen_14-300x200.jpg 300w, https:\/\/www.ff-oepping.at\/cms\/wp-content\/uploads\/2025\/02\/2025-02-16_Bezirksskirennen_14-768x513.jpg 768w, https:\/\/www.ff-oepping.at\/cms\/wp-content\/uploads\/2025\/02\/2025-02-16_Bezirksskirennen_14-1536x1025.jpg 1536w, https:\/\/www.ff-oepping.at\/cms\/wp-content\/uploads\/2025\/02\/2025-02-16_Bezirksskirennen_14-2048x1367.jpg 2048w, https:\/\/www.ff-oepping.at\/cms\/wp-content\/uploads\/2025\/02\/2025-02-16_Bezirksskirennen_14-1320x881.jpg 1320w\" sizes=\"auto, (max-width: 1024px) 100vw, 1024px\" \/><\/a><\/figure>\n\n\n\n<figure class=\"wp-block-image size-large\"><a href=\"https:\/\/www.ff-oepping.at\/cms\/wp-content\/uploads\/2025\/02\/2025-02-16_Bezirksskirennen_04.jpeg\" data-rel=\"lightbox-gallery-fMxf4mdC\" data-rl_title=\"\" data-rl_caption=\"\" title=\"\"><img loading=\"lazy\" decoding=\"async\" width=\"1024\" height=\"461\" data-id=\"13712\" src=\"https:\/\/www.ff-oepping.at\/cms\/wp-content\/uploads\/2025\/02\/2025-02-16_Bezirksskirennen_04-1024x461.jpeg\" alt=\"\" class=\"wp-image-13712\" srcset=\"https:\/\/www.ff-oepping.at\/cms\/wp-content\/uploads\/2025\/02\/2025-02-16_Bezirksskirennen_04-1024x461.jpeg 1024w, https:\/\/www.ff-oepping.at\/cms\/wp-content\/uploads\/2025\/02\/2025-02-16_Bezirksskirennen_04-300x135.jpeg 300w, https:\/\/www.ff-oepping.at\/cms\/wp-content\/uploads\/2025\/02\/2025-02-16_Bezirksskirennen_04-768x345.jpeg 768w, https:\/\/www.ff-oepping.at\/cms\/wp-content\/uploads\/2025\/02\/2025-02-16_Bezirksskirennen_04-1536x691.jpeg 1536w, https:\/\/www.ff-oepping.at\/cms\/wp-content\/uploads\/2025\/02\/2025-02-16_Bezirksskirennen_04-1320x594.jpeg 1320w, https:\/\/www.ff-oepping.at\/cms\/wp-content\/uploads\/2025\/02\/2025-02-16_Bezirksskirennen_04.jpeg 2048w\" sizes=\"auto, (max-width: 1024px) 100vw, 1024px\" \/><\/a><\/figure>\n\n\n\n<figure class=\"wp-block-image size-large\"><a href=\"https:\/\/www.ff-oepping.at\/cms\/wp-content\/uploads\/2025\/02\/2025-02-16_Bezirksskirennen_01.jpeg\" data-rel=\"lightbox-gallery-fMxf4mdC\" data-rl_title=\"\" data-rl_caption=\"\" title=\"\"><img loading=\"lazy\" decoding=\"async\" width=\"1024\" height=\"462\" data-id=\"13711\" src=\"https:\/\/www.ff-oepping.at\/cms\/wp-content\/uploads\/2025\/02\/2025-02-16_Bezirksskirennen_01-1024x462.jpeg\" alt=\"\" class=\"wp-image-13711\" srcset=\"https:\/\/www.ff-oepping.at\/cms\/wp-content\/uploads\/2025\/02\/2025-02-16_Bezirksskirennen_01-1024x462.jpeg 1024w, https:\/\/www.ff-oepping.at\/cms\/wp-content\/uploads\/2025\/02\/2025-02-16_Bezirksskirennen_01-300x135.jpeg 300w, https:\/\/www.ff-oepping.at\/cms\/wp-content\/uploads\/2025\/02\/2025-02-16_Bezirksskirennen_01-768x346.jpeg 768w, https:\/\/www.ff-oepping.at\/cms\/wp-content\/uploads\/2025\/02\/2025-02-16_Bezirksskirennen_01-1536x692.jpeg 1536w, https:\/\/www.ff-oepping.at\/cms\/wp-content\/uploads\/2025\/02\/2025-02-16_Bezirksskirennen_01-1320x595.jpeg 1320w, https:\/\/www.ff-oepping.at\/cms\/wp-content\/uploads\/2025\/02\/2025-02-16_Bezirksskirennen_01.jpeg 2048w\" sizes=\"auto, (max-width: 1024px) 100vw, 1024px\" \/><\/a><\/figure>\n\n\n\n<figure class=\"wp-block-image size-large\"><a href=\"https:\/\/www.ff-oepping.at\/cms\/wp-content\/uploads\/2025\/02\/2025-02-16_Bezirksskirennen_07.jpeg\" data-rel=\"lightbox-gallery-fMxf4mdC\" data-rl_title=\"\" data-rl_caption=\"\" title=\"\"><img loading=\"lazy\" decoding=\"async\" width=\"1024\" height=\"462\" data-id=\"13713\" src=\"https:\/\/www.ff-oepping.at\/cms\/wp-content\/uploads\/2025\/02\/2025-02-16_Bezirksskirennen_07-1024x462.jpeg\" alt=\"\" class=\"wp-image-13713\" srcset=\"https:\/\/www.ff-oepping.at\/cms\/wp-content\/uploads\/2025\/02\/2025-02-16_Bezirksskirennen_07-1024x462.jpeg 1024w, https:\/\/www.ff-oepping.at\/cms\/wp-content\/uploads\/2025\/02\/2025-02-16_Bezirksskirennen_07-300x135.jpeg 300w, https:\/\/www.ff-oepping.at\/cms\/wp-content\/uploads\/2025\/02\/2025-02-16_Bezirksskirennen_07-768x346.jpeg 768w, https:\/\/www.ff-oepping.at\/cms\/wp-content\/uploads\/2025\/02\/2025-02-16_Bezirksskirennen_07-1536x692.jpeg 1536w, https:\/\/www.ff-oepping.at\/cms\/wp-content\/uploads\/2025\/02\/2025-02-16_Bezirksskirennen_07-1320x595.jpeg 1320w, https:\/\/www.ff-oepping.at\/cms\/wp-content\/uploads\/2025\/02\/2025-02-16_Bezirksskirennen_07.jpeg 2048w\" sizes=\"auto, (max-width: 1024px) 100vw, 1024px\" \/><\/a><\/figure>\n<\/figure>\n","protected":false},"excerpt":{"rendered":"<p>Viel Wintersport-Action gab es zu Jahresbeginn gleich bei der Feuerwehr Oepping. Und es konnten sogar einige erfolgreiche Ergebnisse eingefahren werden. StocksportAm 15. J\u00e4nner 2025 versammelten sich einige Kameraden bei der&hellip;<\/p>\n","protected":false},"author":5,"featured_media":13728,"comment_status":"open","ping_status":"open","sticky":false,"template":"","format":"standard","meta":{"footnotes":""},"categories":[40],"tags":[173,199,196],"class_list":["post-13701","post","type-post","status-publish","format-standard","has-post-thumbnail","hentry","category-aktivitaeten","tag-feuerwehrjugend","tag-ffgoetzendorf-2","tag-ffoepping-2"],"views":223,"wps_subtitle":"17. Februar 2025","_links":{"self":[{"href":"https:\/\/www.ff-oepping.at\/cms\/wp-json\/wp\/v2\/posts\/13701","targetHints":{"allow":["GET"]}}],"collection":[{"href":"https:\/\/www.ff-oepping.at\/cms\/wp-json\/wp\/v2\/posts"}],"about":[{"href":"https:\/\/www.ff-oepping.at\/cms\/wp-json\/wp\/v2\/types\/post"}],"author":[{"embeddable":true,"href":"https:\/\/www.ff-oepping.at\/cms\/wp-json\/wp\/v2\/users\/5"}],"replies":[{"embeddable":true,"href":"https:\/\/www.ff-oepping.at\/cms\/wp-json\/wp\/v2\/comments?post=13701"}],"version-history":[{"count":15,"href":"https:\/\/www.ff-oepping.at\/cms\/wp-json\/wp\/v2\/posts\/13701\/revisions"}],"predecessor-version":[{"id":13730,"href":"https:\/\/www.ff-oepping.at\/cms\/wp-json\/wp\/v2\/posts\/13701\/revisions\/13730"}],"wp:featuredmedia":[{"embeddable":true,"href":"https:\/\/www.ff-oepping.at\/cms\/wp-json\/wp\/v2\/media\/13728"}],"wp:attachment":[{"href":"https:\/\/www.ff-oepping.at\/cms\/wp-json\/wp\/v2\/media?parent=13701"}],"wp:term":[{"taxonomy":"category","embeddable":true,"href":"https:\/\/www.ff-oepping.at\/cms\/wp-json\/wp\/v2\/categories?post=13701"},{"taxonomy":"post_tag","embeddable":true,"href":"https:\/\/www.ff-oepping.at\/cms\/wp-json\/wp\/v2\/tags?post=13701"}],"curies":[{"name":"wp","href":"https:\/\/api.w.org\/{rel}","templated":true}]}}