{"id":13742,"date":"2025-03-05T18:12:33","date_gmt":"2025-03-05T17:12:33","guid":{"rendered":"https:\/\/www.ff-oepping.at\/cms\/?p=13742"},"modified":"2025-03-23T11:47:19","modified_gmt":"2025-03-23T10:47:19","slug":"aufraeumarbeiten-nach-auffahrunfall","status":"publish","type":"post","link":"https:\/\/www.ff-oepping.at\/cms\/einsatze\/einsatz-2025\/aufraeumarbeiten-nach-auffahrunfall\/","title":{"rendered":"Aufr\u00e4umarbeiten nach Auffahrunfall"},"content":{"rendered":"\n<p>Zu Aufr\u00e4umarbeiten nach einem Auffahrunfall wurde die Feuerwehr Oepping um kurz vor 17:00 Uhr, am Mittwoch, 05. M\u00e4rz 2025, zur &#8222;M\u00fchledt-Br\u00fccke&#8220; alarmiert. <\/p>\n\n\n\n<p>Am Einsatzort bestand die Aufgabe der Feuerwehr im wechselseitigen Anhalten des Verkehrs sowie dem Binden von ausgelaufenen Betriebsmitteln. Nach rund 50 Minuten konnte die Einsatzbereitschaft wiederhergestellt werden.<\/p>\n\n\n\n<figure class=\"wp-block-gallery has-nested-images columns-default is-cropped wp-block-gallery-1 is-layout-flex wp-block-gallery-is-layout-flex\">\n<figure class=\"wp-block-image size-large\"><a href=\"https:\/\/www.ff-oepping.at\/cms\/wp-content\/uploads\/2025\/03\/2025-03-05_VU_Muehledt_02.jpg\" data-rel=\"lightbox-gallery-ROAFzrXm\" data-rl_title=\"\" data-rl_caption=\"\" title=\"\"><img loading=\"lazy\" decoding=\"async\" width=\"1024\" height=\"682\" data-id=\"13745\" src=\"https:\/\/www.ff-oepping.at\/cms\/wp-content\/uploads\/2025\/03\/2025-03-05_VU_Muehledt_02-1024x682.jpg\" alt=\"\" class=\"wp-image-13745\" srcset=\"https:\/\/www.ff-oepping.at\/cms\/wp-content\/uploads\/2025\/03\/2025-03-05_VU_Muehledt_02-1024x682.jpg 1024w, https:\/\/www.ff-oepping.at\/cms\/wp-content\/uploads\/2025\/03\/2025-03-05_VU_Muehledt_02-300x200.jpg 300w, https:\/\/www.ff-oepping.at\/cms\/wp-content\/uploads\/2025\/03\/2025-03-05_VU_Muehledt_02-768x512.jpg 768w, https:\/\/www.ff-oepping.at\/cms\/wp-content\/uploads\/2025\/03\/2025-03-05_VU_Muehledt_02-1536x1024.jpg 1536w, https:\/\/www.ff-oepping.at\/cms\/wp-content\/uploads\/2025\/03\/2025-03-05_VU_Muehledt_02-1320x880.jpg 1320w, https:\/\/www.ff-oepping.at\/cms\/wp-content\/uploads\/2025\/03\/2025-03-05_VU_Muehledt_02.jpg 2000w\" sizes=\"auto, (max-width: 1024px) 100vw, 1024px\" \/><\/a><\/figure>\n\n\n\n<figure class=\"wp-block-image size-large\"><a href=\"https:\/\/www.ff-oepping.at\/cms\/wp-content\/uploads\/2025\/03\/2025-03-05_VU_Muehledt_01.jpg\" data-rel=\"lightbox-gallery-ROAFzrXm\" data-rl_title=\"\" data-rl_caption=\"\" title=\"\"><img loading=\"lazy\" decoding=\"async\" width=\"1024\" height=\"682\" data-id=\"13744\" src=\"https:\/\/www.ff-oepping.at\/cms\/wp-content\/uploads\/2025\/03\/2025-03-05_VU_Muehledt_01-1024x682.jpg\" alt=\"\" class=\"wp-image-13744\" srcset=\"https:\/\/www.ff-oepping.at\/cms\/wp-content\/uploads\/2025\/03\/2025-03-05_VU_Muehledt_01-1024x682.jpg 1024w, https:\/\/www.ff-oepping.at\/cms\/wp-content\/uploads\/2025\/03\/2025-03-05_VU_Muehledt_01-300x200.jpg 300w, https:\/\/www.ff-oepping.at\/cms\/wp-content\/uploads\/2025\/03\/2025-03-05_VU_Muehledt_01-768x512.jpg 768w, https:\/\/www.ff-oepping.at\/cms\/wp-content\/uploads\/2025\/03\/2025-03-05_VU_Muehledt_01-1536x1024.jpg 1536w, https:\/\/www.ff-oepping.at\/cms\/wp-content\/uploads\/2025\/03\/2025-03-05_VU_Muehledt_01-1320x880.jpg 1320w, https:\/\/www.ff-oepping.at\/cms\/wp-content\/uploads\/2025\/03\/2025-03-05_VU_Muehledt_01.jpg 2000w\" sizes=\"auto, (max-width: 1024px) 100vw, 1024px\" \/><\/a><\/figure>\n<\/figure>\n","protected":false},"excerpt":{"rendered":"<p>Zu Aufr\u00e4umarbeiten nach einem Auffahrunfall wurde die Feuerwehr Oepping um kurz vor 17:00 Uhr, am Mittwoch, 05. M\u00e4rz 2025, zur &#8222;M\u00fchledt-Br\u00fccke&#8220; alarmiert. Am Einsatzort bestand die Aufgabe der Feuerwehr im&hellip;<\/p>\n","protected":false},"author":3,"featured_media":13744,"comment_status":"open","ping_status":"open","sticky":false,"template":"","format":"standard","meta":{"footnotes":""},"categories":[392],"tags":[377,390,79,391,355],"class_list":["post-13742","post","type-post","status-publish","format-standard","has-post-thumbnail","hentry","category-einsatz-2025","tag-aufraeumarbeiten-2","tag-betriebsmittel","tag-feuerwehr","tag-lotsen","tag-verkehrsunfall-2"],"views":436,"wps_subtitle":"05. M\u00e4rz 2025","_links":{"self":[{"href":"https:\/\/www.ff-oepping.at\/cms\/wp-json\/wp\/v2\/posts\/13742","targetHints":{"allow":["GET"]}}],"collection":[{"href":"https:\/\/www.ff-oepping.at\/cms\/wp-json\/wp\/v2\/posts"}],"about":[{"href":"https:\/\/www.ff-oepping.at\/cms\/wp-json\/wp\/v2\/types\/post"}],"author":[{"embeddable":true,"href":"https:\/\/www.ff-oepping.at\/cms\/wp-json\/wp\/v2\/users\/3"}],"replies":[{"embeddable":true,"href":"https:\/\/www.ff-oepping.at\/cms\/wp-json\/wp\/v2\/comments?post=13742"}],"version-history":[{"count":9,"href":"https:\/\/www.ff-oepping.at\/cms\/wp-json\/wp\/v2\/posts\/13742\/revisions"}],"predecessor-version":[{"id":13754,"href":"https:\/\/www.ff-oepping.at\/cms\/wp-json\/wp\/v2\/posts\/13742\/revisions\/13754"}],"wp:featuredmedia":[{"embeddable":true,"href":"https:\/\/www.ff-oepping.at\/cms\/wp-json\/wp\/v2\/media\/13744"}],"wp:attachment":[{"href":"https:\/\/www.ff-oepping.at\/cms\/wp-json\/wp\/v2\/media?parent=13742"}],"wp:term":[{"taxonomy":"category","embeddable":true,"href":"https:\/\/www.ff-oepping.at\/cms\/wp-json\/wp\/v2\/categories?post=13742"},{"taxonomy":"post_tag","embeddable":true,"href":"https:\/\/www.ff-oepping.at\/cms\/wp-json\/wp\/v2\/tags?post=13742"}],"curies":[{"name":"wp","href":"https:\/\/api.w.org\/{rel}","templated":true}]}}