{"id":13757,"date":"2025-03-26T07:12:21","date_gmt":"2025-03-26T06:12:21","guid":{"rendered":"https:\/\/www.ff-oepping.at\/cms\/?p=13757"},"modified":"2025-03-26T07:16:37","modified_gmt":"2025-03-26T06:16:37","slug":"brand-im-dachbereich","status":"publish","type":"post","link":"https:\/\/www.ff-oepping.at\/cms\/einsatze\/einsatz-2025\/brand-im-dachbereich\/","title":{"rendered":"Brand im Dachbereich"},"content":{"rendered":"\n<p>Kurz vor 6:00 Uhr am Mittwoch, 26. M\u00e4rz 2025, wurden acht Feuerwehren der Alarmstufe 2 nach Rohrbach-Berg in die Harrauer Stra\u00dfe alarmiert. <\/p>\n\n\n\n<p>Am Einsatzort angekommen, hie\u00df es erst einmal &#8222;Stand by&#8220; und mit Atemschutz ausr\u00fcsten. Nach kurzer Wartezeit bekam die FF Oepping, so wie ein Gro\u00dfteil der in Alarmstufe 2 befindlichen Feuerwehren den Auftrag zum wieder Einr\u00fccken. <\/p>\n\n\n\n<p>Nach rund einer Stunde konnte die Einsatzbereitschaft wiederhergestellt werden.<\/p>\n\n\n\n<figure class=\"wp-block-image size-large is-resized\"><a href=\"https:\/\/www.ff-oepping.at\/cms\/wp-content\/uploads\/2025\/03\/2025-03-26_Brand_Dachstuhlbereich_Rohrbach_Berg.jpg\" data-rel=\"lightbox-gallery-zEDLAfeZ\" data-rl_title=\"\" data-rl_caption=\"\" title=\"\"><img loading=\"lazy\" decoding=\"async\" width=\"1024\" height=\"683\" src=\"https:\/\/www.ff-oepping.at\/cms\/wp-content\/uploads\/2025\/03\/2025-03-26_Brand_Dachstuhlbereich_Rohrbach_Berg-1024x683.jpg\" alt=\"\" class=\"wp-image-13760\" style=\"width:722px;height:auto\" srcset=\"https:\/\/www.ff-oepping.at\/cms\/wp-content\/uploads\/2025\/03\/2025-03-26_Brand_Dachstuhlbereich_Rohrbach_Berg-1024x683.jpg 1024w, https:\/\/www.ff-oepping.at\/cms\/wp-content\/uploads\/2025\/03\/2025-03-26_Brand_Dachstuhlbereich_Rohrbach_Berg-300x200.jpg 300w, https:\/\/www.ff-oepping.at\/cms\/wp-content\/uploads\/2025\/03\/2025-03-26_Brand_Dachstuhlbereich_Rohrbach_Berg-768x512.jpg 768w, https:\/\/www.ff-oepping.at\/cms\/wp-content\/uploads\/2025\/03\/2025-03-26_Brand_Dachstuhlbereich_Rohrbach_Berg-1536x1025.jpg 1536w, https:\/\/www.ff-oepping.at\/cms\/wp-content\/uploads\/2025\/03\/2025-03-26_Brand_Dachstuhlbereich_Rohrbach_Berg-1320x880.jpg 1320w, https:\/\/www.ff-oepping.at\/cms\/wp-content\/uploads\/2025\/03\/2025-03-26_Brand_Dachstuhlbereich_Rohrbach_Berg.jpg 2000w\" sizes=\"auto, (max-width: 1024px) 100vw, 1024px\" \/><\/a><\/figure>\n","protected":false},"excerpt":{"rendered":"<p>Kurz vor 6:00 Uhr am Mittwoch, 26. M\u00e4rz 2025, wurden acht Feuerwehren der Alarmstufe 2 nach Rohrbach-Berg in die Harrauer Stra\u00dfe alarmiert. Am Einsatzort angekommen, hie\u00df es erst einmal &#8222;Stand&hellip;<\/p>\n","protected":false},"author":3,"featured_media":13760,"comment_status":"open","ping_status":"open","sticky":false,"template":"","format":"standard","meta":{"footnotes":""},"categories":[392],"tags":[64,118,196],"class_list":["post-13757","post","type-post","status-publish","format-standard","has-post-thumbnail","hentry","category-einsatz-2025","tag-einsatz-2","tag-feuerwehr-2","tag-ffoepping-2"],"views":308,"wps_subtitle":"26. M\u00e4rz 2025","_links":{"self":[{"href":"https:\/\/www.ff-oepping.at\/cms\/wp-json\/wp\/v2\/posts\/13757","targetHints":{"allow":["GET"]}}],"collection":[{"href":"https:\/\/www.ff-oepping.at\/cms\/wp-json\/wp\/v2\/posts"}],"about":[{"href":"https:\/\/www.ff-oepping.at\/cms\/wp-json\/wp\/v2\/types\/post"}],"author":[{"embeddable":true,"href":"https:\/\/www.ff-oepping.at\/cms\/wp-json\/wp\/v2\/users\/3"}],"replies":[{"embeddable":true,"href":"https:\/\/www.ff-oepping.at\/cms\/wp-json\/wp\/v2\/comments?post=13757"}],"version-history":[{"count":14,"href":"https:\/\/www.ff-oepping.at\/cms\/wp-json\/wp\/v2\/posts\/13757\/revisions"}],"predecessor-version":[{"id":13773,"href":"https:\/\/www.ff-oepping.at\/cms\/wp-json\/wp\/v2\/posts\/13757\/revisions\/13773"}],"wp:featuredmedia":[{"embeddable":true,"href":"https:\/\/www.ff-oepping.at\/cms\/wp-json\/wp\/v2\/media\/13760"}],"wp:attachment":[{"href":"https:\/\/www.ff-oepping.at\/cms\/wp-json\/wp\/v2\/media?parent=13757"}],"wp:term":[{"taxonomy":"category","embeddable":true,"href":"https:\/\/www.ff-oepping.at\/cms\/wp-json\/wp\/v2\/categories?post=13757"},{"taxonomy":"post_tag","embeddable":true,"href":"https:\/\/www.ff-oepping.at\/cms\/wp-json\/wp\/v2\/tags?post=13757"}],"curies":[{"name":"wp","href":"https:\/\/api.w.org\/{rel}","templated":true}]}}