{"id":13817,"date":"2025-05-04T19:10:57","date_gmt":"2025-05-04T17:10:57","guid":{"rendered":"https:\/\/www.ff-oepping.at\/cms\/?p=13817"},"modified":"2025-06-01T11:52:23","modified_gmt":"2025-06-01T09:52:23","slug":"florianiausruckung-2025","status":"publish","type":"post","link":"https:\/\/www.ff-oepping.at\/cms\/die-feuerwehr\/aktivitaeten\/florianiausruckung-2025\/","title":{"rendered":"Florianiausr\u00fcckung"},"content":{"rendered":"\n<p>Zu Ehren des Hl. Florian r\u00fcckten die Kameraden am Sonntag, den 04. Mai 2025 aus. Der Tag des Hl. Florian fiel dieses Jahr wieder mal auf den Ausr\u00fcckungs-Sonntag, jedoch spielten daf\u00fcr die Wetterbedingungen nicht mit. Aufgrund dessen wurde die Ausr\u00fcckung nicht wie gewohnt mit einem Einzug mit musikalischer Begleitung gestartet, sondern wir fanden uns direkt in der Pfarrkirche Oepping ein.<\/p>\n\n\n\n<p>Nach der gemeinsamen Messfeier und der musikalischen Umrahmung des Musikvereins Oepping, wurde traditionell ins Gasthaus Kirchenwirt eingekehrt.<br>Dort wurde nach kurzen allgemeinen Worten mit den Angelobungen, Bef\u00f6rderungen, Auszeichnungen und auch Ehrungen begonnen.<\/p>\n\n\n\n<p>Dabei wurden unser Kommandant Stefan Spindlbalker und sein Stellvertreter Michael Lau\u00df, von unserem B\u00fcrgermeister Thomas Bogner und auch Bezirks-Feuerwehrkommandanten Thomas Stockinger unterst\u00fctzt.<\/p>\n\n\n\n<p><strong>F\u00fcr die Jugend angelobt wurden:<\/strong> Lina Spindlbalker, Arina Khaiatova, Alexander Lau\u00df, Lukas Barth, Adrian M\u00e4rzinger<strong>,<\/strong> Anton Pr\u00f6ll, Paul Pr\u00f6ll, Simon Wipplinger (und Elias Ornetzeder- nicht am Bild)<\/p>\n\n\n\n<figure class=\"wp-block-image size-large\"><a href=\"https:\/\/www.ff-oepping.at\/cms\/wp-content\/uploads\/2025\/05\/2025-05-04_Florianiausrueckung_01-scaled-e1746378582989.jpg\" data-rel=\"lightbox-gallery-wIxxwAjJ\" data-rl_title=\"\" data-rl_caption=\"\" title=\"\"><img loading=\"lazy\" decoding=\"async\" width=\"1024\" height=\"454\" src=\"https:\/\/www.ff-oepping.at\/cms\/wp-content\/uploads\/2025\/05\/2025-05-04_Florianiausrueckung_01-scaled-e1746378582989-1024x454.jpg\" alt=\"\" class=\"wp-image-13828\" srcset=\"https:\/\/www.ff-oepping.at\/cms\/wp-content\/uploads\/2025\/05\/2025-05-04_Florianiausrueckung_01-scaled-e1746378582989-1024x454.jpg 1024w, https:\/\/www.ff-oepping.at\/cms\/wp-content\/uploads\/2025\/05\/2025-05-04_Florianiausrueckung_01-scaled-e1746378582989-300x133.jpg 300w, https:\/\/www.ff-oepping.at\/cms\/wp-content\/uploads\/2025\/05\/2025-05-04_Florianiausrueckung_01-scaled-e1746378582989-768x341.jpg 768w, https:\/\/www.ff-oepping.at\/cms\/wp-content\/uploads\/2025\/05\/2025-05-04_Florianiausrueckung_01-scaled-e1746378582989-1536x681.jpg 1536w, https:\/\/www.ff-oepping.at\/cms\/wp-content\/uploads\/2025\/05\/2025-05-04_Florianiausrueckung_01-scaled-e1746378582989-2048x908.jpg 2048w, https:\/\/www.ff-oepping.at\/cms\/wp-content\/uploads\/2025\/05\/2025-05-04_Florianiausrueckung_01-scaled-e1746378582989-1320x585.jpg 1320w\" sizes=\"auto, (max-width: 1024px) 100vw, 1024px\" \/><\/a><\/figure>\n\n\n\n<p><strong>Die erste Erprobung erhielten<\/strong> Lina Spindlbalker, Adrian M\u00e4rzinger, Alexander Lau\u00df, Anton Pr\u00f6ll, Paul Pr\u00f6ll<\/p>\n\n\n\n<figure class=\"wp-block-image size-large\"><a href=\"https:\/\/www.ff-oepping.at\/cms\/wp-content\/uploads\/2025\/05\/2025-05-04_Florianiausrueckung_02-scaled.jpg\" data-rel=\"lightbox-gallery-wIxxwAjJ\" data-rl_title=\"\" data-rl_caption=\"\" title=\"\"><img loading=\"lazy\" decoding=\"async\" width=\"1024\" height=\"683\" src=\"https:\/\/www.ff-oepping.at\/cms\/wp-content\/uploads\/2025\/05\/2025-05-04_Florianiausrueckung_02-1024x683.jpg\" alt=\"\" class=\"wp-image-13826\" srcset=\"https:\/\/www.ff-oepping.at\/cms\/wp-content\/uploads\/2025\/05\/2025-05-04_Florianiausrueckung_02-1024x683.jpg 1024w, https:\/\/www.ff-oepping.at\/cms\/wp-content\/uploads\/2025\/05\/2025-05-04_Florianiausrueckung_02-300x200.jpg 300w, https:\/\/www.ff-oepping.at\/cms\/wp-content\/uploads\/2025\/05\/2025-05-04_Florianiausrueckung_02-768x512.jpg 768w, https:\/\/www.ff-oepping.at\/cms\/wp-content\/uploads\/2025\/05\/2025-05-04_Florianiausrueckung_02-1536x1024.jpg 1536w, https:\/\/www.ff-oepping.at\/cms\/wp-content\/uploads\/2025\/05\/2025-05-04_Florianiausrueckung_02-2048x1365.jpg 2048w, https:\/\/www.ff-oepping.at\/cms\/wp-content\/uploads\/2025\/05\/2025-05-04_Florianiausrueckung_02-1320x880.jpg 1320w\" sizes=\"auto, (max-width: 1024px) 100vw, 1024px\" \/><\/a><\/figure>\n\n\n\n<p><strong>Die zweite Erprobung<\/strong> erhielten Rahel Haselgruber und Maja Aichbauer.<\/p>\n\n\n\n<figure class=\"wp-block-image size-large\"><a href=\"https:\/\/www.ff-oepping.at\/cms\/wp-content\/uploads\/2025\/05\/2025-05-04_Florianiausrueckung_03-scaled.jpg\" data-rel=\"lightbox-gallery-wIxxwAjJ\" data-rl_title=\"\" data-rl_caption=\"\" title=\"\"><img loading=\"lazy\" decoding=\"async\" width=\"1024\" height=\"683\" src=\"https:\/\/www.ff-oepping.at\/cms\/wp-content\/uploads\/2025\/05\/2025-05-04_Florianiausrueckung_03-1024x683.jpg\" alt=\"\" class=\"wp-image-13827\" srcset=\"https:\/\/www.ff-oepping.at\/cms\/wp-content\/uploads\/2025\/05\/2025-05-04_Florianiausrueckung_03-1024x683.jpg 1024w, https:\/\/www.ff-oepping.at\/cms\/wp-content\/uploads\/2025\/05\/2025-05-04_Florianiausrueckung_03-300x200.jpg 300w, https:\/\/www.ff-oepping.at\/cms\/wp-content\/uploads\/2025\/05\/2025-05-04_Florianiausrueckung_03-768x512.jpg 768w, https:\/\/www.ff-oepping.at\/cms\/wp-content\/uploads\/2025\/05\/2025-05-04_Florianiausrueckung_03-1536x1024.jpg 1536w, https:\/\/www.ff-oepping.at\/cms\/wp-content\/uploads\/2025\/05\/2025-05-04_Florianiausrueckung_03-2048x1365.jpg 2048w, https:\/\/www.ff-oepping.at\/cms\/wp-content\/uploads\/2025\/05\/2025-05-04_Florianiausrueckung_03-1320x880.jpg 1320w\" sizes=\"auto, (max-width: 1024px) 100vw, 1024px\" \/><\/a><\/figure>\n\n\n\n<p><strong>Die dritte Erprobung erhielten<\/strong> Lukas Wipplinger und Cora Schwarz.<\/p>\n\n\n\n<figure class=\"wp-block-image size-large\"><a href=\"https:\/\/www.ff-oepping.at\/cms\/wp-content\/uploads\/2025\/05\/2025-05-04_Florianiausrueckung_04-scaled.jpg\" data-rel=\"lightbox-gallery-wIxxwAjJ\" data-rl_title=\"\" data-rl_caption=\"\" title=\"\"><img loading=\"lazy\" decoding=\"async\" width=\"1024\" height=\"683\" src=\"https:\/\/www.ff-oepping.at\/cms\/wp-content\/uploads\/2025\/05\/2025-05-04_Florianiausrueckung_04-1024x683.jpg\" alt=\"\" class=\"wp-image-13824\" srcset=\"https:\/\/www.ff-oepping.at\/cms\/wp-content\/uploads\/2025\/05\/2025-05-04_Florianiausrueckung_04-1024x683.jpg 1024w, https:\/\/www.ff-oepping.at\/cms\/wp-content\/uploads\/2025\/05\/2025-05-04_Florianiausrueckung_04-300x200.jpg 300w, https:\/\/www.ff-oepping.at\/cms\/wp-content\/uploads\/2025\/05\/2025-05-04_Florianiausrueckung_04-768x512.jpg 768w, https:\/\/www.ff-oepping.at\/cms\/wp-content\/uploads\/2025\/05\/2025-05-04_Florianiausrueckung_04-1536x1024.jpg 1536w, https:\/\/www.ff-oepping.at\/cms\/wp-content\/uploads\/2025\/05\/2025-05-04_Florianiausrueckung_04-2048x1365.jpg 2048w, https:\/\/www.ff-oepping.at\/cms\/wp-content\/uploads\/2025\/05\/2025-05-04_Florianiausrueckung_04-1320x880.jpg 1320w\" sizes=\"auto, (max-width: 1024px) 100vw, 1024px\" \/><\/a><\/figure>\n\n\n\n<p><strong>Die vierte Erprobung erhielten<\/strong> Nico Krenn (Marco Brandl und Patrick Starlinger &#8211; nicht am Bild)<\/p>\n\n\n\n<figure class=\"wp-block-image size-large\"><a href=\"https:\/\/www.ff-oepping.at\/cms\/wp-content\/uploads\/2025\/05\/2025-05-04_Florianiausrueckung_06-scaled.jpg\" data-rel=\"lightbox-gallery-wIxxwAjJ\" data-rl_title=\"\" data-rl_caption=\"\" title=\"\"><img loading=\"lazy\" decoding=\"async\" width=\"1024\" height=\"683\" src=\"https:\/\/www.ff-oepping.at\/cms\/wp-content\/uploads\/2025\/05\/2025-05-04_Florianiausrueckung_06-1024x683.jpg\" alt=\"\" class=\"wp-image-13823\" srcset=\"https:\/\/www.ff-oepping.at\/cms\/wp-content\/uploads\/2025\/05\/2025-05-04_Florianiausrueckung_06-1024x683.jpg 1024w, https:\/\/www.ff-oepping.at\/cms\/wp-content\/uploads\/2025\/05\/2025-05-04_Florianiausrueckung_06-300x200.jpg 300w, https:\/\/www.ff-oepping.at\/cms\/wp-content\/uploads\/2025\/05\/2025-05-04_Florianiausrueckung_06-768x512.jpg 768w, https:\/\/www.ff-oepping.at\/cms\/wp-content\/uploads\/2025\/05\/2025-05-04_Florianiausrueckung_06-1536x1024.jpg 1536w, https:\/\/www.ff-oepping.at\/cms\/wp-content\/uploads\/2025\/05\/2025-05-04_Florianiausrueckung_06-2048x1365.jpg 2048w, https:\/\/www.ff-oepping.at\/cms\/wp-content\/uploads\/2025\/05\/2025-05-04_Florianiausrueckung_06-1320x880.jpg 1320w\" sizes=\"auto, (max-width: 1024px) 100vw, 1024px\" \/><\/a><\/figure>\n\n\n\n<p><strong>Die f\u00fcnfte Erprobung und zugleich das FjLA in Stufe Gold<\/strong> (bereits am 26.04) erhielten Emely H\u00f6glinger und Niklas Leitner (und Haselgruber Olivia &#8211; nicht am Bild)<\/p>\n\n\n\n<figure class=\"wp-block-image size-large\"><a href=\"https:\/\/www.ff-oepping.at\/cms\/wp-content\/uploads\/2025\/05\/2025-05-04_Florianiausrueckung_07-scaled.jpg\" data-rel=\"lightbox-gallery-wIxxwAjJ\" data-rl_title=\"\" data-rl_caption=\"\" title=\"\"><img loading=\"lazy\" decoding=\"async\" width=\"1024\" height=\"683\" src=\"https:\/\/www.ff-oepping.at\/cms\/wp-content\/uploads\/2025\/05\/2025-05-04_Florianiausrueckung_07-1024x683.jpg\" alt=\"\" class=\"wp-image-13821\" srcset=\"https:\/\/www.ff-oepping.at\/cms\/wp-content\/uploads\/2025\/05\/2025-05-04_Florianiausrueckung_07-1024x683.jpg 1024w, https:\/\/www.ff-oepping.at\/cms\/wp-content\/uploads\/2025\/05\/2025-05-04_Florianiausrueckung_07-300x200.jpg 300w, https:\/\/www.ff-oepping.at\/cms\/wp-content\/uploads\/2025\/05\/2025-05-04_Florianiausrueckung_07-768x512.jpg 768w, https:\/\/www.ff-oepping.at\/cms\/wp-content\/uploads\/2025\/05\/2025-05-04_Florianiausrueckung_07-1536x1024.jpg 1536w, https:\/\/www.ff-oepping.at\/cms\/wp-content\/uploads\/2025\/05\/2025-05-04_Florianiausrueckung_07-2048x1365.jpg 2048w, https:\/\/www.ff-oepping.at\/cms\/wp-content\/uploads\/2025\/05\/2025-05-04_Florianiausrueckung_07-1320x880.jpg 1320w\" sizes=\"auto, (max-width: 1024px) 100vw, 1024px\" \/><\/a><\/figure>\n\n\n\n<p><strong>Angelobt und damit in den Aktivstand gesetzt wurden<\/strong> Tobias Peinbauer und Severin Haselgruber (und Julian Leitner &#8211; nicht am Bild)<\/p>\n\n\n\n<figure class=\"wp-block-image size-large\"><a href=\"https:\/\/www.ff-oepping.at\/cms\/wp-content\/uploads\/2025\/05\/2025-05-04_Florianiausrueckung_08-scaled.jpg\" data-rel=\"lightbox-gallery-wIxxwAjJ\" data-rl_title=\"\" data-rl_caption=\"\" title=\"\"><img loading=\"lazy\" decoding=\"async\" width=\"1024\" height=\"683\" src=\"https:\/\/www.ff-oepping.at\/cms\/wp-content\/uploads\/2025\/05\/2025-05-04_Florianiausrueckung_08-1024x683.jpg\" alt=\"\" class=\"wp-image-13822\" srcset=\"https:\/\/www.ff-oepping.at\/cms\/wp-content\/uploads\/2025\/05\/2025-05-04_Florianiausrueckung_08-1024x683.jpg 1024w, https:\/\/www.ff-oepping.at\/cms\/wp-content\/uploads\/2025\/05\/2025-05-04_Florianiausrueckung_08-300x200.jpg 300w, https:\/\/www.ff-oepping.at\/cms\/wp-content\/uploads\/2025\/05\/2025-05-04_Florianiausrueckung_08-768x512.jpg 768w, https:\/\/www.ff-oepping.at\/cms\/wp-content\/uploads\/2025\/05\/2025-05-04_Florianiausrueckung_08-1536x1024.jpg 1536w, https:\/\/www.ff-oepping.at\/cms\/wp-content\/uploads\/2025\/05\/2025-05-04_Florianiausrueckung_08-2048x1365.jpg 2048w, https:\/\/www.ff-oepping.at\/cms\/wp-content\/uploads\/2025\/05\/2025-05-04_Florianiausrueckung_08-1320x880.jpg 1320w\" sizes=\"auto, (max-width: 1024px) 100vw, 1024px\" \/><\/a><\/figure>\n\n\n\n<p>Weitere Bef\u00f6rderungen im Aktivstand und auch vier Ehrendienstgrade bei den aktiven Kameraden wurden ausgesprochen. <\/p>\n\n\n\n<figure class=\"wp-block-image size-large\"><a href=\"https:\/\/www.ff-oepping.at\/cms\/wp-content\/uploads\/2025\/05\/2025-05-04_Florianiausrueckung_09-scaled.jpg\" data-rel=\"lightbox-gallery-wIxxwAjJ\" data-rl_title=\"\" data-rl_caption=\"\" title=\"\"><img loading=\"lazy\" decoding=\"async\" width=\"1024\" height=\"683\" src=\"https:\/\/www.ff-oepping.at\/cms\/wp-content\/uploads\/2025\/05\/2025-05-04_Florianiausrueckung_09-1024x683.jpg\" alt=\"\" class=\"wp-image-13820\" srcset=\"https:\/\/www.ff-oepping.at\/cms\/wp-content\/uploads\/2025\/05\/2025-05-04_Florianiausrueckung_09-1024x683.jpg 1024w, https:\/\/www.ff-oepping.at\/cms\/wp-content\/uploads\/2025\/05\/2025-05-04_Florianiausrueckung_09-300x200.jpg 300w, https:\/\/www.ff-oepping.at\/cms\/wp-content\/uploads\/2025\/05\/2025-05-04_Florianiausrueckung_09-768x512.jpg 768w, https:\/\/www.ff-oepping.at\/cms\/wp-content\/uploads\/2025\/05\/2025-05-04_Florianiausrueckung_09-1536x1024.jpg 1536w, https:\/\/www.ff-oepping.at\/cms\/wp-content\/uploads\/2025\/05\/2025-05-04_Florianiausrueckung_09-2048x1365.jpg 2048w, https:\/\/www.ff-oepping.at\/cms\/wp-content\/uploads\/2025\/05\/2025-05-04_Florianiausrueckung_09-1320x880.jpg 1320w\" sizes=\"auto, (max-width: 1024px) 100vw, 1024px\" \/><\/a><\/figure>\n\n\n\n<p>Die 70-j\u00e4hrige Ehrenurkunde erhielt Albert Schwentner.<\/p>\n\n\n\n<figure class=\"wp-block-image size-large\"><a href=\"https:\/\/www.ff-oepping.at\/cms\/wp-content\/uploads\/2025\/05\/2025-05-04_Florianiausrueckung_10-scaled.jpg\" data-rel=\"lightbox-gallery-wIxxwAjJ\" data-rl_title=\"\" data-rl_caption=\"\" title=\"\"><img loading=\"lazy\" decoding=\"async\" width=\"1024\" height=\"683\" src=\"https:\/\/www.ff-oepping.at\/cms\/wp-content\/uploads\/2025\/05\/2025-05-04_Florianiausrueckung_10-1024x683.jpg\" alt=\"\" class=\"wp-image-13818\" srcset=\"https:\/\/www.ff-oepping.at\/cms\/wp-content\/uploads\/2025\/05\/2025-05-04_Florianiausrueckung_10-1024x683.jpg 1024w, https:\/\/www.ff-oepping.at\/cms\/wp-content\/uploads\/2025\/05\/2025-05-04_Florianiausrueckung_10-300x200.jpg 300w, https:\/\/www.ff-oepping.at\/cms\/wp-content\/uploads\/2025\/05\/2025-05-04_Florianiausrueckung_10-768x512.jpg 768w, https:\/\/www.ff-oepping.at\/cms\/wp-content\/uploads\/2025\/05\/2025-05-04_Florianiausrueckung_10-1536x1024.jpg 1536w, https:\/\/www.ff-oepping.at\/cms\/wp-content\/uploads\/2025\/05\/2025-05-04_Florianiausrueckung_10-2048x1365.jpg 2048w, https:\/\/www.ff-oepping.at\/cms\/wp-content\/uploads\/2025\/05\/2025-05-04_Florianiausrueckung_10-1320x880.jpg 1320w\" sizes=\"auto, (max-width: 1024px) 100vw, 1024px\" \/><\/a><\/figure>\n\n\n\n<p>F\u00fcr seine T\u00e4tigkeiten bei der Feuerwehr wurde Stefan Spindlbalker die Florianmedaille der III. Stufe \u00fcberreicht. <\/p>\n\n\n\n<figure class=\"wp-block-image size-large\"><a href=\"https:\/\/www.ff-oepping.at\/cms\/wp-content\/uploads\/2025\/05\/2025-05-04_Florianiausrueckung_11-scaled.jpg\" data-rel=\"lightbox-gallery-wIxxwAjJ\" data-rl_title=\"\" data-rl_caption=\"\" title=\"\"><img loading=\"lazy\" decoding=\"async\" width=\"1024\" height=\"683\" src=\"https:\/\/www.ff-oepping.at\/cms\/wp-content\/uploads\/2025\/05\/2025-05-04_Florianiausrueckung_11-1024x683.jpg\" alt=\"\" class=\"wp-image-13819\" srcset=\"https:\/\/www.ff-oepping.at\/cms\/wp-content\/uploads\/2025\/05\/2025-05-04_Florianiausrueckung_11-1024x683.jpg 1024w, https:\/\/www.ff-oepping.at\/cms\/wp-content\/uploads\/2025\/05\/2025-05-04_Florianiausrueckung_11-300x200.jpg 300w, https:\/\/www.ff-oepping.at\/cms\/wp-content\/uploads\/2025\/05\/2025-05-04_Florianiausrueckung_11-768x512.jpg 768w, https:\/\/www.ff-oepping.at\/cms\/wp-content\/uploads\/2025\/05\/2025-05-04_Florianiausrueckung_11-1536x1024.jpg 1536w, https:\/\/www.ff-oepping.at\/cms\/wp-content\/uploads\/2025\/05\/2025-05-04_Florianiausrueckung_11-2048x1365.jpg 2048w, https:\/\/www.ff-oepping.at\/cms\/wp-content\/uploads\/2025\/05\/2025-05-04_Florianiausrueckung_11-1320x880.jpg 1320w\" sizes=\"auto, (max-width: 1024px) 100vw, 1024px\" \/><\/a><\/figure>\n\n\n\n<p>Wir bedanken uns bei allen Feuerwehrmitgliedern f\u00fcr die Teilnahme an der Ausr\u00fcckung und gratulieren nochmal recht herzlich zu den Bef\u00f6rderungen und Auszeichnungen.<\/p>\n","protected":false},"excerpt":{"rendered":"<p>Zu Ehren des Hl. Florian r\u00fcckten die Kameraden am Sonntag, den 04. Mai 2025 aus. Der Tag des Hl. Florian fiel dieses Jahr wieder mal auf den Ausr\u00fcckungs-Sonntag, jedoch spielten&hellip;<\/p>\n","protected":false},"author":7,"featured_media":13828,"comment_status":"open","ping_status":"open","sticky":false,"template":"","format":"standard","meta":{"footnotes":""},"categories":[40],"tags":[118,196,309],"class_list":["post-13817","post","type-post","status-publish","format-standard","has-post-thumbnail","hentry","category-aktivitaeten","tag-feuerwehr-2","tag-ffoepping-2","tag-floriani"],"views":407,"wps_subtitle":"04. Mai 2025","_links":{"self":[{"href":"https:\/\/www.ff-oepping.at\/cms\/wp-json\/wp\/v2\/posts\/13817","targetHints":{"allow":["GET"]}}],"collection":[{"href":"https:\/\/www.ff-oepping.at\/cms\/wp-json\/wp\/v2\/posts"}],"about":[{"href":"https:\/\/www.ff-oepping.at\/cms\/wp-json\/wp\/v2\/types\/post"}],"author":[{"embeddable":true,"href":"https:\/\/www.ff-oepping.at\/cms\/wp-json\/wp\/v2\/users\/7"}],"replies":[{"embeddable":true,"href":"https:\/\/www.ff-oepping.at\/cms\/wp-json\/wp\/v2\/comments?post=13817"}],"version-history":[{"count":9,"href":"https:\/\/www.ff-oepping.at\/cms\/wp-json\/wp\/v2\/posts\/13817\/revisions"}],"predecessor-version":[{"id":13844,"href":"https:\/\/www.ff-oepping.at\/cms\/wp-json\/wp\/v2\/posts\/13817\/revisions\/13844"}],"wp:featuredmedia":[{"embeddable":true,"href":"https:\/\/www.ff-oepping.at\/cms\/wp-json\/wp\/v2\/media\/13828"}],"wp:attachment":[{"href":"https:\/\/www.ff-oepping.at\/cms\/wp-json\/wp\/v2\/media?parent=13817"}],"wp:term":[{"taxonomy":"category","embeddable":true,"href":"https:\/\/www.ff-oepping.at\/cms\/wp-json\/wp\/v2\/categories?post=13817"},{"taxonomy":"post_tag","embeddable":true,"href":"https:\/\/www.ff-oepping.at\/cms\/wp-json\/wp\/v2\/tags?post=13817"}],"curies":[{"name":"wp","href":"https:\/\/api.w.org\/{rel}","templated":true}]}}