{"id":13903,"date":"2025-06-26T07:32:25","date_gmt":"2025-06-26T05:32:25","guid":{"rendered":"https:\/\/www.ff-oepping.at\/cms\/?p=13903"},"modified":"2025-06-30T07:36:19","modified_gmt":"2025-06-30T05:36:19","slug":"70-geburtstag-von-ehren-kassier-alois-maerzinger","status":"publish","type":"post","link":"https:\/\/www.ff-oepping.at\/cms\/die-feuerwehr\/mitglieder\/70-geburtstag-von-ehren-kassier-alois-maerzinger\/","title":{"rendered":"70. Geburtstag von Ehren-Amtswalter Alois M\u00e4rzinger"},"content":{"rendered":"\n<p>Anl\u00e4sslich seines 70. Geburtstages gratulierten die Kameraden der Freiwilligen Feuerwehr Oepping ihrem langj\u00e4hrigen Weggef\u00e4hrten Alois M\u00e4rzinger sehr herzlich. In geselliger Runde wurde am Donnerstag, den 26. Juni 2025 auf diesen besonderen Tag angesto\u00dfen und auf viele gemeinsame Erinnerungen zur\u00fcckgeblickt.<\/p>\n\n\n\n<p>Alois war von <strong>1988 bis 2013 \u2013 also ganze 25 Jahre \u2013 als Kassier im Feuerwehrkommando t\u00e4tig<\/strong> und \u00fcbernahm in dieser Zeit verantwortungsvoll die finanziellen Agenden der Wehr. F\u00fcr seinen jahrzehntelangen Einsatz, seine Verl\u00e4sslichkeit und sein kameradschaftliches Wesen dankte ihm Stellvertretend f\u00fcr die Feuerwehr Oepping das Kommando ganz besonders und w\u00fcnscht weiterhin Gesundheit, Gl\u00fcck und viele sch\u00f6ne Jahre.<\/p>\n\n\n\n<figure class=\"wp-block-gallery has-nested-images columns-default is-cropped wp-block-gallery-1 is-layout-flex wp-block-gallery-is-layout-flex\">\n<figure class=\"wp-block-image size-large\"><a href=\"https:\/\/www.ff-oepping.at\/cms\/wp-content\/uploads\/2025\/06\/2025-06-26_GeburtstagsfeierMaerzingerAlois_01-scaled.jpg\" data-rel=\"lightbox-gallery-ly61hpCK\" data-rl_title=\"\" data-rl_caption=\"\" title=\"\"><img loading=\"lazy\" decoding=\"async\" width=\"1024\" height=\"683\" data-id=\"13905\" src=\"https:\/\/www.ff-oepping.at\/cms\/wp-content\/uploads\/2025\/06\/2025-06-26_GeburtstagsfeierMaerzingerAlois_01-1024x683.jpg\" alt=\"\" class=\"wp-image-13905\" srcset=\"https:\/\/www.ff-oepping.at\/cms\/wp-content\/uploads\/2025\/06\/2025-06-26_GeburtstagsfeierMaerzingerAlois_01-1024x683.jpg 1024w, https:\/\/www.ff-oepping.at\/cms\/wp-content\/uploads\/2025\/06\/2025-06-26_GeburtstagsfeierMaerzingerAlois_01-300x200.jpg 300w, https:\/\/www.ff-oepping.at\/cms\/wp-content\/uploads\/2025\/06\/2025-06-26_GeburtstagsfeierMaerzingerAlois_01-768x513.jpg 768w, https:\/\/www.ff-oepping.at\/cms\/wp-content\/uploads\/2025\/06\/2025-06-26_GeburtstagsfeierMaerzingerAlois_01-1536x1025.jpg 1536w, https:\/\/www.ff-oepping.at\/cms\/wp-content\/uploads\/2025\/06\/2025-06-26_GeburtstagsfeierMaerzingerAlois_01-2048x1367.jpg 2048w, https:\/\/www.ff-oepping.at\/cms\/wp-content\/uploads\/2025\/06\/2025-06-26_GeburtstagsfeierMaerzingerAlois_01-1320x881.jpg 1320w\" sizes=\"auto, (max-width: 1024px) 100vw, 1024px\" \/><\/a><\/figure>\n\n\n\n<figure class=\"wp-block-image size-large\"><a href=\"https:\/\/www.ff-oepping.at\/cms\/wp-content\/uploads\/2025\/06\/2025-06-26_GeburtstagsfeierMaerzingerAlois_02-scaled.jpg\" data-rel=\"lightbox-gallery-ly61hpCK\" data-rl_title=\"\" data-rl_caption=\"\" title=\"\"><img loading=\"lazy\" decoding=\"async\" width=\"1024\" height=\"683\" data-id=\"13906\" src=\"https:\/\/www.ff-oepping.at\/cms\/wp-content\/uploads\/2025\/06\/2025-06-26_GeburtstagsfeierMaerzingerAlois_02-1024x683.jpg\" alt=\"\" class=\"wp-image-13906\" srcset=\"https:\/\/www.ff-oepping.at\/cms\/wp-content\/uploads\/2025\/06\/2025-06-26_GeburtstagsfeierMaerzingerAlois_02-1024x683.jpg 1024w, https:\/\/www.ff-oepping.at\/cms\/wp-content\/uploads\/2025\/06\/2025-06-26_GeburtstagsfeierMaerzingerAlois_02-300x200.jpg 300w, https:\/\/www.ff-oepping.at\/cms\/wp-content\/uploads\/2025\/06\/2025-06-26_GeburtstagsfeierMaerzingerAlois_02-768x513.jpg 768w, https:\/\/www.ff-oepping.at\/cms\/wp-content\/uploads\/2025\/06\/2025-06-26_GeburtstagsfeierMaerzingerAlois_02-1536x1025.jpg 1536w, https:\/\/www.ff-oepping.at\/cms\/wp-content\/uploads\/2025\/06\/2025-06-26_GeburtstagsfeierMaerzingerAlois_02-2048x1367.jpg 2048w, https:\/\/www.ff-oepping.at\/cms\/wp-content\/uploads\/2025\/06\/2025-06-26_GeburtstagsfeierMaerzingerAlois_02-1320x881.jpg 1320w\" sizes=\"auto, (max-width: 1024px) 100vw, 1024px\" \/><\/a><\/figure>\n\n\n\n<figure class=\"wp-block-image size-large\"><a href=\"https:\/\/www.ff-oepping.at\/cms\/wp-content\/uploads\/2025\/06\/2025-06-26_GeburtstagsfeierMaerzingerAlois_03-scaled.jpg\" data-rel=\"lightbox-gallery-ly61hpCK\" data-rl_title=\"\" data-rl_caption=\"\" title=\"\"><img loading=\"lazy\" decoding=\"async\" width=\"1024\" height=\"683\" data-id=\"13907\" src=\"https:\/\/www.ff-oepping.at\/cms\/wp-content\/uploads\/2025\/06\/2025-06-26_GeburtstagsfeierMaerzingerAlois_03-1024x683.jpg\" alt=\"\" class=\"wp-image-13907\" srcset=\"https:\/\/www.ff-oepping.at\/cms\/wp-content\/uploads\/2025\/06\/2025-06-26_GeburtstagsfeierMaerzingerAlois_03-1024x683.jpg 1024w, https:\/\/www.ff-oepping.at\/cms\/wp-content\/uploads\/2025\/06\/2025-06-26_GeburtstagsfeierMaerzingerAlois_03-300x200.jpg 300w, https:\/\/www.ff-oepping.at\/cms\/wp-content\/uploads\/2025\/06\/2025-06-26_GeburtstagsfeierMaerzingerAlois_03-768x513.jpg 768w, https:\/\/www.ff-oepping.at\/cms\/wp-content\/uploads\/2025\/06\/2025-06-26_GeburtstagsfeierMaerzingerAlois_03-1536x1025.jpg 1536w, https:\/\/www.ff-oepping.at\/cms\/wp-content\/uploads\/2025\/06\/2025-06-26_GeburtstagsfeierMaerzingerAlois_03-2048x1367.jpg 2048w, https:\/\/www.ff-oepping.at\/cms\/wp-content\/uploads\/2025\/06\/2025-06-26_GeburtstagsfeierMaerzingerAlois_03-1320x881.jpg 1320w\" sizes=\"auto, (max-width: 1024px) 100vw, 1024px\" \/><\/a><\/figure>\n<\/figure>\n","protected":false},"excerpt":{"rendered":"<p>Anl\u00e4sslich seines 70. Geburtstages gratulierten die Kameraden der Freiwilligen Feuerwehr Oepping ihrem langj\u00e4hrigen Weggef\u00e4hrten Alois M\u00e4rzinger sehr herzlich. In geselliger Runde wurde am Donnerstag, den 26. Juni 2025 auf diesen&hellip;<\/p>\n","protected":false},"author":5,"featured_media":13905,"comment_status":"open","ping_status":"open","sticky":false,"template":"","format":"standard","meta":{"footnotes":""},"categories":[28],"tags":[118,196,399],"class_list":["post-13903","post","type-post","status-publish","format-standard","has-post-thumbnail","hentry","category-mitglieder","tag-feuerwehr-2","tag-ffoepping-2","tag-mitglieder"],"views":139,"wps_subtitle":"26. Juni 2025","_links":{"self":[{"href":"https:\/\/www.ff-oepping.at\/cms\/wp-json\/wp\/v2\/posts\/13903","targetHints":{"allow":["GET"]}}],"collection":[{"href":"https:\/\/www.ff-oepping.at\/cms\/wp-json\/wp\/v2\/posts"}],"about":[{"href":"https:\/\/www.ff-oepping.at\/cms\/wp-json\/wp\/v2\/types\/post"}],"author":[{"embeddable":true,"href":"https:\/\/www.ff-oepping.at\/cms\/wp-json\/wp\/v2\/users\/5"}],"replies":[{"embeddable":true,"href":"https:\/\/www.ff-oepping.at\/cms\/wp-json\/wp\/v2\/comments?post=13903"}],"version-history":[{"count":7,"href":"https:\/\/www.ff-oepping.at\/cms\/wp-json\/wp\/v2\/posts\/13903\/revisions"}],"predecessor-version":[{"id":13914,"href":"https:\/\/www.ff-oepping.at\/cms\/wp-json\/wp\/v2\/posts\/13903\/revisions\/13914"}],"wp:featuredmedia":[{"embeddable":true,"href":"https:\/\/www.ff-oepping.at\/cms\/wp-json\/wp\/v2\/media\/13905"}],"wp:attachment":[{"href":"https:\/\/www.ff-oepping.at\/cms\/wp-json\/wp\/v2\/media?parent=13903"}],"wp:term":[{"taxonomy":"category","embeddable":true,"href":"https:\/\/www.ff-oepping.at\/cms\/wp-json\/wp\/v2\/categories?post=13903"},{"taxonomy":"post_tag","embeddable":true,"href":"https:\/\/www.ff-oepping.at\/cms\/wp-json\/wp\/v2\/tags?post=13903"}],"curies":[{"name":"wp","href":"https:\/\/api.w.org\/{rel}","templated":true}]}}