{"id":13967,"date":"2025-07-13T21:22:37","date_gmt":"2025-07-13T19:22:37","guid":{"rendered":"https:\/\/www.ff-oepping.at\/cms\/?p=13967"},"modified":"2025-07-13T21:22:38","modified_gmt":"2025-07-13T19:22:38","slug":"binden-einer-oelspur","status":"publish","type":"post","link":"https:\/\/www.ff-oepping.at\/cms\/einsatze\/einsatz-2025\/binden-einer-oelspur\/","title":{"rendered":"Binden einer \u00d6lspur"},"content":{"rendered":"\n<p>Kurz nach 20.00 Uhr am Sonntagabend, den 13. Juli 2025 wurde die Feuerwehr Oepping zu einem Einsatz bzgl. \u00d6lspur\/\u00d6laustritt alarmiert. In der sogenannten &#8222;Grafenederkurve&#8220; in Fahrtrichtung Peilstein hat ein PKW aus ungekl\u00e4rter Ursache \u00d6l verloren.<\/p>\n\n\n\n<p>Die Aufgabe der Freiwilligen Feuerwehr Oepping bestand im Binden der ausgelaufenen Betriebsmittel. Nach knapp einer Stunde konnte die Einsatzbereitschaft wieder hergestellt werden.<\/p>\n\n\n\n<figure class=\"wp-block-gallery has-nested-images columns-default is-cropped wp-block-gallery-1 is-layout-flex wp-block-gallery-is-layout-flex\">\n<figure class=\"wp-block-image size-large\"><a href=\"https:\/\/www.ff-oepping.at\/cms\/wp-content\/uploads\/2025\/07\/2025-07-13_OelspurGrafenederkurve_02-scaled.jpg\" data-rel=\"lightbox-gallery-O7ua3Lxh\" data-rl_title=\"\" data-rl_caption=\"\" title=\"\"><img loading=\"lazy\" decoding=\"async\" width=\"1024\" height=\"683\" data-id=\"13970\" src=\"https:\/\/www.ff-oepping.at\/cms\/wp-content\/uploads\/2025\/07\/2025-07-13_OelspurGrafenederkurve_02-1024x683.jpg\" alt=\"\" class=\"wp-image-13970\" srcset=\"https:\/\/www.ff-oepping.at\/cms\/wp-content\/uploads\/2025\/07\/2025-07-13_OelspurGrafenederkurve_02-1024x683.jpg 1024w, https:\/\/www.ff-oepping.at\/cms\/wp-content\/uploads\/2025\/07\/2025-07-13_OelspurGrafenederkurve_02-300x200.jpg 300w, https:\/\/www.ff-oepping.at\/cms\/wp-content\/uploads\/2025\/07\/2025-07-13_OelspurGrafenederkurve_02-768x512.jpg 768w, https:\/\/www.ff-oepping.at\/cms\/wp-content\/uploads\/2025\/07\/2025-07-13_OelspurGrafenederkurve_02-1536x1024.jpg 1536w, https:\/\/www.ff-oepping.at\/cms\/wp-content\/uploads\/2025\/07\/2025-07-13_OelspurGrafenederkurve_02-2048x1365.jpg 2048w, https:\/\/www.ff-oepping.at\/cms\/wp-content\/uploads\/2025\/07\/2025-07-13_OelspurGrafenederkurve_02-1320x880.jpg 1320w\" sizes=\"auto, (max-width: 1024px) 100vw, 1024px\" \/><\/a><\/figure>\n\n\n\n<figure class=\"wp-block-image size-large\"><a href=\"https:\/\/www.ff-oepping.at\/cms\/wp-content\/uploads\/2025\/07\/2025-07-13_OelspurGrafenederkurve_01-scaled.jpg\" data-rel=\"lightbox-gallery-O7ua3Lxh\" data-rl_title=\"\" data-rl_caption=\"\" title=\"\"><img loading=\"lazy\" decoding=\"async\" width=\"1024\" height=\"683\" data-id=\"13971\" src=\"https:\/\/www.ff-oepping.at\/cms\/wp-content\/uploads\/2025\/07\/2025-07-13_OelspurGrafenederkurve_01-1024x683.jpg\" alt=\"\" class=\"wp-image-13971\" srcset=\"https:\/\/www.ff-oepping.at\/cms\/wp-content\/uploads\/2025\/07\/2025-07-13_OelspurGrafenederkurve_01-1024x683.jpg 1024w, https:\/\/www.ff-oepping.at\/cms\/wp-content\/uploads\/2025\/07\/2025-07-13_OelspurGrafenederkurve_01-300x200.jpg 300w, https:\/\/www.ff-oepping.at\/cms\/wp-content\/uploads\/2025\/07\/2025-07-13_OelspurGrafenederkurve_01-768x512.jpg 768w, https:\/\/www.ff-oepping.at\/cms\/wp-content\/uploads\/2025\/07\/2025-07-13_OelspurGrafenederkurve_01-1536x1024.jpg 1536w, https:\/\/www.ff-oepping.at\/cms\/wp-content\/uploads\/2025\/07\/2025-07-13_OelspurGrafenederkurve_01-2048x1365.jpg 2048w, https:\/\/www.ff-oepping.at\/cms\/wp-content\/uploads\/2025\/07\/2025-07-13_OelspurGrafenederkurve_01-1320x880.jpg 1320w\" sizes=\"auto, (max-width: 1024px) 100vw, 1024px\" \/><\/a><\/figure>\n<\/figure>\n","protected":false},"excerpt":{"rendered":"<p>Kurz nach 20.00 Uhr am Sonntagabend, den 13. Juli 2025 wurde die Feuerwehr Oepping zu einem Einsatz bzgl. \u00d6lspur\/\u00d6laustritt alarmiert. In der sogenannten &#8222;Grafenederkurve&#8220; in Fahrtrichtung Peilstein hat ein PKW&hellip;<\/p>\n","protected":false},"author":5,"featured_media":13970,"comment_status":"open","ping_status":"open","sticky":false,"template":"","format":"standard","meta":{"footnotes":""},"categories":[392],"tags":[64,118,196],"class_list":["post-13967","post","type-post","status-publish","format-standard","has-post-thumbnail","hentry","category-einsatz-2025","tag-einsatz-2","tag-feuerwehr-2","tag-ffoepping-2"],"views":252,"wps_subtitle":"13. Juli 2025","_links":{"self":[{"href":"https:\/\/www.ff-oepping.at\/cms\/wp-json\/wp\/v2\/posts\/13967","targetHints":{"allow":["GET"]}}],"collection":[{"href":"https:\/\/www.ff-oepping.at\/cms\/wp-json\/wp\/v2\/posts"}],"about":[{"href":"https:\/\/www.ff-oepping.at\/cms\/wp-json\/wp\/v2\/types\/post"}],"author":[{"embeddable":true,"href":"https:\/\/www.ff-oepping.at\/cms\/wp-json\/wp\/v2\/users\/5"}],"replies":[{"embeddable":true,"href":"https:\/\/www.ff-oepping.at\/cms\/wp-json\/wp\/v2\/comments?post=13967"}],"version-history":[{"count":4,"href":"https:\/\/www.ff-oepping.at\/cms\/wp-json\/wp\/v2\/posts\/13967\/revisions"}],"predecessor-version":[{"id":13973,"href":"https:\/\/www.ff-oepping.at\/cms\/wp-json\/wp\/v2\/posts\/13967\/revisions\/13973"}],"wp:featuredmedia":[{"embeddable":true,"href":"https:\/\/www.ff-oepping.at\/cms\/wp-json\/wp\/v2\/media\/13970"}],"wp:attachment":[{"href":"https:\/\/www.ff-oepping.at\/cms\/wp-json\/wp\/v2\/media?parent=13967"}],"wp:term":[{"taxonomy":"category","embeddable":true,"href":"https:\/\/www.ff-oepping.at\/cms\/wp-json\/wp\/v2\/categories?post=13967"},{"taxonomy":"post_tag","embeddable":true,"href":"https:\/\/www.ff-oepping.at\/cms\/wp-json\/wp\/v2\/tags?post=13967"}],"curies":[{"name":"wp","href":"https:\/\/api.w.org\/{rel}","templated":true}]}}