{"id":14006,"date":"2025-08-08T11:23:31","date_gmt":"2025-08-08T09:23:31","guid":{"rendered":"https:\/\/www.ff-oepping.at\/cms\/?p=14006"},"modified":"2025-08-08T11:27:15","modified_gmt":"2025-08-08T09:27:15","slug":"bauarbeiten-fuer-bezirkszentrale","status":"publish","type":"post","link":"https:\/\/www.ff-oepping.at\/cms\/feuerwehrhausbau\/bauarbeiten-fuer-bezirkszentrale\/","title":{"rendered":"Bauarbeiten f\u00fcr Bezirkszentrale"},"content":{"rendered":"\n<p>Wie einige vielleicht schon mitbekommen haben, wird k\u00fcnftig die sogenannte <strong>Bezirkszentrale<\/strong> im Feuerwehrhaus Oepping eingerichtet. Das bedeutet: Im Falle eines Starklastereignisses, das einen Gro\u00dfteil des Bezirks betrifft, wird in Oepping ein Einsatzstab des <a href=\"https:\/\/ro.ooelfv.at\/\" target=\"_blank\" rel=\"noreferrer noopener\">Bezirks-Feuerwehrkommando Rohrbach<\/a> gebildet, um die Koordination der Eins\u00e4tze zentral zu \u00fcbernehmen.<\/p>\n\n\n\n<p>Damit dieser Stab samt seiner technischen Ausstattung ausreichend Platz findet, sind im Feuerwehrhaus verschiedene bauliche Anpassungen erforderlich. So wurden bereits Leitungen f\u00fcr den Technikschrank verlegt und im Keller ein neuer Raum f\u00fcr die Meldesammelstelle geschaffen, in dem k\u00fcnftig umfangreiche Funk- und Kommunikationstechnik untergebracht ist.<\/p>\n\n\n\n<figure class=\"wp-block-gallery has-nested-images columns-default is-cropped wp-block-gallery-1 is-layout-flex wp-block-gallery-is-layout-flex\">\n<figure class=\"wp-block-image size-large\"><a href=\"https:\/\/www.ff-oepping.at\/cms\/wp-content\/uploads\/2025\/08\/2025-08-07_Bauarbeiten_Bezirkszentrale_1.jpg\" data-rel=\"lightbox-gallery-kunfHDAK\" data-rl_title=\"\" data-rl_caption=\"\" title=\"\"><img loading=\"lazy\" decoding=\"async\" width=\"1024\" height=\"576\" data-id=\"14013\" src=\"https:\/\/www.ff-oepping.at\/cms\/wp-content\/uploads\/2025\/08\/2025-08-07_Bauarbeiten_Bezirkszentrale_1-1024x576.jpg\" alt=\"\" class=\"wp-image-14013\" srcset=\"https:\/\/www.ff-oepping.at\/cms\/wp-content\/uploads\/2025\/08\/2025-08-07_Bauarbeiten_Bezirkszentrale_1-1024x576.jpg 1024w, https:\/\/www.ff-oepping.at\/cms\/wp-content\/uploads\/2025\/08\/2025-08-07_Bauarbeiten_Bezirkszentrale_1-300x169.jpg 300w, https:\/\/www.ff-oepping.at\/cms\/wp-content\/uploads\/2025\/08\/2025-08-07_Bauarbeiten_Bezirkszentrale_1-768x432.jpg 768w, https:\/\/www.ff-oepping.at\/cms\/wp-content\/uploads\/2025\/08\/2025-08-07_Bauarbeiten_Bezirkszentrale_1-1536x864.jpg 1536w, https:\/\/www.ff-oepping.at\/cms\/wp-content\/uploads\/2025\/08\/2025-08-07_Bauarbeiten_Bezirkszentrale_1-2048x1152.jpg 2048w, https:\/\/www.ff-oepping.at\/cms\/wp-content\/uploads\/2025\/08\/2025-08-07_Bauarbeiten_Bezirkszentrale_1-1320x742.jpg 1320w\" sizes=\"auto, (max-width: 1024px) 100vw, 1024px\" \/><\/a><\/figure>\n\n\n\n<figure class=\"wp-block-image size-large\"><a href=\"https:\/\/www.ff-oepping.at\/cms\/wp-content\/uploads\/2025\/08\/2025-08-07_Bauarbeiten_Bezirkszentrale_2.jpg\" data-rel=\"lightbox-gallery-kunfHDAK\" data-rl_title=\"\" data-rl_caption=\"\" title=\"\"><img loading=\"lazy\" decoding=\"async\" width=\"1024\" height=\"576\" data-id=\"14011\" src=\"https:\/\/www.ff-oepping.at\/cms\/wp-content\/uploads\/2025\/08\/2025-08-07_Bauarbeiten_Bezirkszentrale_2-1024x576.jpg\" alt=\"\" class=\"wp-image-14011\" srcset=\"https:\/\/www.ff-oepping.at\/cms\/wp-content\/uploads\/2025\/08\/2025-08-07_Bauarbeiten_Bezirkszentrale_2-1024x576.jpg 1024w, https:\/\/www.ff-oepping.at\/cms\/wp-content\/uploads\/2025\/08\/2025-08-07_Bauarbeiten_Bezirkszentrale_2-300x169.jpg 300w, https:\/\/www.ff-oepping.at\/cms\/wp-content\/uploads\/2025\/08\/2025-08-07_Bauarbeiten_Bezirkszentrale_2-768x432.jpg 768w, https:\/\/www.ff-oepping.at\/cms\/wp-content\/uploads\/2025\/08\/2025-08-07_Bauarbeiten_Bezirkszentrale_2-1536x864.jpg 1536w, https:\/\/www.ff-oepping.at\/cms\/wp-content\/uploads\/2025\/08\/2025-08-07_Bauarbeiten_Bezirkszentrale_2-2048x1152.jpg 2048w, https:\/\/www.ff-oepping.at\/cms\/wp-content\/uploads\/2025\/08\/2025-08-07_Bauarbeiten_Bezirkszentrale_2-1320x742.jpg 1320w\" sizes=\"auto, (max-width: 1024px) 100vw, 1024px\" \/><\/a><\/figure>\n\n\n\n<figure class=\"wp-block-image size-large\"><a href=\"https:\/\/www.ff-oepping.at\/cms\/wp-content\/uploads\/2025\/08\/2025-08-07_Bauarbeiten_Bezirkszentrale_3.jpg\" data-rel=\"lightbox-gallery-kunfHDAK\" data-rl_title=\"\" data-rl_caption=\"\" title=\"\"><img loading=\"lazy\" decoding=\"async\" width=\"1024\" height=\"576\" data-id=\"14009\" src=\"https:\/\/www.ff-oepping.at\/cms\/wp-content\/uploads\/2025\/08\/2025-08-07_Bauarbeiten_Bezirkszentrale_3-1024x576.jpg\" alt=\"\" class=\"wp-image-14009\" srcset=\"https:\/\/www.ff-oepping.at\/cms\/wp-content\/uploads\/2025\/08\/2025-08-07_Bauarbeiten_Bezirkszentrale_3-1024x576.jpg 1024w, https:\/\/www.ff-oepping.at\/cms\/wp-content\/uploads\/2025\/08\/2025-08-07_Bauarbeiten_Bezirkszentrale_3-300x169.jpg 300w, https:\/\/www.ff-oepping.at\/cms\/wp-content\/uploads\/2025\/08\/2025-08-07_Bauarbeiten_Bezirkszentrale_3-768x432.jpg 768w, https:\/\/www.ff-oepping.at\/cms\/wp-content\/uploads\/2025\/08\/2025-08-07_Bauarbeiten_Bezirkszentrale_3-1536x864.jpg 1536w\" sizes=\"auto, (max-width: 1024px) 100vw, 1024px\" \/><\/a><\/figure>\n\n\n\n<figure class=\"wp-block-image size-large\"><a href=\"https:\/\/www.ff-oepping.at\/cms\/wp-content\/uploads\/2025\/08\/2025-08-07_Bauarbeiten_Bezirkszentrale_4.jpg\" data-rel=\"lightbox-gallery-kunfHDAK\" data-rl_title=\"\" data-rl_caption=\"\" title=\"\"><img loading=\"lazy\" decoding=\"async\" width=\"1024\" height=\"578\" data-id=\"14010\" src=\"https:\/\/www.ff-oepping.at\/cms\/wp-content\/uploads\/2025\/08\/2025-08-07_Bauarbeiten_Bezirkszentrale_4-1024x578.jpg\" alt=\"\" class=\"wp-image-14010\" srcset=\"https:\/\/www.ff-oepping.at\/cms\/wp-content\/uploads\/2025\/08\/2025-08-07_Bauarbeiten_Bezirkszentrale_4-1024x578.jpg 1024w, https:\/\/www.ff-oepping.at\/cms\/wp-content\/uploads\/2025\/08\/2025-08-07_Bauarbeiten_Bezirkszentrale_4-300x169.jpg 300w, https:\/\/www.ff-oepping.at\/cms\/wp-content\/uploads\/2025\/08\/2025-08-07_Bauarbeiten_Bezirkszentrale_4-768x434.jpg 768w, https:\/\/www.ff-oepping.at\/cms\/wp-content\/uploads\/2025\/08\/2025-08-07_Bauarbeiten_Bezirkszentrale_4-1536x868.jpg 1536w, https:\/\/www.ff-oepping.at\/cms\/wp-content\/uploads\/2025\/08\/2025-08-07_Bauarbeiten_Bezirkszentrale_4-2048x1157.jpg 2048w, https:\/\/www.ff-oepping.at\/cms\/wp-content\/uploads\/2025\/08\/2025-08-07_Bauarbeiten_Bezirkszentrale_4-1320x746.jpg 1320w\" sizes=\"auto, (max-width: 1024px) 100vw, 1024px\" \/><\/a><\/figure>\n\n\n\n<figure class=\"wp-block-image size-large\"><a href=\"https:\/\/www.ff-oepping.at\/cms\/wp-content\/uploads\/2025\/08\/2025-08-07_Bauarbeiten_Bezirkszentrale_5.jpg\" data-rel=\"lightbox-gallery-kunfHDAK\" data-rl_title=\"\" data-rl_caption=\"\" title=\"\"><img loading=\"lazy\" decoding=\"async\" width=\"1024\" height=\"578\" data-id=\"14012\" src=\"https:\/\/www.ff-oepping.at\/cms\/wp-content\/uploads\/2025\/08\/2025-08-07_Bauarbeiten_Bezirkszentrale_5-1024x578.jpg\" alt=\"\" class=\"wp-image-14012\" srcset=\"https:\/\/www.ff-oepping.at\/cms\/wp-content\/uploads\/2025\/08\/2025-08-07_Bauarbeiten_Bezirkszentrale_5-1024x578.jpg 1024w, https:\/\/www.ff-oepping.at\/cms\/wp-content\/uploads\/2025\/08\/2025-08-07_Bauarbeiten_Bezirkszentrale_5-300x169.jpg 300w, https:\/\/www.ff-oepping.at\/cms\/wp-content\/uploads\/2025\/08\/2025-08-07_Bauarbeiten_Bezirkszentrale_5-768x434.jpg 768w, https:\/\/www.ff-oepping.at\/cms\/wp-content\/uploads\/2025\/08\/2025-08-07_Bauarbeiten_Bezirkszentrale_5-1536x868.jpg 1536w, https:\/\/www.ff-oepping.at\/cms\/wp-content\/uploads\/2025\/08\/2025-08-07_Bauarbeiten_Bezirkszentrale_5-2048x1157.jpg 2048w, https:\/\/www.ff-oepping.at\/cms\/wp-content\/uploads\/2025\/08\/2025-08-07_Bauarbeiten_Bezirkszentrale_5-1320x746.jpg 1320w\" sizes=\"auto, (max-width: 1024px) 100vw, 1024px\" \/><\/a><\/figure>\n<\/figure>\n","protected":false},"excerpt":{"rendered":"<p>Wie einige vielleicht schon mitbekommen haben, wird k\u00fcnftig die sogenannte Bezirkszentrale im Feuerwehrhaus Oepping eingerichtet. Das bedeutet: Im Falle eines Starklastereignisses, das einen Gro\u00dfteil des Bezirks betrifft, wird in Oepping&hellip;<\/p>\n","protected":false},"author":3,"featured_media":14009,"comment_status":"open","ping_status":"open","sticky":false,"template":"","format":"standard","meta":{"footnotes":""},"categories":[16],"tags":[417,415,421,79,80,419,420],"class_list":["post-14006","post","type-post","status-publish","format-standard","has-post-thumbnail","hentry","category-feuerwehrhausbau","tag-bezirkrohrbach","tag-bezirkszentrale","tag-bfkrohrbach","tag-feuerwehr","tag-ffoepping","tag-funk-2","tag-kommunikation"],"views":291,"wps_subtitle":"August 2025","_links":{"self":[{"href":"https:\/\/www.ff-oepping.at\/cms\/wp-json\/wp\/v2\/posts\/14006","targetHints":{"allow":["GET"]}}],"collection":[{"href":"https:\/\/www.ff-oepping.at\/cms\/wp-json\/wp\/v2\/posts"}],"about":[{"href":"https:\/\/www.ff-oepping.at\/cms\/wp-json\/wp\/v2\/types\/post"}],"author":[{"embeddable":true,"href":"https:\/\/www.ff-oepping.at\/cms\/wp-json\/wp\/v2\/users\/3"}],"replies":[{"embeddable":true,"href":"https:\/\/www.ff-oepping.at\/cms\/wp-json\/wp\/v2\/comments?post=14006"}],"version-history":[{"count":10,"href":"https:\/\/www.ff-oepping.at\/cms\/wp-json\/wp\/v2\/posts\/14006\/revisions"}],"predecessor-version":[{"id":14021,"href":"https:\/\/www.ff-oepping.at\/cms\/wp-json\/wp\/v2\/posts\/14006\/revisions\/14021"}],"wp:featuredmedia":[{"embeddable":true,"href":"https:\/\/www.ff-oepping.at\/cms\/wp-json\/wp\/v2\/media\/14009"}],"wp:attachment":[{"href":"https:\/\/www.ff-oepping.at\/cms\/wp-json\/wp\/v2\/media?parent=14006"}],"wp:term":[{"taxonomy":"category","embeddable":true,"href":"https:\/\/www.ff-oepping.at\/cms\/wp-json\/wp\/v2\/categories?post=14006"},{"taxonomy":"post_tag","embeddable":true,"href":"https:\/\/www.ff-oepping.at\/cms\/wp-json\/wp\/v2\/tags?post=14006"}],"curies":[{"name":"wp","href":"https:\/\/api.w.org\/{rel}","templated":true}]}}