{"id":14121,"date":"2025-09-24T20:17:16","date_gmt":"2025-09-24T18:17:16","guid":{"rendered":"https:\/\/www.ff-oepping.at\/cms\/?p=14121"},"modified":"2025-09-24T20:17:19","modified_gmt":"2025-09-24T18:17:19","slug":"willkommen-kleiner-livio","status":"publish","type":"post","link":"https:\/\/www.ff-oepping.at\/cms\/die-feuerwehr\/mitglieder\/willkommen-kleiner-livio\/","title":{"rendered":"Willkommen kleiner Livio"},"content":{"rendered":"\n<p>Am 17. September 2025 durften unser Feuerwehrkamerad Markus und seine Carmen ihren Sohn Livio auf der Welt willkommen hei\u00dfen. Am 20. September war es uns eine gro\u00dfe Freude, den traditionellen Feuerwehr-Storch bei ihnen aufzustellen und den frischgebackenen Eltern pers\u00f6nlich zu gratulieren.<\/p>\n\n\n\n<p>Mit diesem besonderen Brauch m\u00f6chten wir unsere herzlichsten Gl\u00fcckw\u00fcnsche \u00fcberbringen und Markus, Carmen sowie ihrem kleinen Livio alles erdenklich Gute f\u00fcr die gemeinsame Zukunft w\u00fcnschen. M\u00f6ge er viel Freude, Gl\u00fcck und Gesundheit ins Haus bringen! \ud83d\ude92\ud83d\udc76\ud83c\udf1f<\/p>\n\n\n\n<p>Die Feuerwehr Oepping gratuliert der jungen Familie von Herzen.<\/p>\n\n\n\n<figure class=\"wp-block-gallery has-nested-images columns-default is-cropped wp-block-gallery-1 is-layout-flex wp-block-gallery-is-layout-flex\">\n<figure class=\"wp-block-image size-large\"><a href=\"https:\/\/www.ff-oepping.at\/cms\/wp-content\/uploads\/2025\/09\/2025-09-20_Storchaufstellen_Hoefler_Markus_01.jpg\" data-rel=\"lightbox-gallery-vZk5rcrX\" data-rl_title=\"\" data-rl_caption=\"\" title=\"\"><img loading=\"lazy\" decoding=\"async\" width=\"1024\" height=\"576\" data-id=\"14122\" src=\"https:\/\/www.ff-oepping.at\/cms\/wp-content\/uploads\/2025\/09\/2025-09-20_Storchaufstellen_Hoefler_Markus_01-1024x576.jpg\" alt=\"\" class=\"wp-image-14122\" srcset=\"https:\/\/www.ff-oepping.at\/cms\/wp-content\/uploads\/2025\/09\/2025-09-20_Storchaufstellen_Hoefler_Markus_01-1024x576.jpg 1024w, https:\/\/www.ff-oepping.at\/cms\/wp-content\/uploads\/2025\/09\/2025-09-20_Storchaufstellen_Hoefler_Markus_01-300x169.jpg 300w, https:\/\/www.ff-oepping.at\/cms\/wp-content\/uploads\/2025\/09\/2025-09-20_Storchaufstellen_Hoefler_Markus_01-768x432.jpg 768w, https:\/\/www.ff-oepping.at\/cms\/wp-content\/uploads\/2025\/09\/2025-09-20_Storchaufstellen_Hoefler_Markus_01-1536x864.jpg 1536w, https:\/\/www.ff-oepping.at\/cms\/wp-content\/uploads\/2025\/09\/2025-09-20_Storchaufstellen_Hoefler_Markus_01-1320x743.jpg 1320w, https:\/\/www.ff-oepping.at\/cms\/wp-content\/uploads\/2025\/09\/2025-09-20_Storchaufstellen_Hoefler_Markus_01.jpg 2000w\" sizes=\"auto, (max-width: 1024px) 100vw, 1024px\" \/><\/a><\/figure>\n\n\n\n<figure class=\"wp-block-image size-large\"><a href=\"https:\/\/www.ff-oepping.at\/cms\/wp-content\/uploads\/2025\/09\/2025-09-20_Storchaufstellen_Hoefler_Markus_02.jpg\" data-rel=\"lightbox-gallery-vZk5rcrX\" data-rl_title=\"\" data-rl_caption=\"\" title=\"\"><img loading=\"lazy\" decoding=\"async\" width=\"1024\" height=\"576\" data-id=\"14123\" src=\"https:\/\/www.ff-oepping.at\/cms\/wp-content\/uploads\/2025\/09\/2025-09-20_Storchaufstellen_Hoefler_Markus_02-1024x576.jpg\" alt=\"\" class=\"wp-image-14123\" srcset=\"https:\/\/www.ff-oepping.at\/cms\/wp-content\/uploads\/2025\/09\/2025-09-20_Storchaufstellen_Hoefler_Markus_02-1024x576.jpg 1024w, https:\/\/www.ff-oepping.at\/cms\/wp-content\/uploads\/2025\/09\/2025-09-20_Storchaufstellen_Hoefler_Markus_02-300x169.jpg 300w, https:\/\/www.ff-oepping.at\/cms\/wp-content\/uploads\/2025\/09\/2025-09-20_Storchaufstellen_Hoefler_Markus_02-768x432.jpg 768w, https:\/\/www.ff-oepping.at\/cms\/wp-content\/uploads\/2025\/09\/2025-09-20_Storchaufstellen_Hoefler_Markus_02-1536x864.jpg 1536w, https:\/\/www.ff-oepping.at\/cms\/wp-content\/uploads\/2025\/09\/2025-09-20_Storchaufstellen_Hoefler_Markus_02-1320x743.jpg 1320w, https:\/\/www.ff-oepping.at\/cms\/wp-content\/uploads\/2025\/09\/2025-09-20_Storchaufstellen_Hoefler_Markus_02.jpg 2000w\" sizes=\"auto, (max-width: 1024px) 100vw, 1024px\" \/><\/a><\/figure>\n<\/figure>\n","protected":false},"excerpt":{"rendered":"<p>Am 17. September 2025 durften unser Feuerwehrkamerad Markus und seine Carmen ihren Sohn Livio auf der Welt willkommen hei\u00dfen. Am 20. September war es uns eine gro\u00dfe Freude, den traditionellen&hellip;<\/p>\n","protected":false},"author":3,"featured_media":14123,"comment_status":"open","ping_status":"open","sticky":false,"template":"","format":"standard","meta":{"footnotes":""},"categories":[28],"tags":[79,80,375],"class_list":["post-14121","post","type-post","status-publish","format-standard","has-post-thumbnail","hentry","category-mitglieder","tag-feuerwehr","tag-ffoepping","tag-storch"],"views":414,"wps_subtitle":"20. September 2025","_links":{"self":[{"href":"https:\/\/www.ff-oepping.at\/cms\/wp-json\/wp\/v2\/posts\/14121","targetHints":{"allow":["GET"]}}],"collection":[{"href":"https:\/\/www.ff-oepping.at\/cms\/wp-json\/wp\/v2\/posts"}],"about":[{"href":"https:\/\/www.ff-oepping.at\/cms\/wp-json\/wp\/v2\/types\/post"}],"author":[{"embeddable":true,"href":"https:\/\/www.ff-oepping.at\/cms\/wp-json\/wp\/v2\/users\/3"}],"replies":[{"embeddable":true,"href":"https:\/\/www.ff-oepping.at\/cms\/wp-json\/wp\/v2\/comments?post=14121"}],"version-history":[{"count":8,"href":"https:\/\/www.ff-oepping.at\/cms\/wp-json\/wp\/v2\/posts\/14121\/revisions"}],"predecessor-version":[{"id":14131,"href":"https:\/\/www.ff-oepping.at\/cms\/wp-json\/wp\/v2\/posts\/14121\/revisions\/14131"}],"wp:featuredmedia":[{"embeddable":true,"href":"https:\/\/www.ff-oepping.at\/cms\/wp-json\/wp\/v2\/media\/14123"}],"wp:attachment":[{"href":"https:\/\/www.ff-oepping.at\/cms\/wp-json\/wp\/v2\/media?parent=14121"}],"wp:term":[{"taxonomy":"category","embeddable":true,"href":"https:\/\/www.ff-oepping.at\/cms\/wp-json\/wp\/v2\/categories?post=14121"},{"taxonomy":"post_tag","embeddable":true,"href":"https:\/\/www.ff-oepping.at\/cms\/wp-json\/wp\/v2\/tags?post=14121"}],"curies":[{"name":"wp","href":"https:\/\/api.w.org\/{rel}","templated":true}]}}