{"id":14268,"date":"2025-07-28T17:14:19","date_gmt":"2025-07-28T15:14:19","guid":{"rendered":"https:\/\/www.ff-oepping.at\/cms\/?p=14268"},"modified":"2025-11-16T17:23:25","modified_gmt":"2025-11-16T16:23:25","slug":"14268","status":"publish","type":"post","link":"https:\/\/www.ff-oepping.at\/cms\/jugend\/14268\/","title":{"rendered":"Internes Jugendlager"},"content":{"rendered":"\n<p>Von 25. bis 27. Juli 2025 fand das diesj\u00e4hrige Jugendlager der Feuerwehr statt \u2013 heuer wieder als internes Lager der eigenen Feuerwehr.<\/p>\n\n\n\n<p>Der erste Tag startete mit einem Ausflug zum Barfu\u00dfweg in St. Ulrich. Anschlie\u00dfend wurde im Feuerwehrhaus gemeinsam Knacker gegrillt, bevor der Abend beim Kegeln in Arnreit und sportlichen Aktivit\u00e4ten im Turnsaal Oepping ausklang. \u00dcbernachtet wurde im Feuerwehrhaus.<\/p>\n\n\n\n<p>Am Samstag begann der Tag mit einem gemeinsamen Fr\u00fchst\u00fcck. Danach ging es zum Hafenpark, in den Haribo-Shop sowie zu einer spannenden Hafenrundfahrt mit dem Schiff. Das Mittagessen wurde bei McDonald\u2019s eingenommen, bevor der Nachmittag in der Erlebnisoase Sch\u00f6rgenhub verbracht wurde. Wieder zur\u00fcck im Feuerwehrhaus gab es erneut Knackerbraten und einen weiteren sportlichen Abend im Turnsaal Oepping, gefolgt von der \u00dcbernachtung im Feuerwehrhaus.<\/p>\n\n\n\n<p>Der Sonntag startete erneut mit Fr\u00fchst\u00fcck im Feuerwehrhaus, gefolgt von einer letzten Einheit im Turnsaal Oepping. Den Abschluss bildete ein gemeinsames Mittagessen am Zeltfest in Kirchbach.<\/p>\n\n\n\n<figure class=\"wp-block-gallery has-nested-images columns-default is-cropped wp-block-gallery-1 is-layout-flex wp-block-gallery-is-layout-flex\">\n<figure class=\"wp-block-image size-large\"><a href=\"https:\/\/www.ff-oepping.at\/cms\/wp-content\/uploads\/2025\/11\/2025-07-27_Jugendlager_01-rotated.jpg\" data-rel=\"lightbox-gallery-ovkSCYJA\" data-rl_title=\"\" data-rl_caption=\"\" title=\"\"><img loading=\"lazy\" decoding=\"async\" width=\"768\" height=\"1024\" data-id=\"14269\" src=\"https:\/\/www.ff-oepping.at\/cms\/wp-content\/uploads\/2025\/11\/2025-07-27_Jugendlager_01-768x1024.jpg\" alt=\"\" class=\"wp-image-14269\" srcset=\"https:\/\/www.ff-oepping.at\/cms\/wp-content\/uploads\/2025\/11\/2025-07-27_Jugendlager_01-768x1024.jpg 768w, https:\/\/www.ff-oepping.at\/cms\/wp-content\/uploads\/2025\/11\/2025-07-27_Jugendlager_01-225x300.jpg 225w, https:\/\/www.ff-oepping.at\/cms\/wp-content\/uploads\/2025\/11\/2025-07-27_Jugendlager_01-1152x1536.jpg 1152w, https:\/\/www.ff-oepping.at\/cms\/wp-content\/uploads\/2025\/11\/2025-07-27_Jugendlager_01-1320x1760.jpg 1320w, https:\/\/www.ff-oepping.at\/cms\/wp-content\/uploads\/2025\/11\/2025-07-27_Jugendlager_01-rotated.jpg 1512w\" sizes=\"auto, (max-width: 768px) 100vw, 768px\" \/><\/a><\/figure>\n\n\n\n<figure class=\"wp-block-image size-large\"><a href=\"https:\/\/www.ff-oepping.at\/cms\/wp-content\/uploads\/2025\/11\/2025-07-27_Jugendlager_02.jpg\" data-rel=\"lightbox-gallery-ovkSCYJA\" data-rl_title=\"\" data-rl_caption=\"\" title=\"\"><img loading=\"lazy\" decoding=\"async\" width=\"1024\" height=\"768\" data-id=\"14270\" src=\"https:\/\/www.ff-oepping.at\/cms\/wp-content\/uploads\/2025\/11\/2025-07-27_Jugendlager_02-1024x768.jpg\" alt=\"\" class=\"wp-image-14270\" srcset=\"https:\/\/www.ff-oepping.at\/cms\/wp-content\/uploads\/2025\/11\/2025-07-27_Jugendlager_02-1024x768.jpg 1024w, https:\/\/www.ff-oepping.at\/cms\/wp-content\/uploads\/2025\/11\/2025-07-27_Jugendlager_02-300x225.jpg 300w, https:\/\/www.ff-oepping.at\/cms\/wp-content\/uploads\/2025\/11\/2025-07-27_Jugendlager_02-768x576.jpg 768w, https:\/\/www.ff-oepping.at\/cms\/wp-content\/uploads\/2025\/11\/2025-07-27_Jugendlager_02-1536x1152.jpg 1536w, https:\/\/www.ff-oepping.at\/cms\/wp-content\/uploads\/2025\/11\/2025-07-27_Jugendlager_02-1320x990.jpg 1320w, https:\/\/www.ff-oepping.at\/cms\/wp-content\/uploads\/2025\/11\/2025-07-27_Jugendlager_02.jpg 2016w\" sizes=\"auto, (max-width: 1024px) 100vw, 1024px\" \/><\/a><\/figure>\n\n\n\n<figure class=\"wp-block-image size-large\"><a href=\"https:\/\/www.ff-oepping.at\/cms\/wp-content\/uploads\/2025\/11\/2025-07-27_Jugendlager_03.jpg\" data-rel=\"lightbox-gallery-ovkSCYJA\" data-rl_title=\"\" data-rl_caption=\"\" title=\"\"><img loading=\"lazy\" decoding=\"async\" width=\"1024\" height=\"768\" data-id=\"14271\" src=\"https:\/\/www.ff-oepping.at\/cms\/wp-content\/uploads\/2025\/11\/2025-07-27_Jugendlager_03-1024x768.jpg\" alt=\"\" class=\"wp-image-14271\" srcset=\"https:\/\/www.ff-oepping.at\/cms\/wp-content\/uploads\/2025\/11\/2025-07-27_Jugendlager_03-1024x768.jpg 1024w, https:\/\/www.ff-oepping.at\/cms\/wp-content\/uploads\/2025\/11\/2025-07-27_Jugendlager_03-300x225.jpg 300w, https:\/\/www.ff-oepping.at\/cms\/wp-content\/uploads\/2025\/11\/2025-07-27_Jugendlager_03-768x576.jpg 768w, https:\/\/www.ff-oepping.at\/cms\/wp-content\/uploads\/2025\/11\/2025-07-27_Jugendlager_03-1536x1152.jpg 1536w, https:\/\/www.ff-oepping.at\/cms\/wp-content\/uploads\/2025\/11\/2025-07-27_Jugendlager_03-1320x990.jpg 1320w, https:\/\/www.ff-oepping.at\/cms\/wp-content\/uploads\/2025\/11\/2025-07-27_Jugendlager_03.jpg 2016w\" sizes=\"auto, (max-width: 1024px) 100vw, 1024px\" \/><\/a><\/figure>\n\n\n\n<figure class=\"wp-block-image size-large\"><a href=\"https:\/\/www.ff-oepping.at\/cms\/wp-content\/uploads\/2025\/11\/2025-07-27_Jugendlager_04.jpg\" data-rel=\"lightbox-gallery-ovkSCYJA\" data-rl_title=\"\" data-rl_caption=\"\" title=\"\"><img loading=\"lazy\" decoding=\"async\" width=\"1024\" height=\"768\" data-id=\"14272\" src=\"https:\/\/www.ff-oepping.at\/cms\/wp-content\/uploads\/2025\/11\/2025-07-27_Jugendlager_04-1024x768.jpg\" alt=\"\" class=\"wp-image-14272\" srcset=\"https:\/\/www.ff-oepping.at\/cms\/wp-content\/uploads\/2025\/11\/2025-07-27_Jugendlager_04-1024x768.jpg 1024w, https:\/\/www.ff-oepping.at\/cms\/wp-content\/uploads\/2025\/11\/2025-07-27_Jugendlager_04-300x225.jpg 300w, https:\/\/www.ff-oepping.at\/cms\/wp-content\/uploads\/2025\/11\/2025-07-27_Jugendlager_04-768x576.jpg 768w, https:\/\/www.ff-oepping.at\/cms\/wp-content\/uploads\/2025\/11\/2025-07-27_Jugendlager_04-1536x1152.jpg 1536w, https:\/\/www.ff-oepping.at\/cms\/wp-content\/uploads\/2025\/11\/2025-07-27_Jugendlager_04-1320x990.jpg 1320w, https:\/\/www.ff-oepping.at\/cms\/wp-content\/uploads\/2025\/11\/2025-07-27_Jugendlager_04.jpg 2016w\" sizes=\"auto, (max-width: 1024px) 100vw, 1024px\" \/><\/a><\/figure>\n\n\n\n<figure class=\"wp-block-image size-large\"><a href=\"https:\/\/www.ff-oepping.at\/cms\/wp-content\/uploads\/2025\/11\/2025-07-27_Jugendlager_05.jpg\" data-rel=\"lightbox-gallery-ovkSCYJA\" data-rl_title=\"\" data-rl_caption=\"\" title=\"\"><img loading=\"lazy\" decoding=\"async\" width=\"1024\" height=\"768\" data-id=\"14273\" src=\"https:\/\/www.ff-oepping.at\/cms\/wp-content\/uploads\/2025\/11\/2025-07-27_Jugendlager_05-1024x768.jpg\" alt=\"\" class=\"wp-image-14273\" srcset=\"https:\/\/www.ff-oepping.at\/cms\/wp-content\/uploads\/2025\/11\/2025-07-27_Jugendlager_05-1024x768.jpg 1024w, https:\/\/www.ff-oepping.at\/cms\/wp-content\/uploads\/2025\/11\/2025-07-27_Jugendlager_05-300x225.jpg 300w, https:\/\/www.ff-oepping.at\/cms\/wp-content\/uploads\/2025\/11\/2025-07-27_Jugendlager_05-768x576.jpg 768w, https:\/\/www.ff-oepping.at\/cms\/wp-content\/uploads\/2025\/11\/2025-07-27_Jugendlager_05-1536x1152.jpg 1536w, https:\/\/www.ff-oepping.at\/cms\/wp-content\/uploads\/2025\/11\/2025-07-27_Jugendlager_05-1320x990.jpg 1320w, https:\/\/www.ff-oepping.at\/cms\/wp-content\/uploads\/2025\/11\/2025-07-27_Jugendlager_05.jpg 2016w\" sizes=\"auto, (max-width: 1024px) 100vw, 1024px\" \/><\/a><\/figure>\n\n\n\n<figure class=\"wp-block-image size-large\"><a href=\"https:\/\/www.ff-oepping.at\/cms\/wp-content\/uploads\/2025\/11\/2025-07-27_Jugendlager_06.jpg\" data-rel=\"lightbox-gallery-ovkSCYJA\" data-rl_title=\"\" data-rl_caption=\"\" title=\"\"><img loading=\"lazy\" decoding=\"async\" width=\"1024\" height=\"768\" data-id=\"14274\" src=\"https:\/\/www.ff-oepping.at\/cms\/wp-content\/uploads\/2025\/11\/2025-07-27_Jugendlager_06-1024x768.jpg\" alt=\"\" class=\"wp-image-14274\" srcset=\"https:\/\/www.ff-oepping.at\/cms\/wp-content\/uploads\/2025\/11\/2025-07-27_Jugendlager_06-1024x768.jpg 1024w, https:\/\/www.ff-oepping.at\/cms\/wp-content\/uploads\/2025\/11\/2025-07-27_Jugendlager_06-300x225.jpg 300w, https:\/\/www.ff-oepping.at\/cms\/wp-content\/uploads\/2025\/11\/2025-07-27_Jugendlager_06-768x576.jpg 768w, https:\/\/www.ff-oepping.at\/cms\/wp-content\/uploads\/2025\/11\/2025-07-27_Jugendlager_06-1536x1152.jpg 1536w, https:\/\/www.ff-oepping.at\/cms\/wp-content\/uploads\/2025\/11\/2025-07-27_Jugendlager_06-1320x990.jpg 1320w, https:\/\/www.ff-oepping.at\/cms\/wp-content\/uploads\/2025\/11\/2025-07-27_Jugendlager_06.jpg 2016w\" sizes=\"auto, (max-width: 1024px) 100vw, 1024px\" \/><\/a><\/figure>\n<\/figure>\n","protected":false},"excerpt":{"rendered":"<p>Von 25. bis 27. Juli 2025 fand das diesj\u00e4hrige Jugendlager der Feuerwehr statt \u2013 heuer wieder als internes Lager der eigenen Feuerwehr. Der erste Tag startete mit einem Ausflug zum&hellip;<\/p>\n","protected":false},"author":3,"featured_media":14270,"comment_status":"open","ping_status":"open","sticky":false,"template":"","format":"standard","meta":{"footnotes":""},"categories":[21],"tags":[],"class_list":["post-14268","post","type-post","status-publish","format-standard","has-post-thumbnail","hentry","category-jugend"],"views":29,"wps_subtitle":"25. bis 27. Juli 2025","_links":{"self":[{"href":"https:\/\/www.ff-oepping.at\/cms\/wp-json\/wp\/v2\/posts\/14268","targetHints":{"allow":["GET"]}}],"collection":[{"href":"https:\/\/www.ff-oepping.at\/cms\/wp-json\/wp\/v2\/posts"}],"about":[{"href":"https:\/\/www.ff-oepping.at\/cms\/wp-json\/wp\/v2\/types\/post"}],"author":[{"embeddable":true,"href":"https:\/\/www.ff-oepping.at\/cms\/wp-json\/wp\/v2\/users\/3"}],"replies":[{"embeddable":true,"href":"https:\/\/www.ff-oepping.at\/cms\/wp-json\/wp\/v2\/comments?post=14268"}],"version-history":[{"count":4,"href":"https:\/\/www.ff-oepping.at\/cms\/wp-json\/wp\/v2\/posts\/14268\/revisions"}],"predecessor-version":[{"id":14278,"href":"https:\/\/www.ff-oepping.at\/cms\/wp-json\/wp\/v2\/posts\/14268\/revisions\/14278"}],"wp:featuredmedia":[{"embeddable":true,"href":"https:\/\/www.ff-oepping.at\/cms\/wp-json\/wp\/v2\/media\/14270"}],"wp:attachment":[{"href":"https:\/\/www.ff-oepping.at\/cms\/wp-json\/wp\/v2\/media?parent=14268"}],"wp:term":[{"taxonomy":"category","embeddable":true,"href":"https:\/\/www.ff-oepping.at\/cms\/wp-json\/wp\/v2\/categories?post=14268"},{"taxonomy":"post_tag","embeddable":true,"href":"https:\/\/www.ff-oepping.at\/cms\/wp-json\/wp\/v2\/tags?post=14268"}],"curies":[{"name":"wp","href":"https:\/\/api.w.org\/{rel}","templated":true}]}}