{"id":14348,"date":"2025-11-27T14:54:54","date_gmt":"2025-11-27T13:54:54","guid":{"rendered":"https:\/\/www.ff-oepping.at\/cms\/?p=14348"},"modified":"2025-11-28T14:44:20","modified_gmt":"2025-11-28T13:44:20","slug":"brand-in-einer-garage","status":"publish","type":"post","link":"https:\/\/www.ff-oepping.at\/cms\/einsatze\/einsatz-2025\/brand-in-einer-garage\/","title":{"rendered":"Brand in einer Garage"},"content":{"rendered":"\n<p>Zu einem Garagenbrand in die Ortschaft Diendorf wurde die Feuerwehr Oepping am Donnerstag, den 27. November 2025 in den Mittagsstunden alarmiert. Gemeinsam mit den Feuerwehren Peilstein, Kirchbach und Julbach wurde zu diesem Einsatz ausger\u00fcckt.<\/p>\n\n\n\n<p>Noch w\u00e4hrend der Anfahrt erging an die auf Anfahrt befindlichen Feuerwehren durch den Einsatzleiter der FF-Peilstein die Info, dass ein Einsatz weiterer Kr\u00e4fte nicht mehr notwendig ist. Die Freiwillige Feuerwehr Peilstein \u00fcbernahm die Nachl\u00f6scharbeiten und Kontrollen durch die W\u00e4rmebildkamera.<\/p>\n\n\n\n<p>Bericht <a href=\"https:\/\/fotokerschi.at\/blog\/brand-werkstatt-peilstein-rascher-einsatz\" data-type=\"link\" data-id=\"https:\/\/fotokerschi.at\/blog\/brand-werkstatt-peilstein-rascher-einsatz\" target=\"_blank\" rel=\"noreferrer noopener\">FotoKerschi<\/a><br>Bericht <a href=\"http:\/\/www.ff-peilstein.at\/garagenbrand-in-diendorf\/\" data-type=\"link\" data-id=\"http:\/\/www.ff-peilstein.at\/garagenbrand-in-diendorf\/\" target=\"_blank\" rel=\"noreferrer noopener\">FF-Peilstein<\/a><\/p>\n","protected":false},"excerpt":{"rendered":"<p>Zu einem Garagenbrand in die Ortschaft Diendorf wurde die Feuerwehr Oepping am Donnerstag, den 27. November 2025 in den Mittagsstunden alarmiert. Gemeinsam mit den Feuerwehren Peilstein, Kirchbach und Julbach wurde&hellip;<\/p>\n","protected":false},"author":5,"featured_media":0,"comment_status":"open","ping_status":"open","sticky":false,"template":"","format":"standard","meta":{"footnotes":""},"categories":[392],"tags":[64,118,196],"class_list":["post-14348","post","type-post","status-publish","format-standard","hentry","category-einsatz-2025","tag-einsatz-2","tag-feuerwehr-2","tag-ffoepping-2"],"views":229,"wps_subtitle":"27. November 2025","_links":{"self":[{"href":"https:\/\/www.ff-oepping.at\/cms\/wp-json\/wp\/v2\/posts\/14348","targetHints":{"allow":["GET"]}}],"collection":[{"href":"https:\/\/www.ff-oepping.at\/cms\/wp-json\/wp\/v2\/posts"}],"about":[{"href":"https:\/\/www.ff-oepping.at\/cms\/wp-json\/wp\/v2\/types\/post"}],"author":[{"embeddable":true,"href":"https:\/\/www.ff-oepping.at\/cms\/wp-json\/wp\/v2\/users\/5"}],"replies":[{"embeddable":true,"href":"https:\/\/www.ff-oepping.at\/cms\/wp-json\/wp\/v2\/comments?post=14348"}],"version-history":[{"count":10,"href":"https:\/\/www.ff-oepping.at\/cms\/wp-json\/wp\/v2\/posts\/14348\/revisions"}],"predecessor-version":[{"id":14362,"href":"https:\/\/www.ff-oepping.at\/cms\/wp-json\/wp\/v2\/posts\/14348\/revisions\/14362"}],"wp:attachment":[{"href":"https:\/\/www.ff-oepping.at\/cms\/wp-json\/wp\/v2\/media?parent=14348"}],"wp:term":[{"taxonomy":"category","embeddable":true,"href":"https:\/\/www.ff-oepping.at\/cms\/wp-json\/wp\/v2\/categories?post=14348"},{"taxonomy":"post_tag","embeddable":true,"href":"https:\/\/www.ff-oepping.at\/cms\/wp-json\/wp\/v2\/tags?post=14348"}],"curies":[{"name":"wp","href":"https:\/\/api.w.org\/{rel}","templated":true}]}}