{"id":14376,"date":"2025-12-24T14:07:00","date_gmt":"2025-12-24T13:07:00","guid":{"rendered":"https:\/\/www.ff-oepping.at\/cms\/?p=14376"},"modified":"2025-12-25T20:03:03","modified_gmt":"2025-12-25T19:03:03","slug":"friedenslichtverteilung-fuer-den-guten-zweck-3","status":"publish","type":"post","link":"https:\/\/www.ff-oepping.at\/cms\/allgemein\/friedenslichtverteilung-fuer-den-guten-zweck-3\/","title":{"rendered":"Friedenslichtverteilung f\u00fcr den guten Zweck"},"content":{"rendered":"\n<p>Auch in diesem Jahr, am 24. Dezember, haben sich 14 Jugendfeuerwehrmitglieder und 25 Kameradinnen und Kameraden der Feuerwehr Oepping die Zeit genommen, um das Friedenslicht von Haus zu Haus zu bringen. Diese Tradition wird von uns mit gro\u00dfem Engagement gepflegt, und wie jedes Jahr sammelten wir bei der Verteilung durch die Feuerwehrjugend f\u00fcr einen guten Zweck.<\/p>\n\n\n\n<p>In diesem Jahr war der Zweck der Sammlung die Unterst\u00fctzung von Familie Wiesinger aus Peilstein. Der Familienvater Rudolf (Rudi) Wiesinger hatte in diesem Jahr in Oepping einen tragischen Unfall mit t\u00f6dlichem Ausgang. Die Anteilnahme an diesem Schicksal in unserer Bev\u00f6lkerung ist sehr hoch und deshalb wollte auch jeder einzelne mit seiner Spende in dieser schweren Zeit unterst\u00fctzen. Durch die zahlreichen Spenden konnte ein gro\u00dfartiger Betrag von 6.100 Euro erreicht werden. Mit den gesammelten Spenden m\u00f6chten wir und die Bev\u00f6lkerung von Oepping, in dieser schwierigen Zeit etwas finanzielle Entlastung schaffen.<\/p>\n\n\n\n<p>Ein herzlicher Dank gilt allen Spendern, die uns jedes Jahr aufs Neue unterst\u00fctzen, um Gutes zu tun. Ebenso m\u00f6chten wir uns bei den Begleitpersonen und unserer Feuerwehrjugend bedanken, die sich die Zeit genommen haben, um das Friedenslicht zu verteilen.<\/p>\n\n\n\n<p>In diesem Sinne w\u00fcnschen wir euch allen frohe Weihnachten, ein besinnliches Fest und einen guten Start ins neue Jahr.<\/p>\n\n\n\n<figure class=\"wp-block-gallery has-nested-images columns-default is-cropped wp-block-gallery-1 is-layout-flex wp-block-gallery-is-layout-flex\">\n<figure class=\"wp-block-image size-large\"><a href=\"https:\/\/www.ff-oepping.at\/cms\/wp-content\/uploads\/2025\/12\/2025-12-24_Friedenslicht_02-scaled.jpg\" data-rel=\"lightbox-gallery-ilNR5yQ2\" data-rl_title=\"\" data-rl_caption=\"\" title=\"\"><img loading=\"lazy\" decoding=\"async\" width=\"1024\" height=\"683\" data-id=\"14379\" src=\"https:\/\/www.ff-oepping.at\/cms\/wp-content\/uploads\/2025\/12\/2025-12-24_Friedenslicht_02-1024x683.jpg\" alt=\"\" class=\"wp-image-14379\" srcset=\"https:\/\/www.ff-oepping.at\/cms\/wp-content\/uploads\/2025\/12\/2025-12-24_Friedenslicht_02-1024x683.jpg 1024w, https:\/\/www.ff-oepping.at\/cms\/wp-content\/uploads\/2025\/12\/2025-12-24_Friedenslicht_02-300x200.jpg 300w, https:\/\/www.ff-oepping.at\/cms\/wp-content\/uploads\/2025\/12\/2025-12-24_Friedenslicht_02-768x513.jpg 768w, https:\/\/www.ff-oepping.at\/cms\/wp-content\/uploads\/2025\/12\/2025-12-24_Friedenslicht_02-1536x1025.jpg 1536w, https:\/\/www.ff-oepping.at\/cms\/wp-content\/uploads\/2025\/12\/2025-12-24_Friedenslicht_02-2048x1367.jpg 2048w, https:\/\/www.ff-oepping.at\/cms\/wp-content\/uploads\/2025\/12\/2025-12-24_Friedenslicht_02-1320x881.jpg 1320w\" sizes=\"auto, (max-width: 1024px) 100vw, 1024px\" \/><\/a><\/figure>\n\n\n\n<figure class=\"wp-block-image size-large\"><a href=\"https:\/\/www.ff-oepping.at\/cms\/wp-content\/uploads\/2025\/12\/2025-12-24_Friedenslicht_03-scaled.jpg\" data-rel=\"lightbox-gallery-ilNR5yQ2\" data-rl_title=\"\" data-rl_caption=\"\" title=\"\"><img loading=\"lazy\" decoding=\"async\" width=\"1024\" height=\"683\" data-id=\"14380\" src=\"https:\/\/www.ff-oepping.at\/cms\/wp-content\/uploads\/2025\/12\/2025-12-24_Friedenslicht_03-1024x683.jpg\" alt=\"\" class=\"wp-image-14380\" srcset=\"https:\/\/www.ff-oepping.at\/cms\/wp-content\/uploads\/2025\/12\/2025-12-24_Friedenslicht_03-1024x683.jpg 1024w, https:\/\/www.ff-oepping.at\/cms\/wp-content\/uploads\/2025\/12\/2025-12-24_Friedenslicht_03-300x200.jpg 300w, https:\/\/www.ff-oepping.at\/cms\/wp-content\/uploads\/2025\/12\/2025-12-24_Friedenslicht_03-768x513.jpg 768w, https:\/\/www.ff-oepping.at\/cms\/wp-content\/uploads\/2025\/12\/2025-12-24_Friedenslicht_03-1536x1025.jpg 1536w, https:\/\/www.ff-oepping.at\/cms\/wp-content\/uploads\/2025\/12\/2025-12-24_Friedenslicht_03-2048x1367.jpg 2048w, https:\/\/www.ff-oepping.at\/cms\/wp-content\/uploads\/2025\/12\/2025-12-24_Friedenslicht_03-1320x881.jpg 1320w\" sizes=\"auto, (max-width: 1024px) 100vw, 1024px\" \/><\/a><\/figure>\n\n\n\n<figure class=\"wp-block-image size-large\"><a href=\"https:\/\/www.ff-oepping.at\/cms\/wp-content\/uploads\/2025\/12\/2025-12-24_Friedenslicht_04-scaled.jpg\" data-rel=\"lightbox-gallery-ilNR5yQ2\" data-rl_title=\"\" data-rl_caption=\"\" title=\"\"><img loading=\"lazy\" decoding=\"async\" width=\"1024\" height=\"683\" data-id=\"14381\" src=\"https:\/\/www.ff-oepping.at\/cms\/wp-content\/uploads\/2025\/12\/2025-12-24_Friedenslicht_04-1024x683.jpg\" alt=\"\" class=\"wp-image-14381\" srcset=\"https:\/\/www.ff-oepping.at\/cms\/wp-content\/uploads\/2025\/12\/2025-12-24_Friedenslicht_04-1024x683.jpg 1024w, https:\/\/www.ff-oepping.at\/cms\/wp-content\/uploads\/2025\/12\/2025-12-24_Friedenslicht_04-300x200.jpg 300w, https:\/\/www.ff-oepping.at\/cms\/wp-content\/uploads\/2025\/12\/2025-12-24_Friedenslicht_04-768x513.jpg 768w, https:\/\/www.ff-oepping.at\/cms\/wp-content\/uploads\/2025\/12\/2025-12-24_Friedenslicht_04-1536x1025.jpg 1536w, https:\/\/www.ff-oepping.at\/cms\/wp-content\/uploads\/2025\/12\/2025-12-24_Friedenslicht_04-2048x1367.jpg 2048w, https:\/\/www.ff-oepping.at\/cms\/wp-content\/uploads\/2025\/12\/2025-12-24_Friedenslicht_04-1320x881.jpg 1320w\" sizes=\"auto, (max-width: 1024px) 100vw, 1024px\" \/><\/a><\/figure>\n<\/figure>\n","protected":false},"excerpt":{"rendered":"<p>Auch in diesem Jahr, am 24. Dezember, haben sich 14 Jugendfeuerwehrmitglieder und 25 Kameradinnen und Kameraden der Feuerwehr Oepping die Zeit genommen, um das Friedenslicht von Haus zu Haus zu&hellip;<\/p>\n","protected":false},"author":7,"featured_media":14379,"comment_status":"open","ping_status":"open","sticky":false,"template":"","format":"standard","meta":{"footnotes":""},"categories":[1,21],"tags":[],"class_list":["post-14376","post","type-post","status-publish","format-standard","has-post-thumbnail","hentry","category-allgemein","category-jugend"],"views":123,"wps_subtitle":"24. Dezember 2025","_links":{"self":[{"href":"https:\/\/www.ff-oepping.at\/cms\/wp-json\/wp\/v2\/posts\/14376","targetHints":{"allow":["GET"]}}],"collection":[{"href":"https:\/\/www.ff-oepping.at\/cms\/wp-json\/wp\/v2\/posts"}],"about":[{"href":"https:\/\/www.ff-oepping.at\/cms\/wp-json\/wp\/v2\/types\/post"}],"author":[{"embeddable":true,"href":"https:\/\/www.ff-oepping.at\/cms\/wp-json\/wp\/v2\/users\/7"}],"replies":[{"embeddable":true,"href":"https:\/\/www.ff-oepping.at\/cms\/wp-json\/wp\/v2\/comments?post=14376"}],"version-history":[{"count":6,"href":"https:\/\/www.ff-oepping.at\/cms\/wp-json\/wp\/v2\/posts\/14376\/revisions"}],"predecessor-version":[{"id":14386,"href":"https:\/\/www.ff-oepping.at\/cms\/wp-json\/wp\/v2\/posts\/14376\/revisions\/14386"}],"wp:featuredmedia":[{"embeddable":true,"href":"https:\/\/www.ff-oepping.at\/cms\/wp-json\/wp\/v2\/media\/14379"}],"wp:attachment":[{"href":"https:\/\/www.ff-oepping.at\/cms\/wp-json\/wp\/v2\/media?parent=14376"}],"wp:term":[{"taxonomy":"category","embeddable":true,"href":"https:\/\/www.ff-oepping.at\/cms\/wp-json\/wp\/v2\/categories?post=14376"},{"taxonomy":"post_tag","embeddable":true,"href":"https:\/\/www.ff-oepping.at\/cms\/wp-json\/wp\/v2\/tags?post=14376"}],"curies":[{"name":"wp","href":"https:\/\/api.w.org\/{rel}","templated":true}]}}