{"id":14419,"date":"2026-01-13T07:19:49","date_gmt":"2026-01-13T06:19:49","guid":{"rendered":"https:\/\/www.ff-oepping.at\/cms\/?p=14419"},"modified":"2026-01-13T07:20:46","modified_gmt":"2026-01-13T06:20:46","slug":"jahreshauptversammlung-der-ff-oepping-5","status":"publish","type":"post","link":"https:\/\/www.ff-oepping.at\/cms\/die-feuerwehr\/aktivitaeten\/jahreshauptversammlung-der-ff-oepping-5\/","title":{"rendered":"Jahreshauptversammlung der FF-Oepping"},"content":{"rendered":"\n<p>Am Freitag, den 02. J\u00e4nner 2026 fand bereits die erste Veranstaltung im neuen Jahr statt. Kommandant Stefan Spindlbalker lud die Mitglieder der Feuerwehr zur Jahreshautpversammlung in den Dorf Saal ein. Knapp 80 Mitglieder folgten der Einladung. In den Reihen der Ehreng\u00e4ste konnte Stefan Spindlbalker von Seiten der Gemeinde B\u00fcrgermeister Thomas Bogner, von der Pfarre Pfarrer Mag. Vinzenz Ecker, Obmann des Musikvereins Robert Hoffmann, Kommandant der Feuerwehr G\u00f6tzendorf Thomas Fellhofer und Abschnitts-Feuerwehrkommandant Andreas Pachner begr\u00fc\u00dfen.<\/p>\n\n\n\n<p>Die wichtigsten Eins\u00e4tze, \u00dcbungen und Veranstaltungen aus dem Jahr 2025 wurden kurz Revue passiert. Neuanschaffungen in der Feuerwehr und \u00c4nderungen im Feuerwehrhaus standen auch auf dem Programmpunkt. Nach dem Einblick durch unseren Kommandanten, hielten auch die Ehreng\u00e4ste noch ein kurzes Referat. Mit aufgefrischten Erinnerungen aus dem alten Jahr, und somit mit viel Gespr\u00e4chsstoff, wurde der Abend gem\u00fctlich verbracht.<\/p>\n\n\n\n<figure class=\"wp-block-gallery has-nested-images columns-2 is-cropped wp-block-gallery-1 is-layout-flex wp-block-gallery-is-layout-flex\">\n<figure class=\"wp-block-image size-large\"><a href=\"https:\/\/www.ff-oepping.at\/cms\/wp-content\/uploads\/2026\/01\/2026-01-02_JHV_01-scaled.jpg\" data-rel=\"lightbox-gallery-O7T5xpYf\" data-rl_title=\"\" data-rl_caption=\"\" title=\"\"><img loading=\"lazy\" decoding=\"async\" width=\"1024\" height=\"683\" data-id=\"14424\" src=\"https:\/\/www.ff-oepping.at\/cms\/wp-content\/uploads\/2026\/01\/2026-01-02_JHV_01-1024x683.jpg\" alt=\"\" class=\"wp-image-14424\" srcset=\"https:\/\/www.ff-oepping.at\/cms\/wp-content\/uploads\/2026\/01\/2026-01-02_JHV_01-1024x683.jpg 1024w, https:\/\/www.ff-oepping.at\/cms\/wp-content\/uploads\/2026\/01\/2026-01-02_JHV_01-300x200.jpg 300w, https:\/\/www.ff-oepping.at\/cms\/wp-content\/uploads\/2026\/01\/2026-01-02_JHV_01-768x513.jpg 768w, https:\/\/www.ff-oepping.at\/cms\/wp-content\/uploads\/2026\/01\/2026-01-02_JHV_01-1536x1025.jpg 1536w, https:\/\/www.ff-oepping.at\/cms\/wp-content\/uploads\/2026\/01\/2026-01-02_JHV_01-2048x1367.jpg 2048w, https:\/\/www.ff-oepping.at\/cms\/wp-content\/uploads\/2026\/01\/2026-01-02_JHV_01-1320x881.jpg 1320w\" sizes=\"auto, (max-width: 1024px) 100vw, 1024px\" \/><\/a><\/figure>\n\n\n\n<figure class=\"wp-block-image size-large\"><a href=\"https:\/\/www.ff-oepping.at\/cms\/wp-content\/uploads\/2026\/01\/2026-01-02_JHV_02-scaled.jpg\" data-rel=\"lightbox-gallery-O7T5xpYf\" data-rl_title=\"\" data-rl_caption=\"\" title=\"\"><img loading=\"lazy\" decoding=\"async\" width=\"1024\" height=\"683\" data-id=\"14425\" src=\"https:\/\/www.ff-oepping.at\/cms\/wp-content\/uploads\/2026\/01\/2026-01-02_JHV_02-1024x683.jpg\" alt=\"\" class=\"wp-image-14425\" srcset=\"https:\/\/www.ff-oepping.at\/cms\/wp-content\/uploads\/2026\/01\/2026-01-02_JHV_02-1024x683.jpg 1024w, https:\/\/www.ff-oepping.at\/cms\/wp-content\/uploads\/2026\/01\/2026-01-02_JHV_02-300x200.jpg 300w, https:\/\/www.ff-oepping.at\/cms\/wp-content\/uploads\/2026\/01\/2026-01-02_JHV_02-768x513.jpg 768w, https:\/\/www.ff-oepping.at\/cms\/wp-content\/uploads\/2026\/01\/2026-01-02_JHV_02-1536x1025.jpg 1536w, https:\/\/www.ff-oepping.at\/cms\/wp-content\/uploads\/2026\/01\/2026-01-02_JHV_02-2048x1367.jpg 2048w, https:\/\/www.ff-oepping.at\/cms\/wp-content\/uploads\/2026\/01\/2026-01-02_JHV_02-1320x881.jpg 1320w\" sizes=\"auto, (max-width: 1024px) 100vw, 1024px\" \/><\/a><\/figure>\n\n\n\n<figure class=\"wp-block-image size-large\"><a href=\"https:\/\/www.ff-oepping.at\/cms\/wp-content\/uploads\/2026\/01\/2026-01-02_JHV_03-scaled.jpg\" data-rel=\"lightbox-gallery-O7T5xpYf\" data-rl_title=\"\" data-rl_caption=\"\" title=\"\"><img loading=\"lazy\" decoding=\"async\" width=\"1024\" height=\"683\" data-id=\"14426\" src=\"https:\/\/www.ff-oepping.at\/cms\/wp-content\/uploads\/2026\/01\/2026-01-02_JHV_03-1024x683.jpg\" alt=\"\" class=\"wp-image-14426\" srcset=\"https:\/\/www.ff-oepping.at\/cms\/wp-content\/uploads\/2026\/01\/2026-01-02_JHV_03-1024x683.jpg 1024w, https:\/\/www.ff-oepping.at\/cms\/wp-content\/uploads\/2026\/01\/2026-01-02_JHV_03-300x200.jpg 300w, https:\/\/www.ff-oepping.at\/cms\/wp-content\/uploads\/2026\/01\/2026-01-02_JHV_03-768x513.jpg 768w, https:\/\/www.ff-oepping.at\/cms\/wp-content\/uploads\/2026\/01\/2026-01-02_JHV_03-1536x1025.jpg 1536w, https:\/\/www.ff-oepping.at\/cms\/wp-content\/uploads\/2026\/01\/2026-01-02_JHV_03-2048x1367.jpg 2048w, https:\/\/www.ff-oepping.at\/cms\/wp-content\/uploads\/2026\/01\/2026-01-02_JHV_03-1320x881.jpg 1320w\" sizes=\"auto, (max-width: 1024px) 100vw, 1024px\" \/><\/a><\/figure>\n\n\n\n<figure class=\"wp-block-image size-large\"><a href=\"https:\/\/www.ff-oepping.at\/cms\/wp-content\/uploads\/2026\/01\/2026-01-02_JHV_04-scaled.jpg\" data-rel=\"lightbox-gallery-O7T5xpYf\" data-rl_title=\"\" data-rl_caption=\"\" title=\"\"><img loading=\"lazy\" decoding=\"async\" width=\"1024\" height=\"683\" data-id=\"14427\" src=\"https:\/\/www.ff-oepping.at\/cms\/wp-content\/uploads\/2026\/01\/2026-01-02_JHV_04-1024x683.jpg\" alt=\"\" class=\"wp-image-14427\" srcset=\"https:\/\/www.ff-oepping.at\/cms\/wp-content\/uploads\/2026\/01\/2026-01-02_JHV_04-1024x683.jpg 1024w, https:\/\/www.ff-oepping.at\/cms\/wp-content\/uploads\/2026\/01\/2026-01-02_JHV_04-300x200.jpg 300w, https:\/\/www.ff-oepping.at\/cms\/wp-content\/uploads\/2026\/01\/2026-01-02_JHV_04-768x513.jpg 768w, https:\/\/www.ff-oepping.at\/cms\/wp-content\/uploads\/2026\/01\/2026-01-02_JHV_04-1536x1025.jpg 1536w, https:\/\/www.ff-oepping.at\/cms\/wp-content\/uploads\/2026\/01\/2026-01-02_JHV_04-2048x1367.jpg 2048w, https:\/\/www.ff-oepping.at\/cms\/wp-content\/uploads\/2026\/01\/2026-01-02_JHV_04-1320x881.jpg 1320w\" sizes=\"auto, (max-width: 1024px) 100vw, 1024px\" \/><\/a><\/figure>\n<\/figure>\n","protected":false},"excerpt":{"rendered":"<p>Am Freitag, den 02. J\u00e4nner 2026 fand bereits die erste Veranstaltung im neuen Jahr statt. Kommandant Stefan Spindlbalker lud die Mitglieder der Feuerwehr zur Jahreshautpversammlung in den Dorf Saal ein.&hellip;<\/p>\n","protected":false},"author":5,"featured_media":14424,"comment_status":"open","ping_status":"open","sticky":false,"template":"","format":"standard","meta":{"footnotes":""},"categories":[40],"tags":[118,173,196],"class_list":["post-14419","post","type-post","status-publish","format-standard","has-post-thumbnail","hentry","category-aktivitaeten","tag-feuerwehr-2","tag-feuerwehrjugend","tag-ffoepping-2"],"views":187,"wps_subtitle":"02. J\u00e4nner 2026","_links":{"self":[{"href":"https:\/\/www.ff-oepping.at\/cms\/wp-json\/wp\/v2\/posts\/14419","targetHints":{"allow":["GET"]}}],"collection":[{"href":"https:\/\/www.ff-oepping.at\/cms\/wp-json\/wp\/v2\/posts"}],"about":[{"href":"https:\/\/www.ff-oepping.at\/cms\/wp-json\/wp\/v2\/types\/post"}],"author":[{"embeddable":true,"href":"https:\/\/www.ff-oepping.at\/cms\/wp-json\/wp\/v2\/users\/5"}],"replies":[{"embeddable":true,"href":"https:\/\/www.ff-oepping.at\/cms\/wp-json\/wp\/v2\/comments?post=14419"}],"version-history":[{"count":7,"href":"https:\/\/www.ff-oepping.at\/cms\/wp-json\/wp\/v2\/posts\/14419\/revisions"}],"predecessor-version":[{"id":14431,"href":"https:\/\/www.ff-oepping.at\/cms\/wp-json\/wp\/v2\/posts\/14419\/revisions\/14431"}],"wp:featuredmedia":[{"embeddable":true,"href":"https:\/\/www.ff-oepping.at\/cms\/wp-json\/wp\/v2\/media\/14424"}],"wp:attachment":[{"href":"https:\/\/www.ff-oepping.at\/cms\/wp-json\/wp\/v2\/media?parent=14419"}],"wp:term":[{"taxonomy":"category","embeddable":true,"href":"https:\/\/www.ff-oepping.at\/cms\/wp-json\/wp\/v2\/categories?post=14419"},{"taxonomy":"post_tag","embeddable":true,"href":"https:\/\/www.ff-oepping.at\/cms\/wp-json\/wp\/v2\/tags?post=14419"}],"curies":[{"name":"wp","href":"https:\/\/api.w.org\/{rel}","templated":true}]}}