{"id":14456,"date":"2026-02-06T17:36:24","date_gmt":"2026-02-06T16:36:24","guid":{"rendered":"https:\/\/www.ff-oepping.at\/cms\/?p=14456"},"modified":"2026-02-06T18:12:50","modified_gmt":"2026-02-06T17:12:50","slug":"baufortschritt-bei-bezirkszentrale","status":"publish","type":"post","link":"https:\/\/www.ff-oepping.at\/cms\/feuerwehrhausbau\/baufortschritt-bei-bezirkszentrale\/","title":{"rendered":"Baufortschritt bei Bezirkszentrale"},"content":{"rendered":"\n<p>Seit August hat sich beim Bau der Bezirkszentrale wieder einiges getan. <\/p>\n\n\n\n<p>Die W\u00e4nde wurden gespachtelt und anschlie\u00dfend ausgemalt, au\u00dferdem konnte die Decke montiert und der Boden verlegt werden. Parallel dazu wurden zahlreiche Meter an Kabeln f\u00fcr die Funk- und Netzwerktechnik eingezogen, um die technische Infrastruktur vorzubereiten.<\/p>\n\n\n\n<p>Zu den zuletzt durchgef\u00fchrten Arbeiten z\u00e4hlte die Montage der Einrichtung durch einen ortsans\u00e4ssigen Tischler. Dabei wurden der Schreibtisch mit Pult f\u00fcr die Funkger\u00e4te sowie die K\u00e4sten fachgerecht aufgebaut.<\/p>\n\n\n\n<p>Durch diese Fortschritte l\u00e4sst sich nun bereits gut erkennen, welche Aufgaben und Abl\u00e4ufe in diesem Raum k\u00fcnftig stattfinden werden und wie die neue Bezirkszentrale einmal genutzt wird.<\/p>\n\n\n\n<figure class=\"wp-block-gallery has-nested-images columns-5 is-cropped wp-block-gallery-1 is-layout-flex wp-block-gallery-is-layout-flex\">\n<figure class=\"wp-block-image size-large\"><a href=\"https:\/\/www.ff-oepping.at\/cms\/wp-content\/uploads\/2026\/02\/2026-02-06_Bauarbeiten_Bezirkszentrale_01.jpg\" data-rel=\"lightbox-gallery-I2Ubuj3U\" data-rl_title=\"\" data-rl_caption=\"\" title=\"\"><img loading=\"lazy\" decoding=\"async\" width=\"1024\" height=\"576\" data-id=\"14458\" src=\"https:\/\/www.ff-oepping.at\/cms\/wp-content\/uploads\/2026\/02\/2026-02-06_Bauarbeiten_Bezirkszentrale_01-1024x576.jpg\" alt=\"\" class=\"wp-image-14458\" style=\"aspect-ratio:1\" srcset=\"https:\/\/www.ff-oepping.at\/cms\/wp-content\/uploads\/2026\/02\/2026-02-06_Bauarbeiten_Bezirkszentrale_01-1024x576.jpg 1024w, https:\/\/www.ff-oepping.at\/cms\/wp-content\/uploads\/2026\/02\/2026-02-06_Bauarbeiten_Bezirkszentrale_01-300x169.jpg 300w, https:\/\/www.ff-oepping.at\/cms\/wp-content\/uploads\/2026\/02\/2026-02-06_Bauarbeiten_Bezirkszentrale_01-768x432.jpg 768w, https:\/\/www.ff-oepping.at\/cms\/wp-content\/uploads\/2026\/02\/2026-02-06_Bauarbeiten_Bezirkszentrale_01-1536x864.jpg 1536w, https:\/\/www.ff-oepping.at\/cms\/wp-content\/uploads\/2026\/02\/2026-02-06_Bauarbeiten_Bezirkszentrale_01-1320x743.jpg 1320w, https:\/\/www.ff-oepping.at\/cms\/wp-content\/uploads\/2026\/02\/2026-02-06_Bauarbeiten_Bezirkszentrale_01.jpg 2048w\" sizes=\"auto, (max-width: 1024px) 100vw, 1024px\" \/><\/a><\/figure>\n\n\n\n<figure class=\"wp-block-image size-large\"><a href=\"https:\/\/www.ff-oepping.at\/cms\/wp-content\/uploads\/2026\/02\/2026-02-06_Bauarbeiten_Bezirkszentrale_02-rotated.jpg\" data-rel=\"lightbox-gallery-I2Ubuj3U\" data-rl_title=\"\" data-rl_caption=\"\" title=\"\"><img loading=\"lazy\" decoding=\"async\" width=\"578\" height=\"1024\" data-id=\"14460\" src=\"https:\/\/www.ff-oepping.at\/cms\/wp-content\/uploads\/2026\/02\/2026-02-06_Bauarbeiten_Bezirkszentrale_02-578x1024.jpg\" alt=\"\" class=\"wp-image-14460\" style=\"aspect-ratio:1\" srcset=\"https:\/\/www.ff-oepping.at\/cms\/wp-content\/uploads\/2026\/02\/2026-02-06_Bauarbeiten_Bezirkszentrale_02-578x1024.jpg 578w, https:\/\/www.ff-oepping.at\/cms\/wp-content\/uploads\/2026\/02\/2026-02-06_Bauarbeiten_Bezirkszentrale_02-169x300.jpg 169w, https:\/\/www.ff-oepping.at\/cms\/wp-content\/uploads\/2026\/02\/2026-02-06_Bauarbeiten_Bezirkszentrale_02-768x1360.jpg 768w, https:\/\/www.ff-oepping.at\/cms\/wp-content\/uploads\/2026\/02\/2026-02-06_Bauarbeiten_Bezirkszentrale_02-867x1536.jpg 867w, https:\/\/www.ff-oepping.at\/cms\/wp-content\/uploads\/2026\/02\/2026-02-06_Bauarbeiten_Bezirkszentrale_02-rotated.jpg 1152w\" sizes=\"auto, (max-width: 578px) 100vw, 578px\" \/><\/a><\/figure>\n\n\n\n<figure class=\"wp-block-image size-large\"><a href=\"https:\/\/www.ff-oepping.at\/cms\/wp-content\/uploads\/2026\/02\/2026-02-06_Bauarbeiten_Bezirkszentrale_03.jpg\" data-rel=\"lightbox-gallery-I2Ubuj3U\" data-rl_title=\"\" data-rl_caption=\"\" title=\"\"><img loading=\"lazy\" decoding=\"async\" width=\"1024\" height=\"576\" data-id=\"14459\" src=\"https:\/\/www.ff-oepping.at\/cms\/wp-content\/uploads\/2026\/02\/2026-02-06_Bauarbeiten_Bezirkszentrale_03-1024x576.jpg\" alt=\"\" class=\"wp-image-14459\" style=\"aspect-ratio:1\" srcset=\"https:\/\/www.ff-oepping.at\/cms\/wp-content\/uploads\/2026\/02\/2026-02-06_Bauarbeiten_Bezirkszentrale_03-1024x576.jpg 1024w, https:\/\/www.ff-oepping.at\/cms\/wp-content\/uploads\/2026\/02\/2026-02-06_Bauarbeiten_Bezirkszentrale_03-300x169.jpg 300w, https:\/\/www.ff-oepping.at\/cms\/wp-content\/uploads\/2026\/02\/2026-02-06_Bauarbeiten_Bezirkszentrale_03-768x432.jpg 768w, https:\/\/www.ff-oepping.at\/cms\/wp-content\/uploads\/2026\/02\/2026-02-06_Bauarbeiten_Bezirkszentrale_03-1536x864.jpg 1536w, https:\/\/www.ff-oepping.at\/cms\/wp-content\/uploads\/2026\/02\/2026-02-06_Bauarbeiten_Bezirkszentrale_03-1320x743.jpg 1320w, https:\/\/www.ff-oepping.at\/cms\/wp-content\/uploads\/2026\/02\/2026-02-06_Bauarbeiten_Bezirkszentrale_03.jpg 2048w\" sizes=\"auto, (max-width: 1024px) 100vw, 1024px\" \/><\/a><\/figure>\n\n\n\n<figure class=\"wp-block-image size-large\"><a href=\"https:\/\/www.ff-oepping.at\/cms\/wp-content\/uploads\/2026\/02\/2026-02-06_Bauarbeiten_Bezirkszentrale_04.jpg\" data-rel=\"lightbox-gallery-I2Ubuj3U\" data-rl_title=\"\" data-rl_caption=\"\" title=\"\"><img loading=\"lazy\" decoding=\"async\" width=\"1024\" height=\"576\" data-id=\"14461\" src=\"https:\/\/www.ff-oepping.at\/cms\/wp-content\/uploads\/2026\/02\/2026-02-06_Bauarbeiten_Bezirkszentrale_04-1024x576.jpg\" alt=\"\" class=\"wp-image-14461\" style=\"aspect-ratio:1\" srcset=\"https:\/\/www.ff-oepping.at\/cms\/wp-content\/uploads\/2026\/02\/2026-02-06_Bauarbeiten_Bezirkszentrale_04-1024x576.jpg 1024w, https:\/\/www.ff-oepping.at\/cms\/wp-content\/uploads\/2026\/02\/2026-02-06_Bauarbeiten_Bezirkszentrale_04-300x169.jpg 300w, https:\/\/www.ff-oepping.at\/cms\/wp-content\/uploads\/2026\/02\/2026-02-06_Bauarbeiten_Bezirkszentrale_04-768x432.jpg 768w, https:\/\/www.ff-oepping.at\/cms\/wp-content\/uploads\/2026\/02\/2026-02-06_Bauarbeiten_Bezirkszentrale_04-1536x864.jpg 1536w, https:\/\/www.ff-oepping.at\/cms\/wp-content\/uploads\/2026\/02\/2026-02-06_Bauarbeiten_Bezirkszentrale_04-1320x743.jpg 1320w, https:\/\/www.ff-oepping.at\/cms\/wp-content\/uploads\/2026\/02\/2026-02-06_Bauarbeiten_Bezirkszentrale_04.jpg 2048w\" sizes=\"auto, (max-width: 1024px) 100vw, 1024px\" \/><\/a><\/figure>\n\n\n\n<figure class=\"wp-block-image size-large\"><a href=\"https:\/\/www.ff-oepping.at\/cms\/wp-content\/uploads\/2026\/02\/2026-02-06_Bauarbeiten_Bezirkszentrale_05.jpg\" data-rel=\"lightbox-gallery-I2Ubuj3U\" data-rl_title=\"\" data-rl_caption=\"\" title=\"\"><img loading=\"lazy\" decoding=\"async\" width=\"1024\" height=\"576\" data-id=\"14457\" src=\"https:\/\/www.ff-oepping.at\/cms\/wp-content\/uploads\/2026\/02\/2026-02-06_Bauarbeiten_Bezirkszentrale_05-1024x576.jpg\" alt=\"\" class=\"wp-image-14457\" style=\"aspect-ratio:1\" srcset=\"https:\/\/www.ff-oepping.at\/cms\/wp-content\/uploads\/2026\/02\/2026-02-06_Bauarbeiten_Bezirkszentrale_05-1024x576.jpg 1024w, https:\/\/www.ff-oepping.at\/cms\/wp-content\/uploads\/2026\/02\/2026-02-06_Bauarbeiten_Bezirkszentrale_05-300x169.jpg 300w, https:\/\/www.ff-oepping.at\/cms\/wp-content\/uploads\/2026\/02\/2026-02-06_Bauarbeiten_Bezirkszentrale_05-768x432.jpg 768w, https:\/\/www.ff-oepping.at\/cms\/wp-content\/uploads\/2026\/02\/2026-02-06_Bauarbeiten_Bezirkszentrale_05-1536x864.jpg 1536w, https:\/\/www.ff-oepping.at\/cms\/wp-content\/uploads\/2026\/02\/2026-02-06_Bauarbeiten_Bezirkszentrale_05-1320x743.jpg 1320w, https:\/\/www.ff-oepping.at\/cms\/wp-content\/uploads\/2026\/02\/2026-02-06_Bauarbeiten_Bezirkszentrale_05.jpg 2048w\" sizes=\"auto, (max-width: 1024px) 100vw, 1024px\" \/><\/a><\/figure>\n<\/figure>\n","protected":false},"excerpt":{"rendered":"<p>Seit August hat sich beim Bau der Bezirkszentrale wieder einiges getan. Die W\u00e4nde wurden gespachtelt und anschlie\u00dfend ausgemalt, au\u00dferdem konnte die Decke montiert und der Boden verlegt werden. Parallel dazu&hellip;<\/p>\n","protected":false},"author":3,"featured_media":14458,"comment_status":"open","ping_status":"open","sticky":false,"template":"","format":"standard","meta":{"footnotes":""},"categories":[16],"tags":[436,417,415,421,80,419],"class_list":["post-14456","post","type-post","status-publish","format-standard","has-post-thumbnail","hentry","category-feuerwehrhausbau","tag-bauarbeiten","tag-bezirkrohrbach","tag-bezirkszentrale","tag-bfkrohrbach","tag-ffoepping","tag-funk-2"],"views":155,"wps_subtitle":"2025 bis 2026","_links":{"self":[{"href":"https:\/\/www.ff-oepping.at\/cms\/wp-json\/wp\/v2\/posts\/14456","targetHints":{"allow":["GET"]}}],"collection":[{"href":"https:\/\/www.ff-oepping.at\/cms\/wp-json\/wp\/v2\/posts"}],"about":[{"href":"https:\/\/www.ff-oepping.at\/cms\/wp-json\/wp\/v2\/types\/post"}],"author":[{"embeddable":true,"href":"https:\/\/www.ff-oepping.at\/cms\/wp-json\/wp\/v2\/users\/3"}],"replies":[{"embeddable":true,"href":"https:\/\/www.ff-oepping.at\/cms\/wp-json\/wp\/v2\/comments?post=14456"}],"version-history":[{"count":12,"href":"https:\/\/www.ff-oepping.at\/cms\/wp-json\/wp\/v2\/posts\/14456\/revisions"}],"predecessor-version":[{"id":14474,"href":"https:\/\/www.ff-oepping.at\/cms\/wp-json\/wp\/v2\/posts\/14456\/revisions\/14474"}],"wp:featuredmedia":[{"embeddable":true,"href":"https:\/\/www.ff-oepping.at\/cms\/wp-json\/wp\/v2\/media\/14458"}],"wp:attachment":[{"href":"https:\/\/www.ff-oepping.at\/cms\/wp-json\/wp\/v2\/media?parent=14456"}],"wp:term":[{"taxonomy":"category","embeddable":true,"href":"https:\/\/www.ff-oepping.at\/cms\/wp-json\/wp\/v2\/categories?post=14456"},{"taxonomy":"post_tag","embeddable":true,"href":"https:\/\/www.ff-oepping.at\/cms\/wp-json\/wp\/v2\/tags?post=14456"}],"curies":[{"name":"wp","href":"https:\/\/api.w.org\/{rel}","templated":true}]}}