{"id":14479,"date":"2026-02-14T19:33:26","date_gmt":"2026-02-14T18:33:26","guid":{"rendered":"https:\/\/www.ff-oepping.at\/cms\/?p=14479"},"modified":"2026-02-14T19:34:13","modified_gmt":"2026-02-14T18:34:13","slug":"kinderfasching","status":"publish","type":"post","link":"https:\/\/www.ff-oepping.at\/cms\/die-feuerwehr\/kinderfasching\/","title":{"rendered":"Kinderfasching"},"content":{"rendered":"\n<p>Beim Kinderfasching verwandelte sich der Dorf Saal in Oepping in eine bunte Faschingswelt voller Prinzessinnen, Superhelden, Tiere und fantasievoller Kost\u00fcme. Organisiert wurde der fr\u00f6hliche Nachmittag gemeinsam mit Franz Braunstorfer \u2013 und das mit gro\u00dfem Erfolg. Danke daf\u00fcr \ud83e\udd73<\/p>\n\n\n\n<p>Zahlreiche Kinder folgten mit ihren Eltern der Einladung und sorgten f\u00fcr ausgelassene Stimmung bei dieser Veranstaltung. Ein besonderes Highlight waren die abwechslungsreichen Spiele, die von Franz durchgef\u00fchrt wurden. Mit viel Humor und Engagement brachte er die kleinen Faschingsg\u00e4ste zum Lachen und Mitmachen. Nat\u00fcrlich durfte auch die Belohnung nicht fehlen: Bei den Spielen konnten tolle Preise gewonnen werden, was die Motivation noch einmal ordentlich steigerte.<\/p>\n\n\n\n<p>Der Kinderfasching fand gro\u00dfen Anklang bei Kindern und Eltern gleicherma\u00dfen und wird sicherlich noch lange in Erinnerung bleiben \u2013 ein rundum gelungener Nachmittag voller Spa\u00df, Gemeinschaft und Faschingsfreude \ud83c\udfad\u2728<\/p>\n\n\n\n<div style=\"height:16px\" aria-hidden=\"true\" class=\"wp-block-spacer\"><\/div>\n\n\n\n<figure class=\"wp-block-gallery has-nested-images columns-4 is-cropped wp-block-gallery-1 is-layout-flex wp-block-gallery-is-layout-flex\">\n<figure class=\"wp-block-image size-large\"><a href=\"https:\/\/www.ff-oepping.at\/cms\/wp-content\/uploads\/2026\/02\/2026-02-14_Kinderfasching_01.jpg\" data-rel=\"lightbox-gallery-hBiqRKRa\" data-rl_title=\"\" data-rl_caption=\"\" title=\"\"><img loading=\"lazy\" decoding=\"async\" width=\"1024\" height=\"684\" data-id=\"14485\" src=\"https:\/\/www.ff-oepping.at\/cms\/wp-content\/uploads\/2026\/02\/2026-02-14_Kinderfasching_01-1024x684.jpg\" alt=\"\" class=\"wp-image-14485\" srcset=\"https:\/\/www.ff-oepping.at\/cms\/wp-content\/uploads\/2026\/02\/2026-02-14_Kinderfasching_01-1024x684.jpg 1024w, https:\/\/www.ff-oepping.at\/cms\/wp-content\/uploads\/2026\/02\/2026-02-14_Kinderfasching_01-300x200.jpg 300w, https:\/\/www.ff-oepping.at\/cms\/wp-content\/uploads\/2026\/02\/2026-02-14_Kinderfasching_01-768x513.jpg 768w, https:\/\/www.ff-oepping.at\/cms\/wp-content\/uploads\/2026\/02\/2026-02-14_Kinderfasching_01-1536x1025.jpg 1536w, https:\/\/www.ff-oepping.at\/cms\/wp-content\/uploads\/2026\/02\/2026-02-14_Kinderfasching_01-1320x881.jpg 1320w, https:\/\/www.ff-oepping.at\/cms\/wp-content\/uploads\/2026\/02\/2026-02-14_Kinderfasching_01.jpg 2000w\" sizes=\"auto, (max-width: 1024px) 100vw, 1024px\" \/><\/a><\/figure>\n\n\n\n<figure class=\"wp-block-image size-large\"><a href=\"https:\/\/www.ff-oepping.at\/cms\/wp-content\/uploads\/2026\/02\/2026-02-14_Kinderfasching_02.jpg\" data-rel=\"lightbox-gallery-hBiqRKRa\" data-rl_title=\"\" data-rl_caption=\"\" title=\"\"><img loading=\"lazy\" decoding=\"async\" width=\"1024\" height=\"684\" data-id=\"14487\" src=\"https:\/\/www.ff-oepping.at\/cms\/wp-content\/uploads\/2026\/02\/2026-02-14_Kinderfasching_02-1024x684.jpg\" alt=\"\" class=\"wp-image-14487\" srcset=\"https:\/\/www.ff-oepping.at\/cms\/wp-content\/uploads\/2026\/02\/2026-02-14_Kinderfasching_02-1024x684.jpg 1024w, https:\/\/www.ff-oepping.at\/cms\/wp-content\/uploads\/2026\/02\/2026-02-14_Kinderfasching_02-300x200.jpg 300w, https:\/\/www.ff-oepping.at\/cms\/wp-content\/uploads\/2026\/02\/2026-02-14_Kinderfasching_02-768x513.jpg 768w, https:\/\/www.ff-oepping.at\/cms\/wp-content\/uploads\/2026\/02\/2026-02-14_Kinderfasching_02-1536x1025.jpg 1536w, https:\/\/www.ff-oepping.at\/cms\/wp-content\/uploads\/2026\/02\/2026-02-14_Kinderfasching_02-1320x881.jpg 1320w, https:\/\/www.ff-oepping.at\/cms\/wp-content\/uploads\/2026\/02\/2026-02-14_Kinderfasching_02.jpg 2000w\" sizes=\"auto, (max-width: 1024px) 100vw, 1024px\" \/><\/a><\/figure>\n\n\n\n<figure class=\"wp-block-image size-large\"><a href=\"https:\/\/www.ff-oepping.at\/cms\/wp-content\/uploads\/2026\/02\/2026-02-14_Kinderfasching_03.jpg\" data-rel=\"lightbox-gallery-hBiqRKRa\" data-rl_title=\"\" data-rl_caption=\"\" title=\"\"><img loading=\"lazy\" decoding=\"async\" width=\"1024\" height=\"684\" data-id=\"14484\" src=\"https:\/\/www.ff-oepping.at\/cms\/wp-content\/uploads\/2026\/02\/2026-02-14_Kinderfasching_03-1024x684.jpg\" alt=\"\" class=\"wp-image-14484\" srcset=\"https:\/\/www.ff-oepping.at\/cms\/wp-content\/uploads\/2026\/02\/2026-02-14_Kinderfasching_03-1024x684.jpg 1024w, https:\/\/www.ff-oepping.at\/cms\/wp-content\/uploads\/2026\/02\/2026-02-14_Kinderfasching_03-300x200.jpg 300w, https:\/\/www.ff-oepping.at\/cms\/wp-content\/uploads\/2026\/02\/2026-02-14_Kinderfasching_03-768x513.jpg 768w, https:\/\/www.ff-oepping.at\/cms\/wp-content\/uploads\/2026\/02\/2026-02-14_Kinderfasching_03-1536x1025.jpg 1536w, https:\/\/www.ff-oepping.at\/cms\/wp-content\/uploads\/2026\/02\/2026-02-14_Kinderfasching_03-1320x881.jpg 1320w, https:\/\/www.ff-oepping.at\/cms\/wp-content\/uploads\/2026\/02\/2026-02-14_Kinderfasching_03.jpg 2000w\" sizes=\"auto, (max-width: 1024px) 100vw, 1024px\" \/><\/a><\/figure>\n\n\n\n<figure class=\"wp-block-image size-large\"><a href=\"https:\/\/www.ff-oepping.at\/cms\/wp-content\/uploads\/2026\/02\/2026-02-14_Kinderfasching_04.jpg\" data-rel=\"lightbox-gallery-hBiqRKRa\" data-rl_title=\"\" data-rl_caption=\"\" title=\"\"><img loading=\"lazy\" decoding=\"async\" width=\"1024\" height=\"684\" data-id=\"14489\" src=\"https:\/\/www.ff-oepping.at\/cms\/wp-content\/uploads\/2026\/02\/2026-02-14_Kinderfasching_04-1024x684.jpg\" alt=\"\" class=\"wp-image-14489\" srcset=\"https:\/\/www.ff-oepping.at\/cms\/wp-content\/uploads\/2026\/02\/2026-02-14_Kinderfasching_04-1024x684.jpg 1024w, https:\/\/www.ff-oepping.at\/cms\/wp-content\/uploads\/2026\/02\/2026-02-14_Kinderfasching_04-300x200.jpg 300w, https:\/\/www.ff-oepping.at\/cms\/wp-content\/uploads\/2026\/02\/2026-02-14_Kinderfasching_04-768x513.jpg 768w, https:\/\/www.ff-oepping.at\/cms\/wp-content\/uploads\/2026\/02\/2026-02-14_Kinderfasching_04-1536x1025.jpg 1536w, https:\/\/www.ff-oepping.at\/cms\/wp-content\/uploads\/2026\/02\/2026-02-14_Kinderfasching_04-1320x881.jpg 1320w, https:\/\/www.ff-oepping.at\/cms\/wp-content\/uploads\/2026\/02\/2026-02-14_Kinderfasching_04.jpg 2000w\" sizes=\"auto, (max-width: 1024px) 100vw, 1024px\" \/><\/a><\/figure>\n\n\n\n<figure class=\"wp-block-image size-large\"><a href=\"https:\/\/www.ff-oepping.at\/cms\/wp-content\/uploads\/2026\/02\/2026-02-14_Kinderfasching_05-1.jpg\" data-rel=\"lightbox-gallery-hBiqRKRa\" data-rl_title=\"\" data-rl_caption=\"\" title=\"\"><img loading=\"lazy\" decoding=\"async\" width=\"684\" height=\"1024\" data-id=\"14490\" src=\"https:\/\/www.ff-oepping.at\/cms\/wp-content\/uploads\/2026\/02\/2026-02-14_Kinderfasching_05-1-684x1024.jpg\" alt=\"\" class=\"wp-image-14490\" srcset=\"https:\/\/www.ff-oepping.at\/cms\/wp-content\/uploads\/2026\/02\/2026-02-14_Kinderfasching_05-1-684x1024.jpg 684w, https:\/\/www.ff-oepping.at\/cms\/wp-content\/uploads\/2026\/02\/2026-02-14_Kinderfasching_05-1-200x300.jpg 200w, https:\/\/www.ff-oepping.at\/cms\/wp-content\/uploads\/2026\/02\/2026-02-14_Kinderfasching_05-1-768x1151.jpg 768w, https:\/\/www.ff-oepping.at\/cms\/wp-content\/uploads\/2026\/02\/2026-02-14_Kinderfasching_05-1-1025x1536.jpg 1025w, https:\/\/www.ff-oepping.at\/cms\/wp-content\/uploads\/2026\/02\/2026-02-14_Kinderfasching_05-1-1320x1978.jpg 1320w, https:\/\/www.ff-oepping.at\/cms\/wp-content\/uploads\/2026\/02\/2026-02-14_Kinderfasching_05-1.jpg 1335w\" sizes=\"auto, (max-width: 684px) 100vw, 684px\" \/><\/a><\/figure>\n\n\n\n<figure class=\"wp-block-image size-large\"><a href=\"https:\/\/www.ff-oepping.at\/cms\/wp-content\/uploads\/2026\/02\/2026-02-14_Kinderfasching_06-1.jpg\" data-rel=\"lightbox-gallery-hBiqRKRa\" data-rl_title=\"\" data-rl_caption=\"\" title=\"\"><img loading=\"lazy\" decoding=\"async\" width=\"684\" height=\"1024\" data-id=\"14491\" src=\"https:\/\/www.ff-oepping.at\/cms\/wp-content\/uploads\/2026\/02\/2026-02-14_Kinderfasching_06-1-684x1024.jpg\" alt=\"\" class=\"wp-image-14491\" srcset=\"https:\/\/www.ff-oepping.at\/cms\/wp-content\/uploads\/2026\/02\/2026-02-14_Kinderfasching_06-1-684x1024.jpg 684w, https:\/\/www.ff-oepping.at\/cms\/wp-content\/uploads\/2026\/02\/2026-02-14_Kinderfasching_06-1-200x300.jpg 200w, https:\/\/www.ff-oepping.at\/cms\/wp-content\/uploads\/2026\/02\/2026-02-14_Kinderfasching_06-1-768x1151.jpg 768w, https:\/\/www.ff-oepping.at\/cms\/wp-content\/uploads\/2026\/02\/2026-02-14_Kinderfasching_06-1-1025x1536.jpg 1025w, https:\/\/www.ff-oepping.at\/cms\/wp-content\/uploads\/2026\/02\/2026-02-14_Kinderfasching_06-1-1320x1978.jpg 1320w, https:\/\/www.ff-oepping.at\/cms\/wp-content\/uploads\/2026\/02\/2026-02-14_Kinderfasching_06-1.jpg 1335w\" sizes=\"auto, (max-width: 684px) 100vw, 684px\" \/><\/a><\/figure>\n\n\n\n<figure class=\"wp-block-image size-large\"><a href=\"https:\/\/www.ff-oepping.at\/cms\/wp-content\/uploads\/2026\/02\/2026-02-14_Kinderfasching_07.jpg\" data-rel=\"lightbox-gallery-hBiqRKRa\" data-rl_title=\"\" data-rl_caption=\"\" title=\"\"><img loading=\"lazy\" decoding=\"async\" width=\"1024\" height=\"684\" data-id=\"14486\" src=\"https:\/\/www.ff-oepping.at\/cms\/wp-content\/uploads\/2026\/02\/2026-02-14_Kinderfasching_07-1024x684.jpg\" alt=\"\" class=\"wp-image-14486\" srcset=\"https:\/\/www.ff-oepping.at\/cms\/wp-content\/uploads\/2026\/02\/2026-02-14_Kinderfasching_07-1024x684.jpg 1024w, https:\/\/www.ff-oepping.at\/cms\/wp-content\/uploads\/2026\/02\/2026-02-14_Kinderfasching_07-300x200.jpg 300w, https:\/\/www.ff-oepping.at\/cms\/wp-content\/uploads\/2026\/02\/2026-02-14_Kinderfasching_07-768x513.jpg 768w, https:\/\/www.ff-oepping.at\/cms\/wp-content\/uploads\/2026\/02\/2026-02-14_Kinderfasching_07-1536x1025.jpg 1536w, https:\/\/www.ff-oepping.at\/cms\/wp-content\/uploads\/2026\/02\/2026-02-14_Kinderfasching_07-1320x881.jpg 1320w, https:\/\/www.ff-oepping.at\/cms\/wp-content\/uploads\/2026\/02\/2026-02-14_Kinderfasching_07.jpg 2000w\" sizes=\"auto, (max-width: 1024px) 100vw, 1024px\" \/><\/a><\/figure>\n\n\n\n<figure class=\"wp-block-image size-large\"><a href=\"https:\/\/www.ff-oepping.at\/cms\/wp-content\/uploads\/2026\/02\/2026-02-14_Kinderfasching_08.jpg\" data-rel=\"lightbox-gallery-hBiqRKRa\" data-rl_title=\"\" data-rl_caption=\"\" title=\"\"><img loading=\"lazy\" decoding=\"async\" width=\"1024\" height=\"684\" data-id=\"14488\" src=\"https:\/\/www.ff-oepping.at\/cms\/wp-content\/uploads\/2026\/02\/2026-02-14_Kinderfasching_08-1024x684.jpg\" alt=\"\" class=\"wp-image-14488\" srcset=\"https:\/\/www.ff-oepping.at\/cms\/wp-content\/uploads\/2026\/02\/2026-02-14_Kinderfasching_08-1024x684.jpg 1024w, https:\/\/www.ff-oepping.at\/cms\/wp-content\/uploads\/2026\/02\/2026-02-14_Kinderfasching_08-300x200.jpg 300w, https:\/\/www.ff-oepping.at\/cms\/wp-content\/uploads\/2026\/02\/2026-02-14_Kinderfasching_08-768x513.jpg 768w, https:\/\/www.ff-oepping.at\/cms\/wp-content\/uploads\/2026\/02\/2026-02-14_Kinderfasching_08-1536x1025.jpg 1536w, https:\/\/www.ff-oepping.at\/cms\/wp-content\/uploads\/2026\/02\/2026-02-14_Kinderfasching_08-1320x881.jpg 1320w, https:\/\/www.ff-oepping.at\/cms\/wp-content\/uploads\/2026\/02\/2026-02-14_Kinderfasching_08.jpg 2000w\" sizes=\"auto, (max-width: 1024px) 100vw, 1024px\" \/><\/a><\/figure>\n\n\n\n<figure class=\"wp-block-image size-large\"><a href=\"https:\/\/www.ff-oepping.at\/cms\/wp-content\/uploads\/2026\/02\/2026-02-14_Kinderfasching_09.jpg\" data-rel=\"lightbox-gallery-hBiqRKRa\" data-rl_title=\"\" data-rl_caption=\"\" title=\"\"><img loading=\"lazy\" decoding=\"async\" width=\"1024\" height=\"684\" data-id=\"14501\" src=\"https:\/\/www.ff-oepping.at\/cms\/wp-content\/uploads\/2026\/02\/2026-02-14_Kinderfasching_09-1024x684.jpg\" alt=\"\" class=\"wp-image-14501\" srcset=\"https:\/\/www.ff-oepping.at\/cms\/wp-content\/uploads\/2026\/02\/2026-02-14_Kinderfasching_09-1024x684.jpg 1024w, https:\/\/www.ff-oepping.at\/cms\/wp-content\/uploads\/2026\/02\/2026-02-14_Kinderfasching_09-300x200.jpg 300w, https:\/\/www.ff-oepping.at\/cms\/wp-content\/uploads\/2026\/02\/2026-02-14_Kinderfasching_09-768x513.jpg 768w, https:\/\/www.ff-oepping.at\/cms\/wp-content\/uploads\/2026\/02\/2026-02-14_Kinderfasching_09-1536x1025.jpg 1536w, https:\/\/www.ff-oepping.at\/cms\/wp-content\/uploads\/2026\/02\/2026-02-14_Kinderfasching_09-1320x881.jpg 1320w, https:\/\/www.ff-oepping.at\/cms\/wp-content\/uploads\/2026\/02\/2026-02-14_Kinderfasching_09.jpg 2000w\" sizes=\"auto, (max-width: 1024px) 100vw, 1024px\" \/><\/a><\/figure>\n\n\n\n<figure class=\"wp-block-image size-large\"><a href=\"https:\/\/www.ff-oepping.at\/cms\/wp-content\/uploads\/2026\/02\/2026-02-14_Kinderfasching_10.jpg\" data-rel=\"lightbox-gallery-hBiqRKRa\" data-rl_title=\"\" data-rl_caption=\"\" title=\"\"><img loading=\"lazy\" decoding=\"async\" width=\"1024\" height=\"684\" data-id=\"14500\" src=\"https:\/\/www.ff-oepping.at\/cms\/wp-content\/uploads\/2026\/02\/2026-02-14_Kinderfasching_10-1024x684.jpg\" alt=\"\" class=\"wp-image-14500\" srcset=\"https:\/\/www.ff-oepping.at\/cms\/wp-content\/uploads\/2026\/02\/2026-02-14_Kinderfasching_10-1024x684.jpg 1024w, https:\/\/www.ff-oepping.at\/cms\/wp-content\/uploads\/2026\/02\/2026-02-14_Kinderfasching_10-300x200.jpg 300w, https:\/\/www.ff-oepping.at\/cms\/wp-content\/uploads\/2026\/02\/2026-02-14_Kinderfasching_10-768x513.jpg 768w, https:\/\/www.ff-oepping.at\/cms\/wp-content\/uploads\/2026\/02\/2026-02-14_Kinderfasching_10-1536x1025.jpg 1536w, https:\/\/www.ff-oepping.at\/cms\/wp-content\/uploads\/2026\/02\/2026-02-14_Kinderfasching_10-1320x881.jpg 1320w, https:\/\/www.ff-oepping.at\/cms\/wp-content\/uploads\/2026\/02\/2026-02-14_Kinderfasching_10.jpg 2000w\" sizes=\"auto, (max-width: 1024px) 100vw, 1024px\" \/><\/a><\/figure>\n\n\n\n<figure class=\"wp-block-image size-large\"><a href=\"https:\/\/www.ff-oepping.at\/cms\/wp-content\/uploads\/2026\/02\/2026-02-14_Kinderfasching_11.jpg\" data-rel=\"lightbox-gallery-hBiqRKRa\" data-rl_title=\"\" data-rl_caption=\"\" title=\"\"><img loading=\"lazy\" decoding=\"async\" width=\"1024\" height=\"684\" data-id=\"14502\" src=\"https:\/\/www.ff-oepping.at\/cms\/wp-content\/uploads\/2026\/02\/2026-02-14_Kinderfasching_11-1024x684.jpg\" alt=\"\" class=\"wp-image-14502\" srcset=\"https:\/\/www.ff-oepping.at\/cms\/wp-content\/uploads\/2026\/02\/2026-02-14_Kinderfasching_11-1024x684.jpg 1024w, https:\/\/www.ff-oepping.at\/cms\/wp-content\/uploads\/2026\/02\/2026-02-14_Kinderfasching_11-300x200.jpg 300w, https:\/\/www.ff-oepping.at\/cms\/wp-content\/uploads\/2026\/02\/2026-02-14_Kinderfasching_11-768x513.jpg 768w, https:\/\/www.ff-oepping.at\/cms\/wp-content\/uploads\/2026\/02\/2026-02-14_Kinderfasching_11-1536x1025.jpg 1536w, https:\/\/www.ff-oepping.at\/cms\/wp-content\/uploads\/2026\/02\/2026-02-14_Kinderfasching_11-1320x881.jpg 1320w, https:\/\/www.ff-oepping.at\/cms\/wp-content\/uploads\/2026\/02\/2026-02-14_Kinderfasching_11.jpg 2000w\" sizes=\"auto, (max-width: 1024px) 100vw, 1024px\" \/><\/a><\/figure>\n<\/figure>\n","protected":false},"excerpt":{"rendered":"<p>Beim Kinderfasching verwandelte sich der Dorf Saal in Oepping in eine bunte Faschingswelt voller Prinzessinnen, Superhelden, Tiere und fantasievoller Kost\u00fcme. Organisiert wurde der fr\u00f6hliche Nachmittag gemeinsam mit Franz Braunstorfer \u2013&hellip;<\/p>\n","protected":false},"author":3,"featured_media":14489,"comment_status":"open","ping_status":"open","sticky":false,"template":"","format":"standard","meta":{"footnotes":""},"categories":[40,4],"tags":[438,80,440,437,92,441,439],"class_list":["post-14479","post","type-post","status-publish","format-standard","has-post-thumbnail","hentry","category-aktivitaeten","category-die-feuerwehr","tag-fasching","tag-ffoepping","tag-kinder-2","tag-kinderfasching","tag-oepping","tag-spass","tag-unseroepping"],"views":158,"wps_subtitle":"14. Februar 2026","_links":{"self":[{"href":"https:\/\/www.ff-oepping.at\/cms\/wp-json\/wp\/v2\/posts\/14479","targetHints":{"allow":["GET"]}}],"collection":[{"href":"https:\/\/www.ff-oepping.at\/cms\/wp-json\/wp\/v2\/posts"}],"about":[{"href":"https:\/\/www.ff-oepping.at\/cms\/wp-json\/wp\/v2\/types\/post"}],"author":[{"embeddable":true,"href":"https:\/\/www.ff-oepping.at\/cms\/wp-json\/wp\/v2\/users\/3"}],"replies":[{"embeddable":true,"href":"https:\/\/www.ff-oepping.at\/cms\/wp-json\/wp\/v2\/comments?post=14479"}],"version-history":[{"count":20,"href":"https:\/\/www.ff-oepping.at\/cms\/wp-json\/wp\/v2\/posts\/14479\/revisions"}],"predecessor-version":[{"id":14512,"href":"https:\/\/www.ff-oepping.at\/cms\/wp-json\/wp\/v2\/posts\/14479\/revisions\/14512"}],"wp:featuredmedia":[{"embeddable":true,"href":"https:\/\/www.ff-oepping.at\/cms\/wp-json\/wp\/v2\/media\/14489"}],"wp:attachment":[{"href":"https:\/\/www.ff-oepping.at\/cms\/wp-json\/wp\/v2\/media?parent=14479"}],"wp:term":[{"taxonomy":"category","embeddable":true,"href":"https:\/\/www.ff-oepping.at\/cms\/wp-json\/wp\/v2\/categories?post=14479"},{"taxonomy":"post_tag","embeddable":true,"href":"https:\/\/www.ff-oepping.at\/cms\/wp-json\/wp\/v2\/tags?post=14479"}],"curies":[{"name":"wp","href":"https:\/\/api.w.org\/{rel}","templated":true}]}}