{"id":1581,"date":"2007-01-23T20:37:47","date_gmt":"2007-01-23T18:37:47","guid":{"rendered":"http:\/\/www.ff-oepping.at\/wp\/?p=1581"},"modified":"2007-01-23T20:37:47","modified_gmt":"2007-01-23T18:37:47","slug":"natschlager-karl-feiert-80-geburtstag","status":"publish","type":"post","link":"https:\/\/www.ff-oepping.at\/cms\/die-feuerwehr\/natschlager-karl-feiert-80-geburtstag\/","title":{"rendered":"Natschl\u00e4ger Karl feiert 80. Geburtstag"},"content":{"rendered":"<p>Karl Natschl\u00e4ger feierte seinen 80. Geburtstag und die Kommandomitglieder stellten sich als Gratulanten\u00a0mit einer &#8222;Florian-Stutue&#8220; aus Wachs beim Jubilar ein.<br \/>\nDer Jubilar ist nun schon 60 Jahre bei der Feuerwehr und er erz\u00e4hlte, wie es zu seiner Anfangszeit war, als noch R\u00f6sser vor dem Spritzenwagen zu spannen waren und wie m\u00fchselig und oft auch hoffnungslos damals die Einsatzarbeit war.<br \/>\nDas Kommando gratuliert jedenfalls dem r\u00fcstigen 80.er und w\u00fcnscht ihm noch viele Jahre Gesundheit.<br \/>\n<a href=\"http:\/\/www.ff-oepping.at\/cms\/wp-content\/uploads\/2013\/03\/2007NatschlKarl80J_.jpg\" data-rel=\"lightbox-gallery-vPVOVt9f\" data-rl_title=\"\" data-rl_caption=\"\" title=\"\"><img loading=\"lazy\" decoding=\"async\" class=\"alignnone size-full wp-image-1584\" alt=\"2007NatschlKarl80J_\" src=\"http:\/\/www.ff-oepping.at\/cms\/wp-content\/uploads\/2013\/03\/2007NatschlKarl80J_.jpg\" width=\"400\" height=\"286\" srcset=\"https:\/\/www.ff-oepping.at\/cms\/wp-content\/uploads\/2013\/03\/2007NatschlKarl80J_.jpg 400w, https:\/\/www.ff-oepping.at\/cms\/wp-content\/uploads\/2013\/03\/2007NatschlKarl80J_-300x215.jpg 300w\" sizes=\"auto, (max-width: 400px) 100vw, 400px\" \/><\/a><\/p>\n","protected":false},"excerpt":{"rendered":"<p>Karl Natschl\u00e4ger feierte seinen 80. Geburtstag und die Kommandomitglieder stellten sich als Gratulanten\u00a0mit einer &#8222;Florian-Stutue&#8220; aus Wachs beim Jubilar ein. Der Jubilar ist nun schon 60 Jahre bei der Feuerwehr&hellip;<\/p>\n","protected":false},"author":1,"featured_media":1584,"comment_status":"closed","ping_status":"closed","sticky":false,"template":"","format":"standard","meta":{"footnotes":""},"categories":[40,4],"tags":[],"class_list":["post-1581","post","type-post","status-publish","format-standard","has-post-thumbnail","hentry","category-aktivitaeten","category-die-feuerwehr"],"views":960,"wps_subtitle":"","_links":{"self":[{"href":"https:\/\/www.ff-oepping.at\/cms\/wp-json\/wp\/v2\/posts\/1581","targetHints":{"allow":["GET"]}}],"collection":[{"href":"https:\/\/www.ff-oepping.at\/cms\/wp-json\/wp\/v2\/posts"}],"about":[{"href":"https:\/\/www.ff-oepping.at\/cms\/wp-json\/wp\/v2\/types\/post"}],"author":[{"embeddable":true,"href":"https:\/\/www.ff-oepping.at\/cms\/wp-json\/wp\/v2\/users\/1"}],"replies":[{"embeddable":true,"href":"https:\/\/www.ff-oepping.at\/cms\/wp-json\/wp\/v2\/comments?post=1581"}],"version-history":[{"count":0,"href":"https:\/\/www.ff-oepping.at\/cms\/wp-json\/wp\/v2\/posts\/1581\/revisions"}],"wp:featuredmedia":[{"embeddable":true,"href":"https:\/\/www.ff-oepping.at\/cms\/wp-json\/wp\/v2\/media\/1584"}],"wp:attachment":[{"href":"https:\/\/www.ff-oepping.at\/cms\/wp-json\/wp\/v2\/media?parent=1581"}],"wp:term":[{"taxonomy":"category","embeddable":true,"href":"https:\/\/www.ff-oepping.at\/cms\/wp-json\/wp\/v2\/categories?post=1581"},{"taxonomy":"post_tag","embeddable":true,"href":"https:\/\/www.ff-oepping.at\/cms\/wp-json\/wp\/v2\/tags?post=1581"}],"curies":[{"name":"wp","href":"https:\/\/api.w.org\/{rel}","templated":true}]}}