{"id":1587,"date":"2007-04-28T20:39:13","date_gmt":"2007-04-28T18:39:13","guid":{"rendered":"http:\/\/www.ff-oepping.at\/wp\/?p=1587"},"modified":"2007-04-28T20:39:13","modified_gmt":"2007-04-28T18:39:13","slug":"hochzeit-von-anita-und-siegfried-wogerbauer","status":"publish","type":"post","link":"https:\/\/www.ff-oepping.at\/cms\/die-feuerwehr\/hochzeit-von-anita-und-siegfried-wogerbauer\/","title":{"rendered":"Hochzeit von Anita und Siegfried W\u00f6gerbauer"},"content":{"rendered":"<p>Unser Feuerwehrkamerad Siegfried W\u00f6gerbauer hat am Samstag, den 28. April seine Anita zum Traualtar gef\u00fchrt und das Brautpaar hat auch die Feuerwehr zur Hochzeitsfeier herzlich eingeladen.<br \/>\nNach der Hochzeitsmesse musste unser Siegi, der das Technische Hilfeleistungsabzeichen in Gold besitzt, sein K\u00f6nnen unter Beweis stellen und einen K\u00fchlschrank mit Hilfe von Spreizer und Schere \u00f6ffnen.<br \/>\nIm K\u00fchlschrank befanden sich ein Hochzeitsgeschenk und Durstl\u00f6schmittel f\u00fcr das Brautpaar.<br \/>\nAnita assistierte als Maschinistin und bediente das Hydraulikaggregat.<br \/>\nDie Feuerwehr gratuliert jedenfalls dem Brautpaar zur Hochzeit und w\u00fcnscht ihnen Alles Gute auf Ihrem nun gemeinsamen Weg.<br \/>\n<a href=\"http:\/\/www.ff-oepping.at\/cms\/wp-content\/uploads\/2013\/03\/2007_hochzeit_siegi_2.jpg\" data-rel=\"lightbox-gallery-0KPlUIYl\" data-rl_title=\"\" data-rl_caption=\"\" title=\"\"><img loading=\"lazy\" decoding=\"async\" class=\"alignnone size-full wp-image-1589\" alt=\"2007_hochzeit_siegi_2\" src=\"http:\/\/www.ff-oepping.at\/cms\/wp-content\/uploads\/2013\/03\/2007_hochzeit_siegi_2.jpg\" width=\"300\" height=\"400\" srcset=\"https:\/\/www.ff-oepping.at\/cms\/wp-content\/uploads\/2013\/03\/2007_hochzeit_siegi_2.jpg 300w, https:\/\/www.ff-oepping.at\/cms\/wp-content\/uploads\/2013\/03\/2007_hochzeit_siegi_2-225x300.jpg 225w\" sizes=\"auto, (max-width: 300px) 100vw, 300px\" \/><\/a> <a href=\"http:\/\/www.ff-oepping.at\/cms\/wp-content\/uploads\/2013\/03\/2007_hochzeit_siegi_1.jpg\" data-rel=\"lightbox-gallery-0KPlUIYl\" data-rl_title=\"\" data-rl_caption=\"\" title=\"\"><img loading=\"lazy\" decoding=\"async\" class=\"alignnone size-medium wp-image-1590\" alt=\"2007_hochzeit_siegi_1\" src=\"http:\/\/www.ff-oepping.at\/cms\/wp-content\/uploads\/2013\/03\/2007_hochzeit_siegi_1-300x224.jpg\" width=\"300\" height=\"224\" \/><\/a><\/p>\n","protected":false},"excerpt":{"rendered":"<p>Unser Feuerwehrkamerad Siegfried W\u00f6gerbauer hat am Samstag, den 28. April seine Anita zum Traualtar gef\u00fchrt und das Brautpaar hat auch die Feuerwehr zur Hochzeitsfeier herzlich eingeladen. Nach der Hochzeitsmesse musste&hellip;<\/p>\n","protected":false},"author":1,"featured_media":1590,"comment_status":"closed","ping_status":"closed","sticky":false,"template":"","format":"standard","meta":{"footnotes":""},"categories":[40,4],"tags":[],"class_list":["post-1587","post","type-post","status-publish","format-standard","has-post-thumbnail","hentry","category-aktivitaeten","category-die-feuerwehr"],"views":1347,"wps_subtitle":"","_links":{"self":[{"href":"https:\/\/www.ff-oepping.at\/cms\/wp-json\/wp\/v2\/posts\/1587","targetHints":{"allow":["GET"]}}],"collection":[{"href":"https:\/\/www.ff-oepping.at\/cms\/wp-json\/wp\/v2\/posts"}],"about":[{"href":"https:\/\/www.ff-oepping.at\/cms\/wp-json\/wp\/v2\/types\/post"}],"author":[{"embeddable":true,"href":"https:\/\/www.ff-oepping.at\/cms\/wp-json\/wp\/v2\/users\/1"}],"replies":[{"embeddable":true,"href":"https:\/\/www.ff-oepping.at\/cms\/wp-json\/wp\/v2\/comments?post=1587"}],"version-history":[{"count":0,"href":"https:\/\/www.ff-oepping.at\/cms\/wp-json\/wp\/v2\/posts\/1587\/revisions"}],"wp:featuredmedia":[{"embeddable":true,"href":"https:\/\/www.ff-oepping.at\/cms\/wp-json\/wp\/v2\/media\/1590"}],"wp:attachment":[{"href":"https:\/\/www.ff-oepping.at\/cms\/wp-json\/wp\/v2\/media?parent=1587"}],"wp:term":[{"taxonomy":"category","embeddable":true,"href":"https:\/\/www.ff-oepping.at\/cms\/wp-json\/wp\/v2\/categories?post=1587"},{"taxonomy":"post_tag","embeddable":true,"href":"https:\/\/www.ff-oepping.at\/cms\/wp-json\/wp\/v2\/tags?post=1587"}],"curies":[{"name":"wp","href":"https:\/\/api.w.org\/{rel}","templated":true}]}}