{"id":1617,"date":"2007-09-09T20:49:45","date_gmt":"2007-09-09T18:49:45","guid":{"rendered":"http:\/\/www.ff-oepping.at\/wp\/?p=1617"},"modified":"2007-09-09T20:49:45","modified_gmt":"2007-09-09T18:49:45","slug":"feuerwehrausflug-in-die-sudsteiermark","status":"publish","type":"post","link":"https:\/\/www.ff-oepping.at\/cms\/die-feuerwehr\/feuerwehrausflug-in-die-sudsteiermark\/","title":{"rendered":"Feuerwehrausflug in die S\u00fcdsteiermark"},"content":{"rendered":"<p>&#8222;Ab in den S\u00fcden, der Sonne hinterher&#8230;&#8220; hie\u00df es f\u00fcr die 45 Feuerwehrm\u00e4nner und Frauen, die am Samstag, den 08. September p\u00fcnktlich um 05:30 Uhr Oepping mit Ziel S\u00fcdsteiermark verlie\u00dfen. Im M\u00fchlviertel regnete es, in der S\u00fcdsteiermark war das Wetter jedoch sch\u00f6n.<strong><\/strong><br \/>\nFahrtroute und Programm:<br \/>\n1. Tag:<br \/>\n<strong>Abfahrt um 5:30 Uhr von Oepping<\/strong> \u00fcber Linz &#8211; Sattledt &#8211; Pyhrnautobahn &#8211; St. Pankratz (Jause) &#8211; Liezen nach <strong>Graz (Stadtf\u00fchrung).<\/strong><br \/>\nAnschlie\u00dfend Fahrt nach Mettersdorf &#8211; Mittagessen und <strong>Zimmerbezug im Sasstalerhof<\/strong>.<br \/>\nAnschlie\u00dfend <strong>Panoramafahrt s\u00fcdsteirische Weinstra\u00dfe<\/strong> mit Leibnitz, Schloss Seggau und kurzer Buschenschankbesuch.<\/p>\n<p dir=\"ltr\">2. Tag:<\/p>\n<p>Nach dem Fr\u00fchst\u00fcck <strong>Fahrt nach Bairisch K\u00f6lldorf<\/strong> &#8211; Besichtigung des gr\u00f6\u00dften <strong>Feuerwehr(haus)auto<\/strong> der Welt (eingetragen im Guinessbuch).<br \/>\n<a href=\"http:\/\/www.ff-oepping.at\/cms\/wp-content\/uploads\/2007\/09\/2007_feuerwehrausflug.jpg\" data-rel=\"lightbox-gallery-NaPdYDuQ\" data-rl_title=\"\" data-rl_caption=\"\" title=\"\"><img loading=\"lazy\" decoding=\"async\" width=\"500\" height=\"224\" class=\"alignnone size-full wp-image-4345\" alt=\"2007_feuerwehrausflug\" src=\"http:\/\/www.ff-oepping.at\/cms\/wp-content\/uploads\/2007\/09\/2007_feuerwehrausflug.jpg\" srcset=\"https:\/\/www.ff-oepping.at\/cms\/wp-content\/uploads\/2007\/09\/2007_feuerwehrausflug.jpg 500w, https:\/\/www.ff-oepping.at\/cms\/wp-content\/uploads\/2007\/09\/2007_feuerwehrausflug-300x134.jpg 300w\" sizes=\"auto, (max-width: 500px) 100vw, 500px\" \/><\/a><br \/>\n<em>Dieses einzigartige Objekt ist mit einem 3 m gro\u00dfen Feuerwehrmann ausgestattet, der t\u00e4glich mit dem Schlauch \u00fcber das Gel\u00e4nde spritzt. Weiters kann man hier auch das Kinderhaus sowie einen Riesenbriefkasten bewundern<\/em>.<br \/>\n<strong>R\u00fcckfahrt<\/strong> durch die Weitzklamm \u00fcber Passeil &#8211; Teichalm (Kaffeepause) &#8211; Bruck an der Mur &#8211; Leoben &#8211; Trofaiach &#8211; Pr\u00e4bichl &#8211; Eisenerz &#8211; durch das wundersch\u00f6ne Ennstal nach Steyr &#8211; Linz &#8211; Oepping<br \/>\n<a href=\"http:\/\/www.ff-oepping.at\/cms\/wp-content\/uploads\/2013\/03\/2007_Ausflug04.jpg\" data-rel=\"lightbox-gallery-NaPdYDuQ\" data-rl_title=\"\" data-rl_caption=\"\" title=\"\"><img loading=\"lazy\" decoding=\"async\" class=\"alignnone size-medium wp-image-1618\" alt=\"2007_Ausflug04\" src=\"http:\/\/www.ff-oepping.at\/cms\/wp-content\/uploads\/2013\/03\/2007_Ausflug04-300x225.jpg\" width=\"300\" height=\"225\" srcset=\"https:\/\/www.ff-oepping.at\/cms\/wp-content\/uploads\/2013\/03\/2007_Ausflug04-300x225.jpg 300w, https:\/\/www.ff-oepping.at\/cms\/wp-content\/uploads\/2013\/03\/2007_Ausflug04.jpg 560w\" sizes=\"auto, (max-width: 300px) 100vw, 300px\" \/><\/a><br \/>\n&nbsp;<\/p>\n","protected":false},"excerpt":{"rendered":"<p>&#8222;Ab in den S\u00fcden, der Sonne hinterher&#8230;&#8220; hie\u00df es f\u00fcr die 45 Feuerwehrm\u00e4nner und Frauen, die am Samstag, den 08. September p\u00fcnktlich um 05:30 Uhr Oepping mit Ziel S\u00fcdsteiermark verlie\u00dfen.&hellip;<\/p>\n","protected":false},"author":1,"featured_media":4345,"comment_status":"closed","ping_status":"closed","sticky":false,"template":"","format":"standard","meta":{"footnotes":""},"categories":[40,4],"tags":[],"class_list":["post-1617","post","type-post","status-publish","format-standard","has-post-thumbnail","hentry","category-aktivitaeten","category-die-feuerwehr"],"views":2158,"wps_subtitle":"","_links":{"self":[{"href":"https:\/\/www.ff-oepping.at\/cms\/wp-json\/wp\/v2\/posts\/1617","targetHints":{"allow":["GET"]}}],"collection":[{"href":"https:\/\/www.ff-oepping.at\/cms\/wp-json\/wp\/v2\/posts"}],"about":[{"href":"https:\/\/www.ff-oepping.at\/cms\/wp-json\/wp\/v2\/types\/post"}],"author":[{"embeddable":true,"href":"https:\/\/www.ff-oepping.at\/cms\/wp-json\/wp\/v2\/users\/1"}],"replies":[{"embeddable":true,"href":"https:\/\/www.ff-oepping.at\/cms\/wp-json\/wp\/v2\/comments?post=1617"}],"version-history":[{"count":0,"href":"https:\/\/www.ff-oepping.at\/cms\/wp-json\/wp\/v2\/posts\/1617\/revisions"}],"wp:featuredmedia":[{"embeddable":true,"href":"https:\/\/www.ff-oepping.at\/cms\/wp-json\/wp\/v2\/media\/4345"}],"wp:attachment":[{"href":"https:\/\/www.ff-oepping.at\/cms\/wp-json\/wp\/v2\/media?parent=1617"}],"wp:term":[{"taxonomy":"category","embeddable":true,"href":"https:\/\/www.ff-oepping.at\/cms\/wp-json\/wp\/v2\/categories?post=1617"},{"taxonomy":"post_tag","embeddable":true,"href":"https:\/\/www.ff-oepping.at\/cms\/wp-json\/wp\/v2\/tags?post=1617"}],"curies":[{"name":"wp","href":"https:\/\/api.w.org\/{rel}","templated":true}]}}