{"id":1766,"date":"2006-06-16T07:10:26","date_gmt":"2006-06-16T05:10:26","guid":{"rendered":"http:\/\/www.ff-oepping.at\/wp\/?p=1766"},"modified":"2006-06-16T07:10:26","modified_gmt":"2006-06-16T05:10:26","slug":"feuerwehrkamerad-alfred-hoglinger-verstorben","status":"publish","type":"post","link":"https:\/\/www.ff-oepping.at\/cms\/die-feuerwehr\/feuerwehrkamerad-alfred-hoglinger-verstorben\/","title":{"rendered":"Feuerwehrkamerad Alfred H\u00f6glinger verstorben"},"content":{"rendered":"<p>Feuerwehrkamerad Alfred H\u00f6glinger ist am 14. Juni 2006 v\u00f6llig unerwartet im 63. Lebensjahr aus dem Leben geschieden.<br \/>\nDas Begr\u00e4bnis fand am Samstag, 17.06.2006 in Oepping statt. Die Feuerwehr begleitete ihn auf seinem letzten Weg.<br \/>\nH\u00f6glinger Alfred ist am 01. J\u00e4nner 1969 der Feuerwehr Oepping beigetreten und er erwarb noch im gleichen Jahr das Feuerwehrleistungsabzeichen in Bronze und Silber. Im Jahre 1988 wurde er mit der Bezirksmedaille in Bronze ausgezeichnet.\u00a01998 erhielt er im Rahmen der Jahreshauptversammlung die 25-j\u00e4hrige Verdienstmedaille.<br \/>\n<img loading=\"lazy\" decoding=\"async\" class=\"alignnone size-full wp-image-1767\" alt=\"HoeglingerAlfred_\" src=\"http:\/\/www.ff-oepping.at\/cms\/wp-content\/uploads\/2013\/03\/HoeglingerAlfred_.jpg\" width=\"177\" height=\"250\" \/><\/p>\n","protected":false},"excerpt":{"rendered":"<p>Feuerwehrkamerad Alfred H\u00f6glinger ist am 14. Juni 2006 v\u00f6llig unerwartet im 63. Lebensjahr aus dem Leben geschieden. Das Begr\u00e4bnis fand am Samstag, 17.06.2006 in Oepping statt. Die Feuerwehr begleitete ihn&hellip;<\/p>\n","protected":false},"author":2,"featured_media":4399,"comment_status":"closed","ping_status":"closed","sticky":false,"template":"","format":"standard","meta":{"footnotes":""},"categories":[4,28],"tags":[],"class_list":["post-1766","post","type-post","status-publish","format-standard","has-post-thumbnail","hentry","category-die-feuerwehr","category-mitglieder"],"views":1052,"wps_subtitle":"","_links":{"self":[{"href":"https:\/\/www.ff-oepping.at\/cms\/wp-json\/wp\/v2\/posts\/1766","targetHints":{"allow":["GET"]}}],"collection":[{"href":"https:\/\/www.ff-oepping.at\/cms\/wp-json\/wp\/v2\/posts"}],"about":[{"href":"https:\/\/www.ff-oepping.at\/cms\/wp-json\/wp\/v2\/types\/post"}],"author":[{"embeddable":true,"href":"https:\/\/www.ff-oepping.at\/cms\/wp-json\/wp\/v2\/users\/2"}],"replies":[{"embeddable":true,"href":"https:\/\/www.ff-oepping.at\/cms\/wp-json\/wp\/v2\/comments?post=1766"}],"version-history":[{"count":0,"href":"https:\/\/www.ff-oepping.at\/cms\/wp-json\/wp\/v2\/posts\/1766\/revisions"}],"wp:featuredmedia":[{"embeddable":true,"href":"https:\/\/www.ff-oepping.at\/cms\/wp-json\/wp\/v2\/media\/4399"}],"wp:attachment":[{"href":"https:\/\/www.ff-oepping.at\/cms\/wp-json\/wp\/v2\/media?parent=1766"}],"wp:term":[{"taxonomy":"category","embeddable":true,"href":"https:\/\/www.ff-oepping.at\/cms\/wp-json\/wp\/v2\/categories?post=1766"},{"taxonomy":"post_tag","embeddable":true,"href":"https:\/\/www.ff-oepping.at\/cms\/wp-json\/wp\/v2\/tags?post=1766"}],"curies":[{"name":"wp","href":"https:\/\/api.w.org\/{rel}","templated":true}]}}