{"id":1783,"date":"2006-02-21T17:22:56","date_gmt":"2006-02-21T15:22:56","guid":{"rendered":"http:\/\/www.ff-oepping.at\/wp\/?p=1783"},"modified":"2006-02-21T17:22:56","modified_gmt":"2006-02-21T15:22:56","slug":"ehrenkommandant-petrus-mayrhofer-verstorben","status":"publish","type":"post","link":"https:\/\/www.ff-oepping.at\/cms\/die-feuerwehr\/ehrenkommandant-petrus-mayrhofer-verstorben\/","title":{"rendered":"Ehrenkommandant Petrus Mayrhofer verstorben"},"content":{"rendered":"<p>An den Folgen seiner Krankheit und der bereits fortgeschrittenen k\u00f6rperlichen Schw\u00e4che ist unser Feuerwehrkamerad und Ehrenkommandant Petrus Mayrhofer am Stefanitag um 5:00 Uhr fr\u00fch im 80. Lebensjahr verstorben.<br \/>\nPetrus ist am 01.01.1942 der Feuerwehr Oepping beigetreten und \u00fcbernahm von 1946 bis 1953 die Funktion des Schriftf\u00fchrers. Im Jahr 1952 wurde ihm als kommissarischer Leiter bereits die F\u00fchrung der Feuerwehr anvertraut und schlie\u00dflich leitete er von 1953 bis 1973 als Kommandant die Feuerwehr. Im Jahre 1973 \u00fcbernahm er wieder die Funktion des Schriftf\u00fchrers, die er dann 1988 an seinen Sohn Paul weitergab. Bezirkskommandant Erich N\u00f6\u00dflb\u00f6ck w\u00fcrdigte in einem Nachruf die 42-j\u00e4hrige T\u00e4tigkeit des Verstorbenen im Kommando.<br \/>\n<img loading=\"lazy\" decoding=\"async\" class=\"alignnone size-full wp-image-1784\" alt=\"MayrhoferPetrus\" src=\"http:\/\/www.ff-oepping.at\/cms\/wp-content\/uploads\/2013\/03\/MayrhoferPetrus.jpg\" width=\"499\" height=\"345\" srcset=\"https:\/\/www.ff-oepping.at\/cms\/wp-content\/uploads\/2013\/03\/MayrhoferPetrus.jpg 499w, https:\/\/www.ff-oepping.at\/cms\/wp-content\/uploads\/2013\/03\/MayrhoferPetrus-300x207.jpg 300w\" sizes=\"auto, (max-width: 499px) 100vw, 499px\" \/><\/p>\n","protected":false},"excerpt":{"rendered":"<p>An den Folgen seiner Krankheit und der bereits fortgeschrittenen k\u00f6rperlichen Schw\u00e4che ist unser Feuerwehrkamerad und Ehrenkommandant Petrus Mayrhofer am Stefanitag um 5:00 Uhr fr\u00fch im 80. Lebensjahr verstorben. Petrus ist&hellip;<\/p>\n","protected":false},"author":4,"featured_media":1784,"comment_status":"closed","ping_status":"closed","sticky":false,"template":"","format":"standard","meta":{"footnotes":""},"categories":[4,28],"tags":[],"class_list":["post-1783","post","type-post","status-publish","format-standard","has-post-thumbnail","hentry","category-die-feuerwehr","category-mitglieder"],"views":1243,"wps_subtitle":"","_links":{"self":[{"href":"https:\/\/www.ff-oepping.at\/cms\/wp-json\/wp\/v2\/posts\/1783","targetHints":{"allow":["GET"]}}],"collection":[{"href":"https:\/\/www.ff-oepping.at\/cms\/wp-json\/wp\/v2\/posts"}],"about":[{"href":"https:\/\/www.ff-oepping.at\/cms\/wp-json\/wp\/v2\/types\/post"}],"author":[{"embeddable":true,"href":"https:\/\/www.ff-oepping.at\/cms\/wp-json\/wp\/v2\/users\/4"}],"replies":[{"embeddable":true,"href":"https:\/\/www.ff-oepping.at\/cms\/wp-json\/wp\/v2\/comments?post=1783"}],"version-history":[{"count":0,"href":"https:\/\/www.ff-oepping.at\/cms\/wp-json\/wp\/v2\/posts\/1783\/revisions"}],"wp:featuredmedia":[{"embeddable":true,"href":"https:\/\/www.ff-oepping.at\/cms\/wp-json\/wp\/v2\/media\/1784"}],"wp:attachment":[{"href":"https:\/\/www.ff-oepping.at\/cms\/wp-json\/wp\/v2\/media?parent=1783"}],"wp:term":[{"taxonomy":"category","embeddable":true,"href":"https:\/\/www.ff-oepping.at\/cms\/wp-json\/wp\/v2\/categories?post=1783"},{"taxonomy":"post_tag","embeddable":true,"href":"https:\/\/www.ff-oepping.at\/cms\/wp-json\/wp\/v2\/tags?post=1783"}],"curies":[{"name":"wp","href":"https:\/\/api.w.org\/{rel}","templated":true}]}}