{"id":1791,"date":"2006-02-21T17:11:10","date_gmt":"2006-02-21T15:11:10","guid":{"rendered":"http:\/\/www.ff-oepping.at\/wp\/?p=1791"},"modified":"2006-02-21T17:11:10","modified_gmt":"2006-02-21T15:11:10","slug":"kamerad-hermann-gabriel-verstorben","status":"publish","type":"post","link":"https:\/\/www.ff-oepping.at\/cms\/die-feuerwehr\/kamerad-hermann-gabriel-verstorben\/","title":{"rendered":"Kamerad Hermann Gabriel verstorben"},"content":{"rendered":"<p>Unser Feuerwehrkamerad Hermann Gabriel ist am 02. M\u00e4rz 2005 im 83. Lebensjahr verstorben. Eine gro\u00dfe Abordnung unserer Feuerwehr geleitete ihn am Samstag, 05. M\u00e4rz auf seinem letzten Weg.<br \/>\nHermann ist im Jahre 1940 im Alter von 18 Jahren zur Feuerwehr Oepping gekommen und erwarb 1956 das Feuerwehrleistungsabzeichen in Bronze in Rohrbach. Im Jahre 1995 wurde ihm die 50-j\u00e4hrige Verdienstmedaille \u00fcberreicht.<br \/>\nIn den Abschiedsworten bedankte sich Kdt.-Stv. Rudolf Anzinger bei Hermann f\u00fcr seine stete Anteilnahme am Oeppinger Feuerwehrgeschehen.<br \/>\nMit dem \u201eSchloapfa Hermann\u201c\u00a0 haben wir auch ein \u201eOeppinger Original\u201c (Zitat Pfarrer Gerhard Kobler) verloren.<br \/>\n<img loading=\"lazy\" decoding=\"async\" class=\"alignnone size-full wp-image-1792\" alt=\"GabrielHermann\" src=\"http:\/\/www.ff-oepping.at\/cms\/wp-content\/uploads\/2013\/03\/GabrielHermann.jpg\" width=\"500\" height=\"388\" srcset=\"https:\/\/www.ff-oepping.at\/cms\/wp-content\/uploads\/2013\/03\/GabrielHermann.jpg 500w, https:\/\/www.ff-oepping.at\/cms\/wp-content\/uploads\/2013\/03\/GabrielHermann-300x233.jpg 300w\" sizes=\"auto, (max-width: 500px) 100vw, 500px\" \/><\/p>\n","protected":false},"excerpt":{"rendered":"<p>Unser Feuerwehrkamerad Hermann Gabriel ist am 02. M\u00e4rz 2005 im 83. Lebensjahr verstorben. Eine gro\u00dfe Abordnung unserer Feuerwehr geleitete ihn am Samstag, 05. M\u00e4rz auf seinem letzten Weg. Hermann ist&hellip;<\/p>\n","protected":false},"author":4,"featured_media":1792,"comment_status":"closed","ping_status":"closed","sticky":false,"template":"","format":"standard","meta":{"footnotes":""},"categories":[4,28],"tags":[],"class_list":["post-1791","post","type-post","status-publish","format-standard","has-post-thumbnail","hentry","category-die-feuerwehr","category-mitglieder"],"views":1544,"wps_subtitle":"","_links":{"self":[{"href":"https:\/\/www.ff-oepping.at\/cms\/wp-json\/wp\/v2\/posts\/1791","targetHints":{"allow":["GET"]}}],"collection":[{"href":"https:\/\/www.ff-oepping.at\/cms\/wp-json\/wp\/v2\/posts"}],"about":[{"href":"https:\/\/www.ff-oepping.at\/cms\/wp-json\/wp\/v2\/types\/post"}],"author":[{"embeddable":true,"href":"https:\/\/www.ff-oepping.at\/cms\/wp-json\/wp\/v2\/users\/4"}],"replies":[{"embeddable":true,"href":"https:\/\/www.ff-oepping.at\/cms\/wp-json\/wp\/v2\/comments?post=1791"}],"version-history":[{"count":0,"href":"https:\/\/www.ff-oepping.at\/cms\/wp-json\/wp\/v2\/posts\/1791\/revisions"}],"wp:featuredmedia":[{"embeddable":true,"href":"https:\/\/www.ff-oepping.at\/cms\/wp-json\/wp\/v2\/media\/1792"}],"wp:attachment":[{"href":"https:\/\/www.ff-oepping.at\/cms\/wp-json\/wp\/v2\/media?parent=1791"}],"wp:term":[{"taxonomy":"category","embeddable":true,"href":"https:\/\/www.ff-oepping.at\/cms\/wp-json\/wp\/v2\/categories?post=1791"},{"taxonomy":"post_tag","embeddable":true,"href":"https:\/\/www.ff-oepping.at\/cms\/wp-json\/wp\/v2\/tags?post=1791"}],"curies":[{"name":"wp","href":"https:\/\/api.w.org\/{rel}","templated":true}]}}