{"id":1805,"date":"2006-02-21T17:01:37","date_gmt":"2006-02-21T15:01:37","guid":{"rendered":"http:\/\/www.ff-oepping.at\/wp\/?p=1805"},"modified":"2006-02-21T17:01:37","modified_gmt":"2006-02-21T15:01:37","slug":"jugendgruppe-2005","status":"publish","type":"post","link":"https:\/\/www.ff-oepping.at\/cms\/die-feuerwehr\/jugendgruppe-2005\/","title":{"rendered":"Jugendgruppe 2005"},"content":{"rendered":"<p><img loading=\"lazy\" decoding=\"async\" class=\"alignnone size-full wp-image-1806\" alt=\"jugend_gruppenfoto_2004\" src=\"http:\/\/www.ff-oepping.at\/cms\/wp-content\/uploads\/2013\/03\/jugend_gruppenfoto_2004.jpg\" width=\"550\" height=\"413\" srcset=\"https:\/\/www.ff-oepping.at\/cms\/wp-content\/uploads\/2013\/03\/jugend_gruppenfoto_2004.jpg 550w, https:\/\/www.ff-oepping.at\/cms\/wp-content\/uploads\/2013\/03\/jugend_gruppenfoto_2004-300x225.jpg 300w\" sizes=\"auto, (max-width: 550px) 100vw, 550px\" \/><br \/>\n<em>v.l.n.r:<\/em><br \/>\n<em>1. Reihe: Raab Christopher, H\u00f6fler Markus, Gabriel Marco, Schram Florian, Jugendbetreuer H\u00f6glinger Kurt<\/em><br \/>\n<em>2. Reihe: Bei\u00dfmann Manuel, Starlinger Kilian, Leitner Dominik, H\u00f6glinger Fabian, Schaubmayr Stefan<\/em><br \/>\n<em>3. Reihe: Kdt. Helmut Reischl, Sonnleitner Tobias, Simmel Johannes, Stockinger Patrik, Gabriel Michael, Sonnleitner Dominik, Betreuer Gabriel Martin<\/em><br \/>\n<em>Die weiteren Neuzug\u00e4nge 2005 befinden sich in der\u00a0<a title=\"Jugend\" href=\"http:\/\/www.ff-oepping.at\/cms\/category\/jugend\/\">Rubrik Jugend.<\/a><\/em><\/p>\n","protected":false},"excerpt":{"rendered":"<p>v.l.n.r: 1. Reihe: Raab Christopher, H\u00f6fler Markus, Gabriel Marco, Schram Florian, Jugendbetreuer H\u00f6glinger Kurt 2. Reihe: Bei\u00dfmann Manuel, Starlinger Kilian, Leitner Dominik, H\u00f6glinger Fabian, Schaubmayr Stefan 3. Reihe: Kdt. Helmut&hellip;<\/p>\n","protected":false},"author":4,"featured_media":1806,"comment_status":"closed","ping_status":"closed","sticky":false,"template":"","format":"standard","meta":{"footnotes":""},"categories":[4,28],"tags":[],"class_list":["post-1805","post","type-post","status-publish","format-standard","has-post-thumbnail","hentry","category-die-feuerwehr","category-mitglieder"],"views":1220,"wps_subtitle":"","_links":{"self":[{"href":"https:\/\/www.ff-oepping.at\/cms\/wp-json\/wp\/v2\/posts\/1805","targetHints":{"allow":["GET"]}}],"collection":[{"href":"https:\/\/www.ff-oepping.at\/cms\/wp-json\/wp\/v2\/posts"}],"about":[{"href":"https:\/\/www.ff-oepping.at\/cms\/wp-json\/wp\/v2\/types\/post"}],"author":[{"embeddable":true,"href":"https:\/\/www.ff-oepping.at\/cms\/wp-json\/wp\/v2\/users\/4"}],"replies":[{"embeddable":true,"href":"https:\/\/www.ff-oepping.at\/cms\/wp-json\/wp\/v2\/comments?post=1805"}],"version-history":[{"count":0,"href":"https:\/\/www.ff-oepping.at\/cms\/wp-json\/wp\/v2\/posts\/1805\/revisions"}],"wp:featuredmedia":[{"embeddable":true,"href":"https:\/\/www.ff-oepping.at\/cms\/wp-json\/wp\/v2\/media\/1806"}],"wp:attachment":[{"href":"https:\/\/www.ff-oepping.at\/cms\/wp-json\/wp\/v2\/media?parent=1805"}],"wp:term":[{"taxonomy":"category","embeddable":true,"href":"https:\/\/www.ff-oepping.at\/cms\/wp-json\/wp\/v2\/categories?post=1805"},{"taxonomy":"post_tag","embeddable":true,"href":"https:\/\/www.ff-oepping.at\/cms\/wp-json\/wp\/v2\/tags?post=1805"}],"curies":[{"name":"wp","href":"https:\/\/api.w.org\/{rel}","templated":true}]}}