{"id":1948,"date":"2009-06-25T14:09:27","date_gmt":"2009-06-25T12:09:27","guid":{"rendered":"http:\/\/www.ff-oepping.at\/wp\/?p=1948"},"modified":"2009-06-25T14:09:27","modified_gmt":"2009-06-25T12:09:27","slug":"pfarrer-mag-paulus-manlik-neuer-landeskurat-des-oo-roten-kreuzes","status":"publish","type":"post","link":"https:\/\/www.ff-oepping.at\/cms\/die-feuerwehr\/pfarrer-mag-paulus-manlik-neuer-landeskurat-des-oo-roten-kreuzes\/","title":{"rendered":"Pfarrer Mag. Paulus Manlik &#8211; Neuer Landeskurat des O\u00d6. Roten Kreuzes"},"content":{"rendered":"<p>Mit einer Messfeier in der Ursulinenkirche wurde die feierliche Einf\u00fchrung unseres Pfarrers Mag. Paulus Manlik als 1. Kurat des O\u00d6. Roten Kreuzes begangen. Die Messfeier\u00a0wurde durch Di\u00f6zesanbischof Ludwig\u00a0Schwarz\u00a0unter Assistenz\u00a0des\u00a0Abtes des Stiftes Schl\u00e4gl Martin Fellhofer und Pfarrer Paulus gehalten. Musikalisch umrahmt wurde die Messe vom Rohrbacher Stadtchor. Durch das Programm f\u00fchrte der Pr\u00e4sident des O\u00d6. Roten Kreuzes, Herr Leo Pallwein-Prettner. Neben dem Kommando der Feuerwehr Oepping waren auch die Bezirkshauptfrau HR Dr. Wilbirg Mitterlehner und B\u00fcrgermeister Willi Peinbauer unter den Besuchern. Zahlreiche weitere Prominenz und die vielen Rot-Kreuz-Mitarbeiter f\u00fcllten\u00a0schlie\u00dflich die Ursulinenkirche.<br \/>\nNach der Messfeier lud die Landesleitung des Roten Kreuzes zu einem kleinen Imbiss in den Klosterhof.<br \/>\nDie Feuerwehr gratuliert jedenfalls Pfarrer Paulus zu seiner Bestellung zum Landeskurat und w\u00fcscht ihm bei seiner T\u00e4tigkeit viel Erfolg.<br \/>\n<a href=\"http:\/\/www.ff-oepping.at\/cms\/wp-content\/uploads\/2013\/03\/2009_PaulusAmtseinf_hrung_Landeskurat.jpg\" data-rel=\"lightbox-gallery-VGdRHIJY\" data-rl_title=\"\" data-rl_caption=\"\" title=\"\"><img loading=\"lazy\" decoding=\"async\" class=\"alignnone size-medium wp-image-1949\" alt=\"2009_PaulusAmtseinf_hrung_Landeskurat\" src=\"http:\/\/www.ff-oepping.at\/cms\/wp-content\/uploads\/2013\/03\/2009_PaulusAmtseinf_hrung_Landeskurat-300x225.jpg\" width=\"300\" height=\"225\" srcset=\"https:\/\/www.ff-oepping.at\/cms\/wp-content\/uploads\/2013\/03\/2009_PaulusAmtseinf_hrung_Landeskurat-300x225.jpg 300w, https:\/\/www.ff-oepping.at\/cms\/wp-content\/uploads\/2013\/03\/2009_PaulusAmtseinf_hrung_Landeskurat.jpg 500w\" sizes=\"auto, (max-width: 300px) 100vw, 300px\" \/><\/a><\/p>\n","protected":false},"excerpt":{"rendered":"<p>Mit einer Messfeier in der Ursulinenkirche wurde die feierliche Einf\u00fchrung unseres Pfarrers Mag. Paulus Manlik als 1. Kurat des O\u00d6. Roten Kreuzes begangen. Die Messfeier\u00a0wurde durch Di\u00f6zesanbischof Ludwig\u00a0Schwarz\u00a0unter Assistenz\u00a0des\u00a0Abtes des&hellip;<\/p>\n","protected":false},"author":5,"featured_media":1949,"comment_status":"closed","ping_status":"closed","sticky":false,"template":"","format":"standard","meta":{"footnotes":""},"categories":[40,4],"tags":[],"class_list":["post-1948","post","type-post","status-publish","format-standard","has-post-thumbnail","hentry","category-aktivitaeten","category-die-feuerwehr"],"views":1362,"wps_subtitle":"","_links":{"self":[{"href":"https:\/\/www.ff-oepping.at\/cms\/wp-json\/wp\/v2\/posts\/1948","targetHints":{"allow":["GET"]}}],"collection":[{"href":"https:\/\/www.ff-oepping.at\/cms\/wp-json\/wp\/v2\/posts"}],"about":[{"href":"https:\/\/www.ff-oepping.at\/cms\/wp-json\/wp\/v2\/types\/post"}],"author":[{"embeddable":true,"href":"https:\/\/www.ff-oepping.at\/cms\/wp-json\/wp\/v2\/users\/5"}],"replies":[{"embeddable":true,"href":"https:\/\/www.ff-oepping.at\/cms\/wp-json\/wp\/v2\/comments?post=1948"}],"version-history":[{"count":0,"href":"https:\/\/www.ff-oepping.at\/cms\/wp-json\/wp\/v2\/posts\/1948\/revisions"}],"wp:featuredmedia":[{"embeddable":true,"href":"https:\/\/www.ff-oepping.at\/cms\/wp-json\/wp\/v2\/media\/1949"}],"wp:attachment":[{"href":"https:\/\/www.ff-oepping.at\/cms\/wp-json\/wp\/v2\/media?parent=1948"}],"wp:term":[{"taxonomy":"category","embeddable":true,"href":"https:\/\/www.ff-oepping.at\/cms\/wp-json\/wp\/v2\/categories?post=1948"},{"taxonomy":"post_tag","embeddable":true,"href":"https:\/\/www.ff-oepping.at\/cms\/wp-json\/wp\/v2\/tags?post=1948"}],"curies":[{"name":"wp","href":"https:\/\/api.w.org\/{rel}","templated":true}]}}