{"id":1973,"date":"2009-12-04T14:18:22","date_gmt":"2009-12-04T12:18:22","guid":{"rendered":"http:\/\/www.ff-oepping.at\/wp\/?p=1973"},"modified":"2009-12-04T14:18:22","modified_gmt":"2009-12-04T12:18:22","slug":"weihnachtsfeier-im-feuerwehrhaus","status":"publish","type":"post","link":"https:\/\/www.ff-oepping.at\/cms\/die-feuerwehr\/weihnachtsfeier-im-feuerwehrhaus\/","title":{"rendered":"Weihnachtsfeier im Feuerwehrhaus"},"content":{"rendered":"<p>Ein arbeitsreiches Jahr neigt sich dem Ende zu. Neben dem Oeppinger Zeltfest war im Jahr 2009 auch der Abschnittsbewerb reibungslos \u00fcber die B\u00fchne zu bringen.<br \/>\nEinen gem\u00fctlichen Ausklang fand das Feuerwehrjahr anl\u00e4sslich der Weihnachtsfeier am 04. Dezember im Feuerwehrhaus. \u00dcber 70 Feuerwehrmitglieder folgten der Einladung des Kommandos.<br \/>\nDer Kommandant bedankte sich f\u00fcr die erbrachten Leistungen und alle anwesenden Kameradinnen und Kameraden erhielten ein kleines Geschenk.<br \/>\nBei Buffet, Punsch und Kuchen wurden dann neue Pl\u00e4ne f\u00fcr das kommende Jahr geschmiedet.<br \/>\n<a href=\"http:\/\/www.ff-oepping.at\/cms\/wp-content\/uploads\/2013\/03\/2009_weihnachtsfeier1.jpg\" data-rel=\"lightbox-gallery-4DRGhasJ\" data-rl_title=\"\" data-rl_caption=\"\" title=\"\"><img loading=\"lazy\" decoding=\"async\" class=\"alignnone size-thumbnail wp-image-1974\" alt=\"2009_weihnachtsfeier1\" src=\"http:\/\/www.ff-oepping.at\/cms\/wp-content\/uploads\/2013\/03\/2009_weihnachtsfeier1-150x150.jpg\" width=\"150\" height=\"150\" \/><\/a> <a href=\"http:\/\/www.ff-oepping.at\/cms\/wp-content\/uploads\/2013\/03\/2009_weihnachtsfeier2.jpg\" data-rel=\"lightbox-gallery-4DRGhasJ\" data-rl_title=\"\" data-rl_caption=\"\" title=\"\"><img loading=\"lazy\" decoding=\"async\" class=\"alignnone size-thumbnail wp-image-1975\" alt=\"2009_weihnachtsfeier2\" src=\"http:\/\/www.ff-oepping.at\/cms\/wp-content\/uploads\/2013\/03\/2009_weihnachtsfeier2-150x150.jpg\" width=\"150\" height=\"150\" \/><\/a> <a href=\"http:\/\/www.ff-oepping.at\/cms\/wp-content\/uploads\/2013\/03\/2009_weihnachtsfeier3.jpg\" data-rel=\"lightbox-gallery-4DRGhasJ\" data-rl_title=\"\" data-rl_caption=\"\" title=\"\"><img loading=\"lazy\" decoding=\"async\" class=\"alignnone size-thumbnail wp-image-1976\" alt=\"2009_weihnachtsfeier3\" src=\"http:\/\/www.ff-oepping.at\/cms\/wp-content\/uploads\/2013\/03\/2009_weihnachtsfeier3-150x150.jpg\" width=\"150\" height=\"150\" \/><\/a><\/p>\n","protected":false},"excerpt":{"rendered":"<p>Ein arbeitsreiches Jahr neigt sich dem Ende zu. Neben dem Oeppinger Zeltfest war im Jahr 2009 auch der Abschnittsbewerb reibungslos \u00fcber die B\u00fchne zu bringen. Einen gem\u00fctlichen Ausklang fand das&hellip;<\/p>\n","protected":false},"author":5,"featured_media":1976,"comment_status":"closed","ping_status":"closed","sticky":false,"template":"","format":"standard","meta":{"footnotes":""},"categories":[40,4],"tags":[],"class_list":["post-1973","post","type-post","status-publish","format-standard","has-post-thumbnail","hentry","category-aktivitaeten","category-die-feuerwehr"],"views":886,"wps_subtitle":"","_links":{"self":[{"href":"https:\/\/www.ff-oepping.at\/cms\/wp-json\/wp\/v2\/posts\/1973","targetHints":{"allow":["GET"]}}],"collection":[{"href":"https:\/\/www.ff-oepping.at\/cms\/wp-json\/wp\/v2\/posts"}],"about":[{"href":"https:\/\/www.ff-oepping.at\/cms\/wp-json\/wp\/v2\/types\/post"}],"author":[{"embeddable":true,"href":"https:\/\/www.ff-oepping.at\/cms\/wp-json\/wp\/v2\/users\/5"}],"replies":[{"embeddable":true,"href":"https:\/\/www.ff-oepping.at\/cms\/wp-json\/wp\/v2\/comments?post=1973"}],"version-history":[{"count":0,"href":"https:\/\/www.ff-oepping.at\/cms\/wp-json\/wp\/v2\/posts\/1973\/revisions"}],"wp:featuredmedia":[{"embeddable":true,"href":"https:\/\/www.ff-oepping.at\/cms\/wp-json\/wp\/v2\/media\/1976"}],"wp:attachment":[{"href":"https:\/\/www.ff-oepping.at\/cms\/wp-json\/wp\/v2\/media?parent=1973"}],"wp:term":[{"taxonomy":"category","embeddable":true,"href":"https:\/\/www.ff-oepping.at\/cms\/wp-json\/wp\/v2\/categories?post=1973"},{"taxonomy":"post_tag","embeddable":true,"href":"https:\/\/www.ff-oepping.at\/cms\/wp-json\/wp\/v2\/tags?post=1973"}],"curies":[{"name":"wp","href":"https:\/\/api.w.org\/{rel}","templated":true}]}}