{"id":1983,"date":"2010-01-05T14:23:16","date_gmt":"2010-01-05T12:23:16","guid":{"rendered":"http:\/\/www.ff-oepping.at\/wp\/?p=1983"},"modified":"2010-01-05T14:23:16","modified_gmt":"2010-01-05T12:23:16","slug":"nachtwanderung-der-feuerwehren-gotzendorf-und-oepping","status":"publish","type":"post","link":"https:\/\/www.ff-oepping.at\/cms\/die-feuerwehr\/nachtwanderung-der-feuerwehren-gotzendorf-und-oepping\/","title":{"rendered":"Nachtwanderung der Feuerwehren G\u00f6tzendorf und Oepping"},"content":{"rendered":"<p>P\u00fcnktlich um 19.30 Uhr starteten rund 30 Personen beim Oeppinger Feuerwehrhaus mit dem Ziel Gumpenberg. Die Route f\u00fchrte \u00fcber Hochreit, Berlesreith Grafened und Marbach nach Gumpenberg. Bei\u00a0rund 7 Grad unter Null war warme Kleidung ein Muss. Nach einer knappen\u00a0Stunde Gehzeit erreichte man die Garage der Fam. Natschl\u00e4ger, wo bereits unsere Kameradinnen Elfriede und Petra mit warmen Getr\u00e4nken warteten. Nach einem gem\u00fctlichen Plausch mit den G\u00f6tzendorfer Feuerwehrkollegen ging&#8217;s wieder zur\u00fcck Richtung Oepping, wobei hier noch ein Stopp beim M\u00e4rzinger Alois in Salaberg eingelegt wurde. In der geheizten Werkst\u00e4tte wurden noch Kesselheisse aufgetischt und so konnte der 1. Infoabend des Jahres 2010 gem\u00fctlich ausklingen.<br \/>\n<a href=\"http:\/\/www.ff-oepping.at\/cms\/wp-content\/uploads\/2013\/03\/2010_nachtwanderung_2.jpg\" data-rel=\"lightbox-gallery-txsxFUlE\" data-rl_title=\"\" data-rl_caption=\"\" title=\"\"><img loading=\"lazy\" decoding=\"async\" class=\"alignnone size-full wp-image-1984\" alt=\"2010_nachtwanderung_2\" src=\"http:\/\/www.ff-oepping.at\/cms\/wp-content\/uploads\/2013\/03\/2010_nachtwanderung_2.jpg\" width=\"275\" height=\"206\" \/><\/a> <a href=\"http:\/\/www.ff-oepping.at\/cms\/wp-content\/uploads\/2013\/03\/2010_nachtwanderung_3.jpg\" data-rel=\"lightbox-gallery-txsxFUlE\" data-rl_title=\"\" data-rl_caption=\"\" title=\"\"><img loading=\"lazy\" decoding=\"async\" class=\"alignnone size-full wp-image-1985\" alt=\"2010_nachtwanderung_3\" src=\"http:\/\/www.ff-oepping.at\/cms\/wp-content\/uploads\/2013\/03\/2010_nachtwanderung_3.jpg\" width=\"275\" height=\"206\" \/><\/a> <a href=\"http:\/\/www.ff-oepping.at\/cms\/wp-content\/uploads\/2013\/03\/2010_nachtwanderung_4.jpg\" data-rel=\"lightbox-gallery-txsxFUlE\" data-rl_title=\"\" data-rl_caption=\"\" title=\"\"><img loading=\"lazy\" decoding=\"async\" class=\"alignnone size-full wp-image-1986\" alt=\"2010_nachtwanderung_4\" src=\"http:\/\/www.ff-oepping.at\/cms\/wp-content\/uploads\/2013\/03\/2010_nachtwanderung_4.jpg\" width=\"275\" height=\"206\" \/><\/a> <a href=\"http:\/\/www.ff-oepping.at\/cms\/wp-content\/uploads\/2013\/03\/2010_nachtwanderung_5.jpg\" data-rel=\"lightbox-gallery-txsxFUlE\" data-rl_title=\"\" data-rl_caption=\"\" title=\"\"><img loading=\"lazy\" decoding=\"async\" class=\"alignnone size-full wp-image-1987\" alt=\"2010_nachtwanderung_5\" src=\"http:\/\/www.ff-oepping.at\/cms\/wp-content\/uploads\/2013\/03\/2010_nachtwanderung_5.jpg\" width=\"275\" height=\"206\" \/><\/a> <a href=\"http:\/\/www.ff-oepping.at\/cms\/wp-content\/uploads\/2013\/03\/2010_nachtwanderung_6.jpg\" data-rel=\"lightbox-gallery-txsxFUlE\" data-rl_title=\"\" data-rl_caption=\"\" title=\"\"><img loading=\"lazy\" decoding=\"async\" class=\"alignnone size-full wp-image-1988\" alt=\"2010_nachtwanderung_6\" src=\"http:\/\/www.ff-oepping.at\/cms\/wp-content\/uploads\/2013\/03\/2010_nachtwanderung_6.jpg\" width=\"275\" height=\"206\" \/><\/a> <a href=\"http:\/\/www.ff-oepping.at\/cms\/wp-content\/uploads\/2013\/03\/2010_nachtwanderung_1.jpg\" data-rel=\"lightbox-gallery-txsxFUlE\" data-rl_title=\"\" data-rl_caption=\"\" title=\"\"><img loading=\"lazy\" decoding=\"async\" class=\"alignnone size-full wp-image-1989\" alt=\"2010_nachtwanderung_1\" src=\"http:\/\/www.ff-oepping.at\/cms\/wp-content\/uploads\/2013\/03\/2010_nachtwanderung_1.jpg\" width=\"275\" height=\"206\" \/><\/a><\/p>\n","protected":false},"excerpt":{"rendered":"<p>P\u00fcnktlich um 19.30 Uhr starteten rund 30 Personen beim Oeppinger Feuerwehrhaus mit dem Ziel Gumpenberg. Die Route f\u00fchrte \u00fcber Hochreit, Berlesreith Grafened und Marbach nach Gumpenberg. Bei\u00a0rund 7 Grad unter&hellip;<\/p>\n","protected":false},"author":5,"featured_media":1988,"comment_status":"closed","ping_status":"closed","sticky":false,"template":"","format":"standard","meta":{"footnotes":""},"categories":[40,4],"tags":[],"class_list":["post-1983","post","type-post","status-publish","format-standard","has-post-thumbnail","hentry","category-aktivitaeten","category-die-feuerwehr"],"views":901,"wps_subtitle":"","_links":{"self":[{"href":"https:\/\/www.ff-oepping.at\/cms\/wp-json\/wp\/v2\/posts\/1983","targetHints":{"allow":["GET"]}}],"collection":[{"href":"https:\/\/www.ff-oepping.at\/cms\/wp-json\/wp\/v2\/posts"}],"about":[{"href":"https:\/\/www.ff-oepping.at\/cms\/wp-json\/wp\/v2\/types\/post"}],"author":[{"embeddable":true,"href":"https:\/\/www.ff-oepping.at\/cms\/wp-json\/wp\/v2\/users\/5"}],"replies":[{"embeddable":true,"href":"https:\/\/www.ff-oepping.at\/cms\/wp-json\/wp\/v2\/comments?post=1983"}],"version-history":[{"count":0,"href":"https:\/\/www.ff-oepping.at\/cms\/wp-json\/wp\/v2\/posts\/1983\/revisions"}],"wp:featuredmedia":[{"embeddable":true,"href":"https:\/\/www.ff-oepping.at\/cms\/wp-json\/wp\/v2\/media\/1988"}],"wp:attachment":[{"href":"https:\/\/www.ff-oepping.at\/cms\/wp-json\/wp\/v2\/media?parent=1983"}],"wp:term":[{"taxonomy":"category","embeddable":true,"href":"https:\/\/www.ff-oepping.at\/cms\/wp-json\/wp\/v2\/categories?post=1983"},{"taxonomy":"post_tag","embeddable":true,"href":"https:\/\/www.ff-oepping.at\/cms\/wp-json\/wp\/v2\/tags?post=1983"}],"curies":[{"name":"wp","href":"https:\/\/api.w.org\/{rel}","templated":true}]}}