{"id":1999,"date":"2010-01-08T14:31:08","date_gmt":"2010-01-08T12:31:08","guid":{"rendered":"http:\/\/www.ff-oepping.at\/wp\/?p=1999"},"modified":"2010-01-08T14:31:08","modified_gmt":"2010-01-08T12:31:08","slug":"jahreshauptversammlung-3","status":"publish","type":"post","link":"https:\/\/www.ff-oepping.at\/cms\/die-feuerwehr\/jahreshauptversammlung-3\/","title":{"rendered":"Jahreshauptversammlung"},"content":{"rendered":"<p>72 Feuerwehrmitglieder folgten der Einladung unseres Kommandanten zu unserer Jahreshauptversammlung. Der Einladung folgten auch B\u00fcrgermeister Willi Peinbauer, Pfarrer Mag. Paulus Manlik, Abschnittskommandant BR Josef \u00d6ller sowie\u00a0Kdt. Scheuer Ludwig und AW Alois H\u00f6ller von der FF G\u00f6tzendorf. Unter den Besuchern war auch AW Anzinger Ernst &#8211; Zeugwart der FF Kirchbach,\u00a0der als Mitglied einer Oeppinger Bewerbsgruppe gerne zum Feuerwehrr\u00fcckblick gekommen ist. Einmal mehr wurde mittels Powerpointpr\u00e4sentation auf ein arbeitsreiches und auch erfolgreiches Jahr R\u00fcckschau gehalten.<br \/>\n<a href=\"http:\/\/www.ff-oepping.at\/cms\/wp-content\/uploads\/2013\/03\/2010_JHV-1.jpg\" data-rel=\"lightbox-gallery-ZNb5vuYa\" data-rl_title=\"\" data-rl_caption=\"\" title=\"\"><img loading=\"lazy\" decoding=\"async\" class=\"alignnone size-full wp-image-2000\" alt=\"2010_JHV-1\" src=\"http:\/\/www.ff-oepping.at\/cms\/wp-content\/uploads\/2013\/03\/2010_JHV-1.jpg\" width=\"250\" height=\"188\" \/><\/a> <a href=\"http:\/\/www.ff-oepping.at\/cms\/wp-content\/uploads\/2013\/03\/2010_JHV-2.jpg\" data-rel=\"lightbox-gallery-ZNb5vuYa\" data-rl_title=\"\" data-rl_caption=\"\" title=\"\"><img loading=\"lazy\" decoding=\"async\" class=\"alignnone size-medium wp-image-2001\" alt=\"2010_JHV-2\" src=\"http:\/\/www.ff-oepping.at\/cms\/wp-content\/uploads\/2013\/03\/2010_JHV-2-300x225.jpg\" width=\"300\" height=\"225\" srcset=\"https:\/\/www.ff-oepping.at\/cms\/wp-content\/uploads\/2013\/03\/2010_JHV-2-300x225.jpg 300w, https:\/\/www.ff-oepping.at\/cms\/wp-content\/uploads\/2013\/03\/2010_JHV-2.jpg 500w\" sizes=\"auto, (max-width: 300px) 100vw, 300px\" \/><\/a> <a href=\"http:\/\/www.ff-oepping.at\/cms\/wp-content\/uploads\/2013\/03\/2010_JHV-3.jpg\" data-rel=\"lightbox-gallery-ZNb5vuYa\" data-rl_title=\"\" data-rl_caption=\"\" title=\"\"><img loading=\"lazy\" decoding=\"async\" class=\"alignnone size-medium wp-image-2002\" alt=\"2010_JHV-3\" src=\"http:\/\/www.ff-oepping.at\/cms\/wp-content\/uploads\/2013\/03\/2010_JHV-3.jpg\" width=\"250\" height=\"188\" \/><\/a><\/p>\n","protected":false},"excerpt":{"rendered":"<p>72 Feuerwehrmitglieder folgten der Einladung unseres Kommandanten zu unserer Jahreshauptversammlung. Der Einladung folgten auch B\u00fcrgermeister Willi Peinbauer, Pfarrer Mag. Paulus Manlik, Abschnittskommandant BR Josef \u00d6ller sowie\u00a0Kdt. Scheuer Ludwig und AW&hellip;<\/p>\n","protected":false},"author":5,"featured_media":2001,"comment_status":"closed","ping_status":"closed","sticky":false,"template":"","format":"standard","meta":{"footnotes":""},"categories":[40,4],"tags":[],"class_list":["post-1999","post","type-post","status-publish","format-standard","has-post-thumbnail","hentry","category-aktivitaeten","category-die-feuerwehr"],"views":818,"wps_subtitle":"","_links":{"self":[{"href":"https:\/\/www.ff-oepping.at\/cms\/wp-json\/wp\/v2\/posts\/1999","targetHints":{"allow":["GET"]}}],"collection":[{"href":"https:\/\/www.ff-oepping.at\/cms\/wp-json\/wp\/v2\/posts"}],"about":[{"href":"https:\/\/www.ff-oepping.at\/cms\/wp-json\/wp\/v2\/types\/post"}],"author":[{"embeddable":true,"href":"https:\/\/www.ff-oepping.at\/cms\/wp-json\/wp\/v2\/users\/5"}],"replies":[{"embeddable":true,"href":"https:\/\/www.ff-oepping.at\/cms\/wp-json\/wp\/v2\/comments?post=1999"}],"version-history":[{"count":0,"href":"https:\/\/www.ff-oepping.at\/cms\/wp-json\/wp\/v2\/posts\/1999\/revisions"}],"wp:featuredmedia":[{"embeddable":true,"href":"https:\/\/www.ff-oepping.at\/cms\/wp-json\/wp\/v2\/media\/2001"}],"wp:attachment":[{"href":"https:\/\/www.ff-oepping.at\/cms\/wp-json\/wp\/v2\/media?parent=1999"}],"wp:term":[{"taxonomy":"category","embeddable":true,"href":"https:\/\/www.ff-oepping.at\/cms\/wp-json\/wp\/v2\/categories?post=1999"},{"taxonomy":"post_tag","embeddable":true,"href":"https:\/\/www.ff-oepping.at\/cms\/wp-json\/wp\/v2\/tags?post=1999"}],"curies":[{"name":"wp","href":"https:\/\/api.w.org\/{rel}","templated":true}]}}