{"id":2016,"date":"2010-05-02T14:49:53","date_gmt":"2010-05-02T12:49:53","guid":{"rendered":"http:\/\/www.ff-oepping.at\/wp\/?p=2016"},"modified":"2010-05-02T14:49:53","modified_gmt":"2010-05-02T12:49:53","slug":"florianiausruckung-6","status":"publish","type":"post","link":"https:\/\/www.ff-oepping.at\/cms\/die-feuerwehr\/florianiausruckung-6\/","title":{"rendered":"Florianiausr\u00fcckung"},"content":{"rendered":"<p>Der Einladung unseres Kommandanten zur j\u00e4hrlichen Florianiausr\u00fcckung waren diesmal besonders viele Feuerwehrmitglieder gefolgt. So konnte sich auch Pfarrer Paulus Manlik \u00fcber eine volle Kirche besonders freuen. Im Anschluss an die feierliche Messe wurde im Gasthaus Simmel eingekehrt, wo verschiedene Auszeichnungen\u00a0durch Abschnittskommandant\u00a0\u00d6ller Sepp\u00a0und B\u00fcrgermeister Willi Peinbauer \u00fcberreicht wurden.<br \/>\nZun\u00e4chst erhielt die Jugend die Erprobungsstreifen:<br \/>\n<strong><span style=\"text-decoration: underline;\">1. Erprobung<\/span><\/strong>:<br \/>\nReischl Christina<br \/>\nMandl Christina<br \/>\nSpindlbalker Nadine<br \/>\nKeinberger Christoph<br \/>\nKeinberger Tobias<br \/>\n<strong><span style=\"text-decoration: underline;\">2. Erprobung<\/span><\/strong>:<br \/>\nH\u00f6glinger Dominik<br \/>\nPernsteiner Hannes<br \/>\nH\u00f6glinger Harald<br \/>\n<strong><span style=\"text-decoration: underline;\">3. Erprobung<\/span><\/strong>:<br \/>\nSchaubmayr Tanja<br \/>\nBei\u00dfmann Michael<br \/>\nH\u00f6fler Tanja<br \/>\nH\u00f6glinger Manuel<br \/>\n<strong><span style=\"text-decoration: underline;\">4. Erprobung<\/span><\/strong>:<br \/>\nGabriel Lukas<br \/>\nMandl Madeleine<br \/>\nSchaubmayr Katrin<br \/>\nBarth Rebecca<br \/>\n<strong><span style=\"text-decoration: underline;\">Jugend-Leistungsabzeichen in Gold<\/span><\/strong>:<br \/>\nLeitner Dominik<br \/>\nH\u00f6glinger Fabian<br \/>\nGabriel Marco<br \/>\nStarlinger Kilian<br \/>\nH\u00f6fler Markus<br \/>\nBei\u00dfmann Manuel<br \/>\nGleichzeitig wurden die 6 Jungfeuerwehrm\u00e4nner, die heuer in den Aktivstand \u00fcbernommen werden, angelobt.<br \/>\n<strong><span style=\"text-decoration: underline;\">Angelobung Jugendmitglieder<\/span><\/strong>:<br \/>\nMandl Christina<br \/>\nReischl Christina<br \/>\nSpindlbalker Nadine<br \/>\nKeinberger Christoph<br \/>\nKeinberger Tobias<br \/>\n<strong><span style=\"text-decoration: underline;\">Vorstellung Neuzug\u00e4nge<\/span><\/strong>:<br \/>\nBrandl David (Oepping 71)<br \/>\nH\u00f6fler Rene (Oberneudorf 1)<br \/>\nReischl Christoph (Obergr\u00fcnau 4)<br \/>\nGabriel Julian\u00a0(Untergr\u00fcnau 31)<br \/>\nGabriel Mathias (Untergr\u00fcnau 54)<br \/>\n<strong><span style=\"text-decoration: underline;\">Bef\u00f6rderungen<\/span><\/strong>:<br \/>\nzum HFM: Simmel Andreas\u00a0und Peinbauer Heinz<br \/>\nzum OFM: Mandl Petra, Schaubmayr Elfriede und Simmel Johannes<br \/>\nEin besondere Bef\u00f6rderung gabs f\u00fcr unseren Michael Natschl\u00e4ger. Dieser wurde am 05.02.2010 zum Oberamtswalter f\u00fcr EDV im Abschnittskommando Rohrbach bestellt. Wir gratulieren recht herzlich.<\/p>\n","protected":false},"excerpt":{"rendered":"<p>Der Einladung unseres Kommandanten zur j\u00e4hrlichen Florianiausr\u00fcckung waren diesmal besonders viele Feuerwehrmitglieder gefolgt. So konnte sich auch Pfarrer Paulus Manlik \u00fcber eine volle Kirche besonders freuen. Im Anschluss an die&hellip;<\/p>\n","protected":false},"author":5,"featured_media":0,"comment_status":"closed","ping_status":"closed","sticky":false,"template":"","format":"standard","meta":{"footnotes":""},"categories":[40,4],"tags":[],"class_list":["post-2016","post","type-post","status-publish","format-standard","hentry","category-aktivitaeten","category-die-feuerwehr"],"views":906,"wps_subtitle":"","_links":{"self":[{"href":"https:\/\/www.ff-oepping.at\/cms\/wp-json\/wp\/v2\/posts\/2016","targetHints":{"allow":["GET"]}}],"collection":[{"href":"https:\/\/www.ff-oepping.at\/cms\/wp-json\/wp\/v2\/posts"}],"about":[{"href":"https:\/\/www.ff-oepping.at\/cms\/wp-json\/wp\/v2\/types\/post"}],"author":[{"embeddable":true,"href":"https:\/\/www.ff-oepping.at\/cms\/wp-json\/wp\/v2\/users\/5"}],"replies":[{"embeddable":true,"href":"https:\/\/www.ff-oepping.at\/cms\/wp-json\/wp\/v2\/comments?post=2016"}],"version-history":[{"count":0,"href":"https:\/\/www.ff-oepping.at\/cms\/wp-json\/wp\/v2\/posts\/2016\/revisions"}],"wp:attachment":[{"href":"https:\/\/www.ff-oepping.at\/cms\/wp-json\/wp\/v2\/media?parent=2016"}],"wp:term":[{"taxonomy":"category","embeddable":true,"href":"https:\/\/www.ff-oepping.at\/cms\/wp-json\/wp\/v2\/categories?post=2016"},{"taxonomy":"post_tag","embeddable":true,"href":"https:\/\/www.ff-oepping.at\/cms\/wp-json\/wp\/v2\/tags?post=2016"}],"curies":[{"name":"wp","href":"https:\/\/api.w.org\/{rel}","templated":true}]}}