{"id":2020,"date":"2010-05-22T14:54:47","date_gmt":"2010-05-22T12:54:47","guid":{"rendered":"http:\/\/www.ff-oepping.at\/wp\/?p=2020"},"modified":"2010-05-22T14:54:47","modified_gmt":"2010-05-22T12:54:47","slug":"naderhirn-johann-feiert-85-geburtstag","status":"publish","type":"post","link":"https:\/\/www.ff-oepping.at\/cms\/die-feuerwehr\/naderhirn-johann-feiert-85-geburtstag\/","title":{"rendered":"Naderhirn Johann feiert 85. Geburtstag"},"content":{"rendered":"<p>Gemeinsam mit dem Kameradschaftsbund besuchte das Kommando unseren Kameraden Johann Naderhirn im Altersheim in Aigen und gratulierte ihm zum 85. Geburtstag. Gleichzeitig \u00fcberreichte Kommandant Reischl dem Jubilar eine Ehrenurkunde f\u00fcr 60 j\u00e4hrige Mitgliedschaft zur Feuerwehr.<br \/>\n<a href=\"http:\/\/www.ff-oepping.at\/cms\/wp-content\/uploads\/2013\/03\/2010_NaderhirnJohann85_2.jpg\" data-rel=\"lightbox-gallery-MX5l9NnA\" data-rl_title=\"\" data-rl_caption=\"\" title=\"\"><img loading=\"lazy\" decoding=\"async\" class=\"alignnone size-medium wp-image-2021\" alt=\"2010_NaderhirnJohann85_2\" src=\"http:\/\/www.ff-oepping.at\/cms\/wp-content\/uploads\/2013\/03\/2010_NaderhirnJohann85_2-300x154.jpg\" width=\"300\" height=\"154\" \/><\/a><\/p>\n","protected":false},"excerpt":{"rendered":"<p>Gemeinsam mit dem Kameradschaftsbund besuchte das Kommando unseren Kameraden Johann Naderhirn im Altersheim in Aigen und gratulierte ihm zum 85. Geburtstag. Gleichzeitig \u00fcberreichte Kommandant Reischl dem Jubilar eine Ehrenurkunde f\u00fcr&hellip;<\/p>\n","protected":false},"author":5,"featured_media":2021,"comment_status":"closed","ping_status":"closed","sticky":false,"template":"","format":"standard","meta":{"footnotes":""},"categories":[40,4],"tags":[],"class_list":["post-2020","post","type-post","status-publish","format-standard","has-post-thumbnail","hentry","category-aktivitaeten","category-die-feuerwehr"],"views":909,"wps_subtitle":"","_links":{"self":[{"href":"https:\/\/www.ff-oepping.at\/cms\/wp-json\/wp\/v2\/posts\/2020","targetHints":{"allow":["GET"]}}],"collection":[{"href":"https:\/\/www.ff-oepping.at\/cms\/wp-json\/wp\/v2\/posts"}],"about":[{"href":"https:\/\/www.ff-oepping.at\/cms\/wp-json\/wp\/v2\/types\/post"}],"author":[{"embeddable":true,"href":"https:\/\/www.ff-oepping.at\/cms\/wp-json\/wp\/v2\/users\/5"}],"replies":[{"embeddable":true,"href":"https:\/\/www.ff-oepping.at\/cms\/wp-json\/wp\/v2\/comments?post=2020"}],"version-history":[{"count":0,"href":"https:\/\/www.ff-oepping.at\/cms\/wp-json\/wp\/v2\/posts\/2020\/revisions"}],"wp:featuredmedia":[{"embeddable":true,"href":"https:\/\/www.ff-oepping.at\/cms\/wp-json\/wp\/v2\/media\/2021"}],"wp:attachment":[{"href":"https:\/\/www.ff-oepping.at\/cms\/wp-json\/wp\/v2\/media?parent=2020"}],"wp:term":[{"taxonomy":"category","embeddable":true,"href":"https:\/\/www.ff-oepping.at\/cms\/wp-json\/wp\/v2\/categories?post=2020"},{"taxonomy":"post_tag","embeddable":true,"href":"https:\/\/www.ff-oepping.at\/cms\/wp-json\/wp\/v2\/tags?post=2020"}],"curies":[{"name":"wp","href":"https:\/\/api.w.org\/{rel}","templated":true}]}}