{"id":2269,"date":"2006-02-21T15:40:03","date_gmt":"2006-02-21T13:40:03","guid":{"rendered":"http:\/\/www.ff-oepping.at\/wp\/?p=2269"},"modified":"2006-02-21T15:40:03","modified_gmt":"2006-02-21T13:40:03","slug":"jugendgruppe-oepping","status":"publish","type":"post","link":"https:\/\/www.ff-oepping.at\/cms\/jugend\/jugendgruppe-oepping\/","title":{"rendered":"Jugendgruppe Oepping"},"content":{"rendered":"<p>Unsere Feuerwehr hat sich zum Ziel gesetzt, nun auch in Oepping eine Jugendgruppe zu gr\u00fcnden und hat zu diesem Zweck die 10 bis 14j\u00e4hrigen Kids zu einem Infoabend am 23. April 2004 ins Feuerwehrhaus eingeladen. Zu diesem ersten Treffen hatten sich zun\u00e4chst einmal rund 10 interessierte M\u00e4dchen und Burschen mit ihren Eltern eingefunden, um sich \u00fcber die Jugendarbeit in der Feuerwehr zu informieren. Die Gr\u00fcndung nahm dann rasch konkrete Formen an und in der Zwischenzeit sind bereits 14 Burschen der Jugendgruppe beigetreten. Die M\u00e4dchen sind leider wieder abgesprungen. Beim Fr\u00fchschoppen im Rahmen des Oeppinger Zeltfestes am 16. Mai 2004 wurden die jungen Feuerwehrm\u00e4nner der Bev\u00f6lkerung vorgestellt.<br \/>\n<a href=\"http:\/\/www.ff-oepping.at\/cms\/wp-content\/uploads\/2013\/03\/jugend_gruppenfoto_20041.jpg\" data-rel=\"lightbox-gallery-WAoxTQUR\" data-rl_title=\"\" data-rl_caption=\"\" title=\"\"><img loading=\"lazy\" decoding=\"async\" class=\"alignnone size-medium wp-image-2270\" alt=\"jugend_gruppenfoto_2004\" src=\"http:\/\/www.ff-oepping.at\/cms\/wp-content\/uploads\/2013\/03\/jugend_gruppenfoto_20041-300x225.jpg\" width=\"300\" height=\"225\" srcset=\"https:\/\/www.ff-oepping.at\/cms\/wp-content\/uploads\/2013\/03\/jugend_gruppenfoto_20041-300x225.jpg 300w, https:\/\/www.ff-oepping.at\/cms\/wp-content\/uploads\/2013\/03\/jugend_gruppenfoto_20041.jpg 550w\" sizes=\"auto, (max-width: 300px) 100vw, 300px\" \/><\/a><br \/>\n1. Reihe (v.l.n.r.): Raab Christopher, H\u00f6fler Markus, Gabriel Marco, Schram Florian, Jugendbetreuer\u00a0H\u00f6glinger Kurt<br \/>\n2. Reihe: Bei\u00dfmann Manuel, Starlinger Kilian, Leitner Dominik, H\u00f6glinger Fabian, Schaubmayr Stefan<br \/>\n3. Reihe: Kdt. Helmut Reischl, Sonnleitner Tobias, Simmel Johannes, Stockinger Patrik, Gabriel Michael, Sonnleitner Dominik, Betreuer Gabriel Martin<br \/>\nDie Jugendbetreuer sind Gabriel Martin, Untergr\u00fcnau 54, H\u00f6glinger Kurt, Untergr\u00fcnau 44 und KDT-Stv. Anzinger Rudolf, Haugsberg 16.<br \/>\nDie Mitglieder:<br \/>\n<img loading=\"lazy\" decoding=\"async\" class=\"alignnone  wp-image-2285\" alt=\"BeissmannManuel\" src=\"http:\/\/www.ff-oepping.at\/cms\/wp-content\/uploads\/2006\/02\/BeissmannManuel.jpg\" width=\"110\" height=\"148\" \/><img loading=\"lazy\" decoding=\"async\" class=\"alignnone  wp-image-2286\" alt=\"GabrielMarco\" src=\"http:\/\/www.ff-oepping.at\/cms\/wp-content\/uploads\/2006\/02\/GabrielMarco.jpg\" width=\"93\" height=\"146\" \/><img loading=\"lazy\" decoding=\"async\" class=\"alignnone size-full wp-image-2284\" alt=\"2-GabrielMichael\" src=\"http:\/\/www.ff-oepping.at\/cms\/wp-content\/uploads\/2006\/02\/2-GabrielMichael.jpg\" width=\"95\" height=\"146\" \/><img loading=\"lazy\" decoding=\"async\" class=\"alignnone  wp-image-2273\" alt=\"HoeflerMarkus\" src=\"http:\/\/www.ff-oepping.at\/cms\/wp-content\/uploads\/2006\/02\/HoeflerMarkus.jpg\" width=\"96\" height=\"146\" \/><br \/>\n<img loading=\"lazy\" decoding=\"async\" class=\"alignnone size-medium wp-image-2274\" alt=\"HoeglingerFabian\" src=\"http:\/\/www.ff-oepping.at\/cms\/wp-content\/uploads\/2006\/02\/HoeglingerFabian.jpg\" width=\"97\" height=\"146\" \/><img loading=\"lazy\" decoding=\"async\" class=\"alignnone size-medium wp-image-2275\" alt=\"LeitnerDominik\" src=\"http:\/\/www.ff-oepping.at\/cms\/wp-content\/uploads\/2006\/02\/LeitnerDominik.jpg\" width=\"102\" height=\"147\" \/><img loading=\"lazy\" decoding=\"async\" class=\"alignnone size-medium wp-image-2276\" alt=\"RaabChristopher\" src=\"http:\/\/www.ff-oepping.at\/cms\/wp-content\/uploads\/2006\/02\/RaabChristopher.jpg\" width=\"96\" height=\"147\" \/><img loading=\"lazy\" decoding=\"async\" class=\"alignnone size-medium wp-image-2277\" alt=\"SchaubmayrStefan\" src=\"http:\/\/www.ff-oepping.at\/cms\/wp-content\/uploads\/2006\/02\/SchaubmayrStefan.jpg\" width=\"106\" height=\"146\" \/><br \/>\n<img loading=\"lazy\" decoding=\"async\" class=\"alignnone size-medium wp-image-2278\" alt=\"SchramFlorian\" src=\"http:\/\/www.ff-oepping.at\/cms\/wp-content\/uploads\/2006\/02\/SchramFlorian.jpg\" width=\"101\" height=\"149\" \/><img loading=\"lazy\" decoding=\"async\" class=\"alignnone size-medium wp-image-2279\" alt=\"SimmelJohannes\" src=\"http:\/\/www.ff-oepping.at\/cms\/wp-content\/uploads\/2006\/02\/SimmelJohannes.jpg\" width=\"96\" height=\"149\" \/><img loading=\"lazy\" decoding=\"async\" class=\"alignnone size-medium wp-image-2280\" alt=\"SonnleitnerDominik\" src=\"http:\/\/www.ff-oepping.at\/cms\/wp-content\/uploads\/2006\/02\/SonnleitnerDominik.jpg\" width=\"100\" height=\"148\" \/><img loading=\"lazy\" decoding=\"async\" class=\"alignnone size-medium wp-image-2281\" alt=\"SonnleitnerTobias\" src=\"http:\/\/www.ff-oepping.at\/cms\/wp-content\/uploads\/2006\/02\/SonnleitnerTobias.jpg\" width=\"98\" height=\"148\" \/><br \/>\n<img loading=\"lazy\" decoding=\"async\" class=\"alignnone size-medium wp-image-2282\" alt=\"StarlingerKilian\" src=\"http:\/\/www.ff-oepping.at\/cms\/wp-content\/uploads\/2006\/02\/StarlingerKilian.jpg\" width=\"101\" height=\"151\" \/><img loading=\"lazy\" decoding=\"async\" class=\"alignnone size-medium wp-image-2283\" alt=\"StockingerPatrik\" src=\"http:\/\/www.ff-oepping.at\/cms\/wp-content\/uploads\/2006\/02\/StockingerPatrik.jpg\" width=\"101\" height=\"149\" \/><\/p>\n","protected":false},"excerpt":{"rendered":"<p>Unsere Feuerwehr hat sich zum Ziel gesetzt, nun auch in Oepping eine Jugendgruppe zu gr\u00fcnden und hat zu diesem Zweck die 10 bis 14j\u00e4hrigen Kids zu einem Infoabend am 23.&hellip;<\/p>\n","protected":false},"author":4,"featured_media":2270,"comment_status":"closed","ping_status":"closed","sticky":false,"template":"","format":"standard","meta":{"footnotes":""},"categories":[21],"tags":[],"class_list":["post-2269","post","type-post","status-publish","format-standard","has-post-thumbnail","hentry","category-jugend"],"views":1417,"wps_subtitle":"","_links":{"self":[{"href":"https:\/\/www.ff-oepping.at\/cms\/wp-json\/wp\/v2\/posts\/2269","targetHints":{"allow":["GET"]}}],"collection":[{"href":"https:\/\/www.ff-oepping.at\/cms\/wp-json\/wp\/v2\/posts"}],"about":[{"href":"https:\/\/www.ff-oepping.at\/cms\/wp-json\/wp\/v2\/types\/post"}],"author":[{"embeddable":true,"href":"https:\/\/www.ff-oepping.at\/cms\/wp-json\/wp\/v2\/users\/4"}],"replies":[{"embeddable":true,"href":"https:\/\/www.ff-oepping.at\/cms\/wp-json\/wp\/v2\/comments?post=2269"}],"version-history":[{"count":0,"href":"https:\/\/www.ff-oepping.at\/cms\/wp-json\/wp\/v2\/posts\/2269\/revisions"}],"wp:featuredmedia":[{"embeddable":true,"href":"https:\/\/www.ff-oepping.at\/cms\/wp-json\/wp\/v2\/media\/2270"}],"wp:attachment":[{"href":"https:\/\/www.ff-oepping.at\/cms\/wp-json\/wp\/v2\/media?parent=2269"}],"wp:term":[{"taxonomy":"category","embeddable":true,"href":"https:\/\/www.ff-oepping.at\/cms\/wp-json\/wp\/v2\/categories?post=2269"},{"taxonomy":"post_tag","embeddable":true,"href":"https:\/\/www.ff-oepping.at\/cms\/wp-json\/wp\/v2\/tags?post=2269"}],"curies":[{"name":"wp","href":"https:\/\/api.w.org\/{rel}","templated":true}]}}