{"id":2318,"date":"2006-02-21T16:06:58","date_gmt":"2006-02-21T14:06:58","guid":{"rendered":"http:\/\/www.ff-oepping.at\/wp\/?p=2318"},"modified":"2006-02-21T16:06:58","modified_gmt":"2006-02-21T14:06:58","slug":"neue-mitglieder-bei-der-jugend","status":"publish","type":"post","link":"https:\/\/www.ff-oepping.at\/cms\/jugend\/neue-mitglieder-bei-der-jugend\/","title":{"rendered":"Neue Mitglieder bei der Jugend"},"content":{"rendered":"<p>Die Feuerwehr Oepping lud die 10 j\u00e4hrigen am Ostermontag, 28. M\u00e4rz 2005 zu einem Informationsabend ins Feuerwehrhaus ein, um ihnen die Feuerwehrjugend schmackhaft zu machen. Folgende M\u00e4dchen und Burschen sind schlie\u00dflich unserer Feuerwehr beigetreten und so z\u00e4hlt unsere Feuerwehr schon 100 Mitglieder:<\/p>\n<table border=\"1\">\n<tbody>\n<tr>\n<td>\u00a0<img loading=\"lazy\" decoding=\"async\" class=\"alignnone size-medium wp-image-2321\" alt=\"MandlMadeleine\" src=\"http:\/\/www.ff-oepping.at\/cms\/wp-content\/uploads\/2013\/03\/MandlMadeleine-227x300.jpg\" width=\"108\" height=\"143\" \/><\/td>\n<td>\u00a0<img loading=\"lazy\" decoding=\"async\" class=\"alignnone size-medium wp-image-2320\" alt=\"GabrielLukas\" src=\"http:\/\/www.ff-oepping.at\/cms\/wp-content\/uploads\/2013\/03\/GabrielLukas-215x300.jpg\" width=\"101\" height=\"142\" srcset=\"https:\/\/www.ff-oepping.at\/cms\/wp-content\/uploads\/2013\/03\/GabrielLukas-215x300.jpg 215w, https:\/\/www.ff-oepping.at\/cms\/wp-content\/uploads\/2013\/03\/GabrielLukas.jpg 310w\" sizes=\"auto, (max-width: 101px) 100vw, 101px\" \/><\/td>\n<td>\n<p align=\"center\">\u00a0<img loading=\"lazy\" decoding=\"async\" class=\"alignnone size-medium wp-image-2323\" alt=\"ZachRene\" src=\"http:\/\/www.ff-oepping.at\/cms\/wp-content\/uploads\/2013\/03\/ZachRene-188x300.jpg\" width=\"88\" height=\"142\" \/><\/p>\n<\/td>\n<\/tr>\n<tr>\n<td>\u00a0Mandl Madeleine<br \/>\nUntergr\u00fcnau 55<\/td>\n<td>\u00a0Gabriel Lukas<br \/>\nUntergr\u00fcnau 54<\/td>\n<td>\u00a0Zach Rene<br \/>\nOepping 80\/4<\/td>\n<\/tr>\n<\/tbody>\n<\/table>\n<p>&nbsp;<\/p>\n<table border=\"1\">\n<tbody>\n<tr>\n<td>\u00a0<img loading=\"lazy\" decoding=\"async\" class=\"alignnone size-full wp-image-2319\" alt=\"BarthRebecca\" src=\"http:\/\/www.ff-oepping.at\/cms\/wp-content\/uploads\/2013\/03\/BarthRebecca.jpg\" width=\"93\" height=\"140\" \/><\/td>\n<td>\n<p align=\"center\">\u00a0<img loading=\"lazy\" decoding=\"async\" class=\"alignnone size-full wp-image-2322\" alt=\"SchaubmayrKatrin\" src=\"http:\/\/www.ff-oepping.at\/cms\/wp-content\/uploads\/2013\/03\/SchaubmayrKatrin.jpg\" width=\"94\" height=\"137\" \/><\/p>\n<\/td>\n<\/tr>\n<tr>\n<td>\n<p align=\"center\">\u00a0Barth Rebecca<br \/>\nKimmerting 1<\/p>\n<\/td>\n<td>\n<p align=\"center\">\u00a0Schaubmayr Katrin<br \/>\nOberneudorf 7<\/p>\n<\/td>\n<\/tr>\n<\/tbody>\n<\/table>\n","protected":false},"excerpt":{"rendered":"<p>Die Feuerwehr Oepping lud die 10 j\u00e4hrigen am Ostermontag, 28. M\u00e4rz 2005 zu einem Informationsabend ins Feuerwehrhaus ein, um ihnen die Feuerwehrjugend schmackhaft zu machen. Folgende M\u00e4dchen und Burschen sind&hellip;<\/p>\n","protected":false},"author":1,"featured_media":0,"comment_status":"closed","ping_status":"closed","sticky":false,"template":"","format":"standard","meta":{"footnotes":""},"categories":[21],"tags":[],"class_list":["post-2318","post","type-post","status-publish","format-standard","hentry","category-jugend"],"views":1092,"wps_subtitle":"","_links":{"self":[{"href":"https:\/\/www.ff-oepping.at\/cms\/wp-json\/wp\/v2\/posts\/2318","targetHints":{"allow":["GET"]}}],"collection":[{"href":"https:\/\/www.ff-oepping.at\/cms\/wp-json\/wp\/v2\/posts"}],"about":[{"href":"https:\/\/www.ff-oepping.at\/cms\/wp-json\/wp\/v2\/types\/post"}],"author":[{"embeddable":true,"href":"https:\/\/www.ff-oepping.at\/cms\/wp-json\/wp\/v2\/users\/1"}],"replies":[{"embeddable":true,"href":"https:\/\/www.ff-oepping.at\/cms\/wp-json\/wp\/v2\/comments?post=2318"}],"version-history":[{"count":0,"href":"https:\/\/www.ff-oepping.at\/cms\/wp-json\/wp\/v2\/posts\/2318\/revisions"}],"wp:attachment":[{"href":"https:\/\/www.ff-oepping.at\/cms\/wp-json\/wp\/v2\/media?parent=2318"}],"wp:term":[{"taxonomy":"category","embeddable":true,"href":"https:\/\/www.ff-oepping.at\/cms\/wp-json\/wp\/v2\/categories?post=2318"},{"taxonomy":"post_tag","embeddable":true,"href":"https:\/\/www.ff-oepping.at\/cms\/wp-json\/wp\/v2\/tags?post=2318"}],"curies":[{"name":"wp","href":"https:\/\/api.w.org\/{rel}","templated":true}]}}